{"id":41961,"date":"2025-06-17T17:08:44","date_gmt":"2025-06-17T21:08:44","guid":{"rendered":"https:\/\/www.munimacul.cl\/portalnv\/?p=41961"},"modified":"2025-06-17T17:22:54","modified_gmt":"2025-06-17T21:22:54","slug":"feria-multicultural-de-arte-y-cultura-trajo-lo-mejor-de-los-pueblos-ancestrales","status":"publish","type":"post","link":"https:\/\/www.munimacul.cl\/portalnv\/index.php\/2025\/06\/17\/feria-multicultural-de-arte-y-cultura-trajo-lo-mejor-de-los-pueblos-ancestrales\/","title":{"rendered":"Feria multicultural de arte y cultura trajo lo mejor de los pueblos ancestrales"},"content":{"rendered":"\t\t<div data-elementor-type=\"wp-post\" data-elementor-id=\"41961\" class=\"elementor elementor-41961\" data-elementor-post-type=\"post\">\n\t\t\t\t\t\t<section class=\"has_eae_slider elementor-section elementor-top-section elementor-element elementor-element-58c533c elementor-section-boxed elementor-section-height-default elementor-section-height-default\" data-eae-slider=\"82896\" data-id=\"58c533c\" data-element_type=\"section\" data-e-type=\"section\">\n\t\t\t\t\t\t<div class=\"elementor-container elementor-column-gap-default\">\n\t\t\t\t\t<div class=\"has_eae_slider elementor-column elementor-col-100 elementor-top-column elementor-element elementor-element-5e0b4ed\" data-eae-slider=\"15526\" data-id=\"5e0b4ed\" data-element_type=\"column\" data-e-type=\"column\" data-settings=\"{&quot;background_background&quot;:&quot;classic&quot;}\">\n\t\t\t<div class=\"elementor-widget-wrap elementor-element-populated\">\n\t\t\t\t\t\t<div class=\"elementor-element elementor-element-89453b4 elementor-widget elementor-widget-heading\" data-id=\"89453b4\" data-element_type=\"widget\" data-e-type=\"widget\" data-widget_type=\"heading.default\">\n\t\t\t\t<div class=\"elementor-widget-container\">\n\t\t\t\t\t<h2 class=\"elementor-heading-title elementor-size-default\">FERIA MULTICULTURAL DE ARTE Y CULTURA TRAJO LO MEJOR <br>DE LOS PUEBLOS ANCESTRALES<\/h2>\t\t\t\t<\/div>\n\t\t\t\t<\/div>\n\t\t\t\t\t<\/div>\n\t\t<\/div>\n\t\t\t\t\t<\/div>\n\t\t<\/section>\n\t\t\t\t<section class=\"has_eae_slider elementor-section elementor-top-section elementor-element elementor-element-faae3ce elementor-section-boxed elementor-section-height-default elementor-section-height-default\" data-eae-slider=\"91256\" data-id=\"faae3ce\" data-element_type=\"section\" data-e-type=\"section\">\n\t\t\t\t\t\t<div class=\"elementor-container elementor-column-gap-default\">\n\t\t\t\t\t<div class=\"has_eae_slider elementor-column elementor-col-100 elementor-top-column elementor-element elementor-element-c457b0f\" data-eae-slider=\"40805\" data-id=\"c457b0f\" data-element_type=\"column\" data-e-type=\"column\">\n\t\t\t<div class=\"elementor-widget-wrap elementor-element-populated\">\n\t\t\t\t\t\t<div class=\"elementor-element elementor-element-f96235d elementor-widget elementor-widget-text-editor\" data-id=\"f96235d\" data-element_type=\"widget\" data-e-type=\"widget\" data-widget_type=\"text-editor.default\">\n\t\t\t\t<div class=\"elementor-widget-container\">\n\t\t\t\t\t\t\t\t\t<p>El Castillo Municipal fue epicentro de esta instancia realizada durante la segunda semana\u00a0<span style=\"color: var( --e-global-color-text );\">de junio, como forma de relevar el mes de los Pueblos Originarios, distinguiendo el gran\u00a0<\/span><span style=\"color: var( --e-global-color-text );\">legado cultural e hist\u00f3rico de nuestros pueblos de ancestrales.<\/span><\/p>\t\t\t\t\t\t\t\t<\/div>\n\t\t\t\t<\/div>\n\t\t\t\t\t<\/div>\n\t\t<\/div>\n\t\t\t\t\t<\/div>\n\t\t<\/section>\n\t\t\t\t<section class=\"has_eae_slider elementor-section elementor-top-section elementor-element elementor-element-63db922 elementor-section-boxed elementor-section-height-default elementor-section-height-default\" data-eae-slider=\"74546\" data-id=\"63db922\" data-element_type=\"section\" data-e-type=\"section\">\n\t\t\t\t\t\t<div class=\"elementor-container elementor-column-gap-default\">\n\t\t\t\t\t<div class=\"has_eae_slider elementor-column elementor-col-50 elementor-top-column elementor-element elementor-element-de0509a\" data-eae-slider=\"66815\" data-id=\"de0509a\" data-element_type=\"column\" data-e-type=\"column\">\n\t\t\t<div class=\"elementor-widget-wrap elementor-element-populated\">\n\t\t\t\t\t\t<div class=\"elementor-element elementor-element-44f19f6 elementor-widget elementor-widget-text-editor\" data-id=\"44f19f6\" data-element_type=\"widget\" data-e-type=\"widget\" data-widget_type=\"text-editor.default\">\n\t\t\t\t<div class=\"elementor-widget-container\">\n\t\t\t\t\t\t\t\t\t<p>En el marco del mes de los Pueblos Originarios, una instancia urbana lleg\u00f3 para relevar la\u00a0<span style=\"color: var( --e-global-color-text );\">importancia de lo que se releva durante este mes de junio. El frontis del Castillo Municipal acogi\u00f3\u00a0<\/span><span style=\"color: var( --e-global-color-text );\">la Feria multicultural de arte y cultura de los pueblos ancestrales y originarios.<\/span><\/p><p>Esta importante intervenci\u00f3n tuvo como objetivo, generar un espacio donde los cultores\u00a0<span style=\"color: var( --e-global-color-text );\">artesanos, que participan en el centro cultural ceremonial de Macul, pudieran promover sus\u00a0<\/span><span style=\"color: var( --e-global-color-text );\">creaciones en artesan\u00eda. Eso incluye desde tejido, cocina, talabarter\u00eda y orfebrer\u00eda, adem\u00e1s de\u00a0<\/span><span style=\"color: var( --e-global-color-text );\">hierbas medicinales culinarias, danzas y m\u00fasica con pertinencia cultural entre otras.<\/span><\/p><p>Es importante recordar que cada 21 de junio se celebra el A\u00f1o Nuevo Mapuche, enmarcado en el\u00a0<span style=\"color: var( --e-global-color-text );\">solsticio de invierno, que da el inicio a un nuevo ciclo de la naturaleza, la renovaci\u00f3n de la vida y la\u00a0<\/span><span style=\"color: var( --e-global-color-text );\">esperanza del regreso del sol. Para los Pueblos Originarios, no es s\u00f3lo un cambio de estaci\u00f3n, sino\u00a0<\/span><span style=\"color: var( --e-global-color-text );\">un evento de profundo significado espiritual y cultural.\u00a0<\/span><\/p><p>Olga Herrera, encargada del Programa Municipal de Pueblos Originarios, explic\u00f3 c\u00f3mo se enmarca\u00a0<span style=\"color: var( --e-global-color-text );\">esta feria en el Mes de los Pueblos Originarios. \u201cEs solo la primera parte de lo que ser\u00e1 la\u00a0<\/span><span style=\"color: var( --e-global-color-text );\">conmemoraci\u00f3n de estos d\u00edas tan importantes para nosotros. Es una forma de dar a conocer a los\u00a0<\/span><span style=\"color: var( --e-global-color-text );\">vecinos y vecinas las riquezas culturales que tenemos\u201d, precis\u00f3.<\/span><\/p>\t\t\t\t\t\t\t\t<\/div>\n\t\t\t\t<\/div>\n\t\t\t\t\t<\/div>\n\t\t<\/div>\n\t\t\t\t<div class=\"has_eae_slider elementor-column elementor-col-50 elementor-top-column elementor-element elementor-element-53887ef\" data-eae-slider=\"87238\" data-id=\"53887ef\" data-element_type=\"column\" data-e-type=\"column\">\n\t\t\t<div class=\"elementor-widget-wrap elementor-element-populated\">\n\t\t\t\t\t\t<div class=\"elementor-element elementor-element-b0eb32e elementor-widget elementor-widget-image-gallery\" data-id=\"b0eb32e\" data-element_type=\"widget\" data-e-type=\"widget\" data-widget_type=\"image-gallery.default\">\n\t\t\t\t<div class=\"elementor-widget-container\">\n\t\t\t\t\t\t\t<div class=\"elementor-image-gallery\">\n\t\t\t<div id='gallery-1' class='gallery galleryid-41961 gallery-columns-3 gallery-size-full'><figure class='gallery-item'>\n\t\t\t<div class='gallery-icon portrait'>\n\t\t\t\t<a data-elementor-open-lightbox=\"yes\" data-elementor-lightbox-slideshow=\"b0eb32e\" data-e-action-hash=\"#elementor-action%3Aaction%3Dlightbox%26settings%3DeyJpZCI6NDE5NjQsInVybCI6Imh0dHBzOlwvXC93d3cubXVuaW1hY3VsLmNsXC9wb3J0YWxudlwvd3AtY29udGVudFwvdXBsb2Fkc1wvMjAyNVwvMDZcLzBlYzIxNDY4LTU4M2MtNDkxMy1hYjJjLTdkMjJjNDY0YWEzZC1zY2FsZWQuanBlZyIsInNsaWRlc2hvdyI6ImIwZWIzMmUifQ%3D%3D\" href='https:\/\/www.munimacul.cl\/portalnv\/wp-content\/uploads\/2025\/06\/0ec21468-583c-4913-ab2c-7d22c464aa3d-scaled.jpeg'><img loading=\"lazy\" decoding=\"async\" width=\"1920\" height=\"2560\" src=\"https:\/\/www.munimacul.cl\/portalnv\/wp-content\/uploads\/2025\/06\/0ec21468-583c-4913-ab2c-7d22c464aa3d-scaled.jpeg\" class=\"attachment-full size-full\" alt=\"\" srcset=\"https:\/\/www.munimacul.cl\/portalnv\/wp-content\/uploads\/2025\/06\/0ec21468-583c-4913-ab2c-7d22c464aa3d-scaled.jpeg 1920w, https:\/\/www.munimacul.cl\/portalnv\/wp-content\/uploads\/2025\/06\/0ec21468-583c-4913-ab2c-7d22c464aa3d-225x300.jpeg 225w, https:\/\/www.munimacul.cl\/portalnv\/wp-content\/uploads\/2025\/06\/0ec21468-583c-4913-ab2c-7d22c464aa3d-768x1024.jpeg 768w, https:\/\/www.munimacul.cl\/portalnv\/wp-content\/uploads\/2025\/06\/0ec21468-583c-4913-ab2c-7d22c464aa3d-1152x1536.jpeg 1152w, https:\/\/www.munimacul.cl\/portalnv\/wp-content\/uploads\/2025\/06\/0ec21468-583c-4913-ab2c-7d22c464aa3d-1536x2048.jpeg 1536w\" sizes=\"auto, (max-width: 1920px) 100vw, 1920px\" \/><\/a>\n\t\t\t<\/div><\/figure><figure class='gallery-item'>\n\t\t\t<div class='gallery-icon portrait'>\n\t\t\t\t<a data-elementor-open-lightbox=\"yes\" data-elementor-lightbox-slideshow=\"b0eb32e\" data-e-action-hash=\"#elementor-action%3Aaction%3Dlightbox%26settings%3DeyJpZCI6NDE5NjksInVybCI6Imh0dHBzOlwvXC93d3cubXVuaW1hY3VsLmNsXC9wb3J0YWxudlwvd3AtY29udGVudFwvdXBsb2Fkc1wvMjAyNVwvMDZcL2E0OGMyNTVkLTVkNDAtNDM0Ny1iMWQ3LWE5YmMxN2Y2ODk5OS1zY2FsZWQuanBlZyIsInNsaWRlc2hvdyI6ImIwZWIzMmUifQ%3D%3D\" href='https:\/\/www.munimacul.cl\/portalnv\/wp-content\/uploads\/2025\/06\/a48c255d-5d40-4347-b1d7-a9bc17f68999-scaled.jpeg'><img loading=\"lazy\" decoding=\"async\" width=\"1920\" height=\"2560\" src=\"https:\/\/www.munimacul.cl\/portalnv\/wp-content\/uploads\/2025\/06\/a48c255d-5d40-4347-b1d7-a9bc17f68999-scaled.jpeg\" class=\"attachment-full size-full\" alt=\"\" srcset=\"https:\/\/www.munimacul.cl\/portalnv\/wp-content\/uploads\/2025\/06\/a48c255d-5d40-4347-b1d7-a9bc17f68999-scaled.jpeg 1920w, https:\/\/www.munimacul.cl\/portalnv\/wp-content\/uploads\/2025\/06\/a48c255d-5d40-4347-b1d7-a9bc17f68999-225x300.jpeg 225w, https:\/\/www.munimacul.cl\/portalnv\/wp-content\/uploads\/2025\/06\/a48c255d-5d40-4347-b1d7-a9bc17f68999-768x1024.jpeg 768w, https:\/\/www.munimacul.cl\/portalnv\/wp-content\/uploads\/2025\/06\/a48c255d-5d40-4347-b1d7-a9bc17f68999-1152x1536.jpeg 1152w, https:\/\/www.munimacul.cl\/portalnv\/wp-content\/uploads\/2025\/06\/a48c255d-5d40-4347-b1d7-a9bc17f68999-1536x2048.jpeg 1536w\" sizes=\"auto, (max-width: 1920px) 100vw, 1920px\" \/><\/a>\n\t\t\t<\/div><\/figure><figure class='gallery-item'>\n\t\t\t<div class='gallery-icon portrait'>\n\t\t\t\t<a data-elementor-open-lightbox=\"yes\" data-elementor-lightbox-slideshow=\"b0eb32e\" data-e-action-hash=\"#elementor-action%3Aaction%3Dlightbox%26settings%3DeyJpZCI6NDE5NzAsInVybCI6Imh0dHBzOlwvXC93d3cubXVuaW1hY3VsLmNsXC9wb3J0YWxudlwvd3AtY29udGVudFwvdXBsb2Fkc1wvMjAyNVwvMDZcL2IyNWJlYzM5LTY2YWMtNDFhOS1hY2ZiLThiM2QyZWQ5NWU1NS1zY2FsZWQuanBlZyIsInNsaWRlc2hvdyI6ImIwZWIzMmUifQ%3D%3D\" href='https:\/\/www.munimacul.cl\/portalnv\/wp-content\/uploads\/2025\/06\/b25bec39-66ac-41a9-acfb-8b3d2ed95e55-scaled.jpeg'><img loading=\"lazy\" decoding=\"async\" width=\"1920\" height=\"2560\" src=\"https:\/\/www.munimacul.cl\/portalnv\/wp-content\/uploads\/2025\/06\/b25bec39-66ac-41a9-acfb-8b3d2ed95e55-scaled.jpeg\" class=\"attachment-full size-full\" alt=\"\" srcset=\"https:\/\/www.munimacul.cl\/portalnv\/wp-content\/uploads\/2025\/06\/b25bec39-66ac-41a9-acfb-8b3d2ed95e55-scaled.jpeg 1920w, https:\/\/www.munimacul.cl\/portalnv\/wp-content\/uploads\/2025\/06\/b25bec39-66ac-41a9-acfb-8b3d2ed95e55-225x300.jpeg 225w, https:\/\/www.munimacul.cl\/portalnv\/wp-content\/uploads\/2025\/06\/b25bec39-66ac-41a9-acfb-8b3d2ed95e55-768x1024.jpeg 768w, https:\/\/www.munimacul.cl\/portalnv\/wp-content\/uploads\/2025\/06\/b25bec39-66ac-41a9-acfb-8b3d2ed95e55-1152x1536.jpeg 1152w, https:\/\/www.munimacul.cl\/portalnv\/wp-content\/uploads\/2025\/06\/b25bec39-66ac-41a9-acfb-8b3d2ed95e55-1536x2048.jpeg 1536w\" sizes=\"auto, (max-width: 1920px) 100vw, 1920px\" \/><\/a>\n\t\t\t<\/div><\/figure><figure class='gallery-item'>\n\t\t\t<div class='gallery-icon landscape'>\n\t\t\t\t<a data-elementor-open-lightbox=\"yes\" data-elementor-lightbox-slideshow=\"b0eb32e\" data-e-action-hash=\"#elementor-action%3Aaction%3Dlightbox%26settings%3DeyJpZCI6NDE5NzEsInVybCI6Imh0dHBzOlwvXC93d3cubXVuaW1hY3VsLmNsXC9wb3J0YWxudlwvd3AtY29udGVudFwvdXBsb2Fkc1wvMjAyNVwvMDZcL2Y4OGE2ZmY1LWRlZDMtNDNkNy04YjI1LWFiMWEwNTdmYzUyZi1zY2FsZWQuanBlZyIsInNsaWRlc2hvdyI6ImIwZWIzMmUifQ%3D%3D\" href='https:\/\/www.munimacul.cl\/portalnv\/wp-content\/uploads\/2025\/06\/f88a6ff5-ded3-43d7-8b25-ab1a057fc52f-scaled.jpeg'><img loading=\"lazy\" decoding=\"async\" width=\"2560\" height=\"1920\" src=\"https:\/\/www.munimacul.cl\/portalnv\/wp-content\/uploads\/2025\/06\/f88a6ff5-ded3-43d7-8b25-ab1a057fc52f-scaled.jpeg\" class=\"attachment-full size-full\" alt=\"\" srcset=\"https:\/\/www.munimacul.cl\/portalnv\/wp-content\/uploads\/2025\/06\/f88a6ff5-ded3-43d7-8b25-ab1a057fc52f-scaled.jpeg 2560w, https:\/\/www.munimacul.cl\/portalnv\/wp-content\/uploads\/2025\/06\/f88a6ff5-ded3-43d7-8b25-ab1a057fc52f-300x225.jpeg 300w, https:\/\/www.munimacul.cl\/portalnv\/wp-content\/uploads\/2025\/06\/f88a6ff5-ded3-43d7-8b25-ab1a057fc52f-1024x768.jpeg 1024w, https:\/\/www.munimacul.cl\/portalnv\/wp-content\/uploads\/2025\/06\/f88a6ff5-ded3-43d7-8b25-ab1a057fc52f-768x576.jpeg 768w, https:\/\/www.munimacul.cl\/portalnv\/wp-content\/uploads\/2025\/06\/f88a6ff5-ded3-43d7-8b25-ab1a057fc52f-1536x1152.jpeg 1536w, https:\/\/www.munimacul.cl\/portalnv\/wp-content\/uploads\/2025\/06\/f88a6ff5-ded3-43d7-8b25-ab1a057fc52f-2048x1536.jpeg 2048w\" sizes=\"auto, (max-width: 2560px) 100vw, 2560px\" \/><\/a>\n\t\t\t<\/div><\/figure><figure class='gallery-item'>\n\t\t\t<div class='gallery-icon landscape'>\n\t\t\t\t<a data-elementor-open-lightbox=\"yes\" data-elementor-lightbox-slideshow=\"b0eb32e\" data-e-action-hash=\"#elementor-action%3Aaction%3Dlightbox%26settings%3DeyJpZCI6NDE5NjUsInVybCI6Imh0dHBzOlwvXC93d3cubXVuaW1hY3VsLmNsXC9wb3J0YWxudlwvd3AtY29udGVudFwvdXBsb2Fkc1wvMjAyNVwvMDZcLzNjM2FkMTQ2LWVkZTAtNDk3YS04MDg4LTczMzgyOGQ4NmU3OS1zY2FsZWQuanBlZyIsInNsaWRlc2hvdyI6ImIwZWIzMmUifQ%3D%3D\" href='https:\/\/www.munimacul.cl\/portalnv\/wp-content\/uploads\/2025\/06\/3c3ad146-ede0-497a-8088-733828d86e79-scaled.jpeg'><img loading=\"lazy\" decoding=\"async\" width=\"2560\" height=\"1920\" src=\"https:\/\/www.munimacul.cl\/portalnv\/wp-content\/uploads\/2025\/06\/3c3ad146-ede0-497a-8088-733828d86e79-scaled.jpeg\" class=\"attachment-full size-full\" alt=\"\" srcset=\"https:\/\/www.munimacul.cl\/portalnv\/wp-content\/uploads\/2025\/06\/3c3ad146-ede0-497a-8088-733828d86e79-scaled.jpeg 2560w, https:\/\/www.munimacul.cl\/portalnv\/wp-content\/uploads\/2025\/06\/3c3ad146-ede0-497a-8088-733828d86e79-300x225.jpeg 300w, https:\/\/www.munimacul.cl\/portalnv\/wp-content\/uploads\/2025\/06\/3c3ad146-ede0-497a-8088-733828d86e79-1024x768.jpeg 1024w, https:\/\/www.munimacul.cl\/portalnv\/wp-content\/uploads\/2025\/06\/3c3ad146-ede0-497a-8088-733828d86e79-768x576.jpeg 768w, https:\/\/www.munimacul.cl\/portalnv\/wp-content\/uploads\/2025\/06\/3c3ad146-ede0-497a-8088-733828d86e79-1536x1152.jpeg 1536w, https:\/\/www.munimacul.cl\/portalnv\/wp-content\/uploads\/2025\/06\/3c3ad146-ede0-497a-8088-733828d86e79-2048x1536.jpeg 2048w\" sizes=\"auto, (max-width: 2560px) 100vw, 2560px\" \/><\/a>\n\t\t\t<\/div><\/figure><figure class='gallery-item'>\n\t\t\t<div class='gallery-icon landscape'>\n\t\t\t\t<a data-elementor-open-lightbox=\"yes\" data-elementor-lightbox-slideshow=\"b0eb32e\" data-e-action-hash=\"#elementor-action%3Aaction%3Dlightbox%26settings%3DeyJpZCI6NDE5NjYsInVybCI6Imh0dHBzOlwvXC93d3cubXVuaW1hY3VsLmNsXC9wb3J0YWxudlwvd3AtY29udGVudFwvdXBsb2Fkc1wvMjAyNVwvMDZcLzNkMWQxZDlkLTk3ZmQtNGQyNy1iZjMwLTM2MWU3NjliMmEzYS1zY2FsZWQuanBlZyIsInNsaWRlc2hvdyI6ImIwZWIzMmUifQ%3D%3D\" href='https:\/\/www.munimacul.cl\/portalnv\/wp-content\/uploads\/2025\/06\/3d1d1d9d-97fd-4d27-bf30-361e769b2a3a-scaled.jpeg'><img loading=\"lazy\" decoding=\"async\" width=\"2560\" height=\"1920\" src=\"https:\/\/www.munimacul.cl\/portalnv\/wp-content\/uploads\/2025\/06\/3d1d1d9d-97fd-4d27-bf30-361e769b2a3a-scaled.jpeg\" class=\"attachment-full size-full\" alt=\"\" srcset=\"https:\/\/www.munimacul.cl\/portalnv\/wp-content\/uploads\/2025\/06\/3d1d1d9d-97fd-4d27-bf30-361e769b2a3a-scaled.jpeg 2560w, https:\/\/www.munimacul.cl\/portalnv\/wp-content\/uploads\/2025\/06\/3d1d1d9d-97fd-4d27-bf30-361e769b2a3a-300x225.jpeg 300w, https:\/\/www.munimacul.cl\/portalnv\/wp-content\/uploads\/2025\/06\/3d1d1d9d-97fd-4d27-bf30-361e769b2a3a-1024x768.jpeg 1024w, https:\/\/www.munimacul.cl\/portalnv\/wp-content\/uploads\/2025\/06\/3d1d1d9d-97fd-4d27-bf30-361e769b2a3a-768x576.jpeg 768w, https:\/\/www.munimacul.cl\/portalnv\/wp-content\/uploads\/2025\/06\/3d1d1d9d-97fd-4d27-bf30-361e769b2a3a-1536x1152.jpeg 1536w, https:\/\/www.munimacul.cl\/portalnv\/wp-content\/uploads\/2025\/06\/3d1d1d9d-97fd-4d27-bf30-361e769b2a3a-2048x1536.jpeg 2048w\" sizes=\"auto, (max-width: 2560px) 100vw, 2560px\" \/><\/a>\n\t\t\t<\/div><\/figure><figure class='gallery-item'>\n\t\t\t<div class='gallery-icon landscape'>\n\t\t\t\t<a data-elementor-open-lightbox=\"yes\" data-elementor-lightbox-slideshow=\"b0eb32e\" data-e-action-hash=\"#elementor-action%3Aaction%3Dlightbox%26settings%3DeyJpZCI6NDE5NjcsInVybCI6Imh0dHBzOlwvXC93d3cubXVuaW1hY3VsLmNsXC9wb3J0YWxudlwvd3AtY29udGVudFwvdXBsb2Fkc1wvMjAyNVwvMDZcLzgzMzBiYWM1LWUxMDQtNDdmNC1hNDA1LWVlMzA0MDAzNjY0ZC1zY2FsZWQuanBlZyIsInNsaWRlc2hvdyI6ImIwZWIzMmUifQ%3D%3D\" href='https:\/\/www.munimacul.cl\/portalnv\/wp-content\/uploads\/2025\/06\/8330bac5-e104-47f4-a405-ee304003664d-scaled.jpeg'><img loading=\"lazy\" decoding=\"async\" width=\"2560\" height=\"1920\" src=\"https:\/\/www.munimacul.cl\/portalnv\/wp-content\/uploads\/2025\/06\/8330bac5-e104-47f4-a405-ee304003664d-scaled.jpeg\" class=\"attachment-full size-full\" alt=\"\" srcset=\"https:\/\/www.munimacul.cl\/portalnv\/wp-content\/uploads\/2025\/06\/8330bac5-e104-47f4-a405-ee304003664d-scaled.jpeg 2560w, https:\/\/www.munimacul.cl\/portalnv\/wp-content\/uploads\/2025\/06\/8330bac5-e104-47f4-a405-ee304003664d-300x225.jpeg 300w, https:\/\/www.munimacul.cl\/portalnv\/wp-content\/uploads\/2025\/06\/8330bac5-e104-47f4-a405-ee304003664d-1024x768.jpeg 1024w, https:\/\/www.munimacul.cl\/portalnv\/wp-content\/uploads\/2025\/06\/8330bac5-e104-47f4-a405-ee304003664d-768x576.jpeg 768w, https:\/\/www.munimacul.cl\/portalnv\/wp-content\/uploads\/2025\/06\/8330bac5-e104-47f4-a405-ee304003664d-1536x1152.jpeg 1536w, https:\/\/www.munimacul.cl\/portalnv\/wp-content\/uploads\/2025\/06\/8330bac5-e104-47f4-a405-ee304003664d-2048x1536.jpeg 2048w\" sizes=\"auto, (max-width: 2560px) 100vw, 2560px\" \/><\/a>\n\t\t\t<\/div><\/figure><figure class='gallery-item'>\n\t\t\t<div class='gallery-icon landscape'>\n\t\t\t\t<a data-elementor-open-lightbox=\"yes\" data-elementor-lightbox-slideshow=\"b0eb32e\" data-e-action-hash=\"#elementor-action%3Aaction%3Dlightbox%26settings%3DeyJpZCI6NDE5NjgsInVybCI6Imh0dHBzOlwvXC93d3cubXVuaW1hY3VsLmNsXC9wb3J0YWxudlwvd3AtY29udGVudFwvdXBsb2Fkc1wvMjAyNVwvMDZcL2ExYWM0NTRjLWQ1MTMtNGQ4OS05ODdmLWU4ZTM5MzIwN2I3YS1zY2FsZWQuanBlZyIsInNsaWRlc2hvdyI6ImIwZWIzMmUifQ%3D%3D\" href='https:\/\/www.munimacul.cl\/portalnv\/wp-content\/uploads\/2025\/06\/a1ac454c-d513-4d89-987f-e8e393207b7a-scaled.jpeg'><img loading=\"lazy\" decoding=\"async\" width=\"2560\" height=\"1920\" src=\"https:\/\/www.munimacul.cl\/portalnv\/wp-content\/uploads\/2025\/06\/a1ac454c-d513-4d89-987f-e8e393207b7a-scaled.jpeg\" class=\"attachment-full size-full\" alt=\"\" srcset=\"https:\/\/www.munimacul.cl\/portalnv\/wp-content\/uploads\/2025\/06\/a1ac454c-d513-4d89-987f-e8e393207b7a-scaled.jpeg 2560w, https:\/\/www.munimacul.cl\/portalnv\/wp-content\/uploads\/2025\/06\/a1ac454c-d513-4d89-987f-e8e393207b7a-300x225.jpeg 300w, https:\/\/www.munimacul.cl\/portalnv\/wp-content\/uploads\/2025\/06\/a1ac454c-d513-4d89-987f-e8e393207b7a-1024x768.jpeg 1024w, https:\/\/www.munimacul.cl\/portalnv\/wp-content\/uploads\/2025\/06\/a1ac454c-d513-4d89-987f-e8e393207b7a-768x576.jpeg 768w, https:\/\/www.munimacul.cl\/portalnv\/wp-content\/uploads\/2025\/06\/a1ac454c-d513-4d89-987f-e8e393207b7a-1536x1152.jpeg 1536w, https:\/\/www.munimacul.cl\/portalnv\/wp-content\/uploads\/2025\/06\/a1ac454c-d513-4d89-987f-e8e393207b7a-2048x1536.jpeg 2048w\" sizes=\"auto, (max-width: 2560px) 100vw, 2560px\" \/><\/a>\n\t\t\t<\/div><\/figure>\n\t\t<\/div>\n\t\t<\/div>\n\t\t\t\t\t\t<\/div>\n\t\t\t\t<\/div>\n\t\t\t\t\t<\/div>\n\t\t<\/div>\n\t\t\t\t\t<\/div>\n\t\t<\/section>\n\t\t\t\t<\/div>\n\t\t","protected":false},"excerpt":{"rendered":"<p>FERIA MULTICULTURAL DE ARTE Y CULTURA TRAJO LO MEJOR DE LOS PUEBLOS ANCESTRALES El Castillo Municipal fue epicentro de esta instancia realizada durante la segunda semana\u00a0de junio, como forma de relevar el mes de los Pueblos Originarios, distinguiendo el gran\u00a0legado cultural e hist\u00f3rico de nuestros pueblos de ancestrales. En el marco del mes de los &#8230; <\/p>\n<p class=\"read-more-container\"><a title=\"Feria multicultural de arte y cultura trajo lo mejor de los pueblos ancestrales\" class=\"read-more button\" href=\"https:\/\/www.munimacul.cl\/portalnv\/index.php\/2025\/06\/17\/feria-multicultural-de-arte-y-cultura-trajo-lo-mejor-de-los-pueblos-ancestrales\/#more-41961\" aria-label=\"Leer m\u00e1s sobre Feria multicultural de arte y cultura trajo lo mejor de los pueblos ancestrales\">Read more<\/a><\/p>\n","protected":false},"author":1,"featured_media":41962,"comment_status":"closed","ping_status":"closed","sticky":false,"template":"","format":"standard","meta":{"footnotes":""},"categories":[7],"tags":[],"class_list":["post-41961","post","type-post","status-publish","format-standard","has-post-thumbnail","hentry","category-noticias"],"_links":{"self":[{"href":"https:\/\/www.munimacul.cl\/portalnv\/index.php\/wp-json\/wp\/v2\/posts\/41961","targetHints":{"allow":["GET"]}}],"collection":[{"href":"https:\/\/www.munimacul.cl\/portalnv\/index.php\/wp-json\/wp\/v2\/posts"}],"about":[{"href":"https:\/\/www.munimacul.cl\/portalnv\/index.php\/wp-json\/wp\/v2\/types\/post"}],"author":[{"embeddable":true,"href":"https:\/\/www.munimacul.cl\/portalnv\/index.php\/wp-json\/wp\/v2\/users\/1"}],"replies":[{"embeddable":true,"href":"https:\/\/www.munimacul.cl\/portalnv\/index.php\/wp-json\/wp\/v2\/comments?post=41961"}],"version-history":[{"count":4,"href":"https:\/\/www.munimacul.cl\/portalnv\/index.php\/wp-json\/wp\/v2\/posts\/41961\/revisions"}],"predecessor-version":[{"id":41974,"href":"https:\/\/www.munimacul.cl\/portalnv\/index.php\/wp-json\/wp\/v2\/posts\/41961\/revisions\/41974"}],"wp:featuredmedia":[{"embeddable":true,"href":"https:\/\/www.munimacul.cl\/portalnv\/index.php\/wp-json\/wp\/v2\/media\/41962"}],"wp:attachment":[{"href":"https:\/\/www.munimacul.cl\/portalnv\/index.php\/wp-json\/wp\/v2\/media?parent=41961"}],"wp:term":[{"taxonomy":"category","embeddable":true,"href":"https:\/\/www.munimacul.cl\/portalnv\/index.php\/wp-json\/wp\/v2\/categories?post=41961"},{"taxonomy":"post_tag","embeddable":true,"href":"https:\/\/www.munimacul.cl\/portalnv\/index.php\/wp-json\/wp\/v2\/tags?post=41961"}],"curies":[{"name":"wp","href":"https:\/\/api.w.org\/{rel}","templated":true}]}}