{"id":41985,"date":"2025-06-11T13:35:05","date_gmt":"2025-06-11T17:35:05","guid":{"rendered":"https:\/\/www.munimacul.cl\/portalnv\/?p=41985"},"modified":"2025-06-19T09:35:47","modified_gmt":"2025-06-19T13:35:47","slug":"perros-policiales-de-carabineros-cautivaron-a-alumnos-del-liceo-manuel-rojas","status":"publish","type":"post","link":"https:\/\/www.munimacul.cl\/portalnv\/index.php\/2025\/06\/11\/perros-policiales-de-carabineros-cautivaron-a-alumnos-del-liceo-manuel-rojas\/","title":{"rendered":"Perros policiales de Carabineros cautivaron a alumnos del Liceo Manuel Rojas"},"content":{"rendered":"\t\t<div data-elementor-type=\"wp-post\" data-elementor-id=\"41985\" class=\"elementor elementor-41985\" data-elementor-post-type=\"post\">\n\t\t\t\t\t\t<section class=\"has_eae_slider elementor-section elementor-top-section elementor-element elementor-element-58c533c elementor-section-boxed elementor-section-height-default elementor-section-height-default\" data-eae-slider=\"83412\" data-id=\"58c533c\" data-element_type=\"section\" data-e-type=\"section\">\n\t\t\t\t\t\t<div class=\"elementor-container elementor-column-gap-default\">\n\t\t\t\t\t<div class=\"has_eae_slider elementor-column elementor-col-100 elementor-top-column elementor-element elementor-element-5e0b4ed\" data-eae-slider=\"68813\" data-id=\"5e0b4ed\" data-element_type=\"column\" data-e-type=\"column\" data-settings=\"{&quot;background_background&quot;:&quot;classic&quot;}\">\n\t\t\t<div class=\"elementor-widget-wrap elementor-element-populated\">\n\t\t\t\t\t\t<div class=\"elementor-element elementor-element-89453b4 elementor-widget elementor-widget-heading\" data-id=\"89453b4\" data-element_type=\"widget\" data-e-type=\"widget\" data-widget_type=\"heading.default\">\n\t\t\t\t<div class=\"elementor-widget-container\">\n\t\t\t\t\t<h2 class=\"elementor-heading-title elementor-size-default\">PERROS POLICIALES DE CARABINEROS CAUTIVARON<br>A ALUMNOS DEL LICEO MANUEL ROJAS<\/h2>\t\t\t\t<\/div>\n\t\t\t\t<\/div>\n\t\t\t\t\t<\/div>\n\t\t<\/div>\n\t\t\t\t\t<\/div>\n\t\t<\/section>\n\t\t\t\t<section class=\"has_eae_slider elementor-section elementor-top-section elementor-element elementor-element-faae3ce elementor-section-boxed elementor-section-height-default elementor-section-height-default\" data-eae-slider=\"84970\" data-id=\"faae3ce\" data-element_type=\"section\" data-e-type=\"section\">\n\t\t\t\t\t\t<div class=\"elementor-container elementor-column-gap-default\">\n\t\t\t\t\t<div class=\"has_eae_slider elementor-column elementor-col-100 elementor-top-column elementor-element elementor-element-c457b0f\" data-eae-slider=\"10516\" data-id=\"c457b0f\" data-element_type=\"column\" data-e-type=\"column\">\n\t\t\t<div class=\"elementor-widget-wrap elementor-element-populated\">\n\t\t\t\t\t\t<div class=\"elementor-element elementor-element-f96235d elementor-widget elementor-widget-text-editor\" data-id=\"f96235d\" data-element_type=\"widget\" data-e-type=\"widget\" data-widget_type=\"text-editor.default\">\n\t\t\t\t<div class=\"elementor-widget-container\">\n\t\t\t\t\t\t\t\t\t<p>Cientos de alumnos secundarios disfrutaron de una maravillosa presentaci\u00f3n de los ejemplares caninos de la Secci\u00f3n de Presentaci\u00f3n de Perros Policiales de Carabineros de Carabineros de Chile, a trav\u00e9s de una educativa y enrtetenida jornada.<\/p>\t\t\t\t\t\t\t\t<\/div>\n\t\t\t\t<\/div>\n\t\t\t\t\t<\/div>\n\t\t<\/div>\n\t\t\t\t\t<\/div>\n\t\t<\/section>\n\t\t\t\t<section class=\"has_eae_slider elementor-section elementor-top-section elementor-element elementor-element-63db922 elementor-section-boxed elementor-section-height-default elementor-section-height-default\" data-eae-slider=\"35067\" data-id=\"63db922\" data-element_type=\"section\" data-e-type=\"section\">\n\t\t\t\t\t\t<div class=\"elementor-container elementor-column-gap-default\">\n\t\t\t\t\t<div class=\"has_eae_slider elementor-column elementor-col-50 elementor-top-column elementor-element elementor-element-de0509a\" data-eae-slider=\"81931\" data-id=\"de0509a\" data-element_type=\"column\" data-e-type=\"column\">\n\t\t\t<div class=\"elementor-widget-wrap elementor-element-populated\">\n\t\t\t\t\t\t<div class=\"elementor-element elementor-element-44f19f6 elementor-widget elementor-widget-text-editor\" data-id=\"44f19f6\" data-element_type=\"widget\" data-e-type=\"widget\" data-widget_type=\"text-editor.default\">\n\t\t\t\t<div class=\"elementor-widget-container\">\n\t\t\t\t\t\t\t\t\t<p>Fue una jornada de juegos, trucos, demostraciones de habilidades y varias sorpresas de parte de estos bellos ejemplares caninos. Los K9 sorprendieron a grandes y chicos, incluso el propio Alcalde Eduardo Espinoza, que acudi\u00f3 a la actividad y destac\u00f3 tanto el nivel de adiestramiento, como la disposici\u00f3n de Carabineros de Chile con este importante trabajo.<\/p><p>\u00abEstamos muy agradecidos de una instituci\u00f3n como Carabineros de Chile, porque no s\u00f3lo trabajan incansablemente por la seguridad de Macul, sino que han tenido la voluntad de llegar hasta el Liceo Manuel Rojas para dar un momento de alegr\u00eda y esparcimiento a todos los asistentes. Esperamos tenerlos pronto nuevamente en la comuna\u00bb, precis\u00f3.<\/p><p>Otra de las que valor\u00f3 la visita due la directora del Liceo Manuel Rojas, Sandra D\u00edaz Townsend, \u00abPara nosotros significa mucho ver que acogieron nuestra invitaci\u00f3n. Los alumnos y alumnas est\u00e1n muy felices y se han portado muy bien en esta jornada. Y, lo m\u00e1s importante, es que pudieron disfrutar de esta linda jornada\u00bb, explic\u00f3.<\/p><p>El citado encuentro se destac\u00f3 por el entusiasmo y la ternura desplegada por estos bellos perritos y perritas que alegraron el d\u00eda a grandes y chicos de la comunidad escolar. Especiales aplausos y agradecimientos para el Sargento Primero Andr\u00e9s Canio Garc\u00eda, a cargo de la Secci\u00f3n de Presentaci\u00f3n, quien manifest\u00f3 su inter\u00e9s por volver a visitar nuestra comuna.<\/p>\t\t\t\t\t\t\t\t<\/div>\n\t\t\t\t<\/div>\n\t\t\t\t\t<\/div>\n\t\t<\/div>\n\t\t\t\t<div class=\"has_eae_slider elementor-column elementor-col-50 elementor-top-column elementor-element elementor-element-53887ef\" data-eae-slider=\"14103\" data-id=\"53887ef\" data-element_type=\"column\" data-e-type=\"column\">\n\t\t\t<div class=\"elementor-widget-wrap elementor-element-populated\">\n\t\t\t\t\t\t<div class=\"elementor-element elementor-element-b0eb32e elementor-widget elementor-widget-image-gallery\" data-id=\"b0eb32e\" data-element_type=\"widget\" data-e-type=\"widget\" data-widget_type=\"image-gallery.default\">\n\t\t\t\t<div class=\"elementor-widget-container\">\n\t\t\t\t\t\t\t<div class=\"elementor-image-gallery\">\n\t\t\t<div id='gallery-1' class='gallery galleryid-41985 gallery-columns-2 gallery-size-full'><figure class='gallery-item'>\n\t\t\t<div class='gallery-icon portrait'>\n\t\t\t\t<a data-elementor-open-lightbox=\"yes\" data-elementor-lightbox-slideshow=\"b0eb32e\" data-e-action-hash=\"#elementor-action%3Aaction%3Dlightbox%26settings%3DeyJpZCI6NDE5ODgsInVybCI6Imh0dHBzOlwvXC93d3cubXVuaW1hY3VsLmNsXC9wb3J0YWxudlwvd3AtY29udGVudFwvdXBsb2Fkc1wvMjAyNVwvMDZcLzYwZDUwYWU5LTA3ZmMtNGMzNy1iN2JiLWQ1NmNiMzkzZjA1OS1zY2FsZWQuanBlZyIsInNsaWRlc2hvdyI6ImIwZWIzMmUifQ%3D%3D\" href='https:\/\/www.munimacul.cl\/portalnv\/wp-content\/uploads\/2025\/06\/60d50ae9-07fc-4c37-b7bb-d56cb393f059-scaled.jpeg'><img loading=\"lazy\" decoding=\"async\" width=\"1920\" height=\"2560\" src=\"https:\/\/www.munimacul.cl\/portalnv\/wp-content\/uploads\/2025\/06\/60d50ae9-07fc-4c37-b7bb-d56cb393f059-scaled.jpeg\" class=\"attachment-full size-full\" alt=\"\" srcset=\"https:\/\/www.munimacul.cl\/portalnv\/wp-content\/uploads\/2025\/06\/60d50ae9-07fc-4c37-b7bb-d56cb393f059-scaled.jpeg 1920w, https:\/\/www.munimacul.cl\/portalnv\/wp-content\/uploads\/2025\/06\/60d50ae9-07fc-4c37-b7bb-d56cb393f059-225x300.jpeg 225w, https:\/\/www.munimacul.cl\/portalnv\/wp-content\/uploads\/2025\/06\/60d50ae9-07fc-4c37-b7bb-d56cb393f059-768x1024.jpeg 768w, https:\/\/www.munimacul.cl\/portalnv\/wp-content\/uploads\/2025\/06\/60d50ae9-07fc-4c37-b7bb-d56cb393f059-1152x1536.jpeg 1152w, https:\/\/www.munimacul.cl\/portalnv\/wp-content\/uploads\/2025\/06\/60d50ae9-07fc-4c37-b7bb-d56cb393f059-1536x2048.jpeg 1536w\" sizes=\"auto, (max-width: 1920px) 100vw, 1920px\" \/><\/a>\n\t\t\t<\/div><\/figure><figure class='gallery-item'>\n\t\t\t<div class='gallery-icon portrait'>\n\t\t\t\t<a data-elementor-open-lightbox=\"yes\" data-elementor-lightbox-slideshow=\"b0eb32e\" data-e-action-hash=\"#elementor-action%3Aaction%3Dlightbox%26settings%3DeyJpZCI6NDE5ODksInVybCI6Imh0dHBzOlwvXC93d3cubXVuaW1hY3VsLmNsXC9wb3J0YWxudlwvd3AtY29udGVudFwvdXBsb2Fkc1wvMjAyNVwvMDZcLzA4MmRkNDAxLTU5OGUtNDZiYS1iY2M4LTRjN2E5MWU3Y2VjMS1zY2FsZWQuanBlZyIsInNsaWRlc2hvdyI6ImIwZWIzMmUifQ%3D%3D\" href='https:\/\/www.munimacul.cl\/portalnv\/wp-content\/uploads\/2025\/06\/082dd401-598e-46ba-bcc8-4c7a91e7cec1-scaled.jpeg'><img loading=\"lazy\" decoding=\"async\" width=\"1920\" height=\"2560\" src=\"https:\/\/www.munimacul.cl\/portalnv\/wp-content\/uploads\/2025\/06\/082dd401-598e-46ba-bcc8-4c7a91e7cec1-scaled.jpeg\" class=\"attachment-full size-full\" alt=\"\" srcset=\"https:\/\/www.munimacul.cl\/portalnv\/wp-content\/uploads\/2025\/06\/082dd401-598e-46ba-bcc8-4c7a91e7cec1-scaled.jpeg 1920w, https:\/\/www.munimacul.cl\/portalnv\/wp-content\/uploads\/2025\/06\/082dd401-598e-46ba-bcc8-4c7a91e7cec1-225x300.jpeg 225w, https:\/\/www.munimacul.cl\/portalnv\/wp-content\/uploads\/2025\/06\/082dd401-598e-46ba-bcc8-4c7a91e7cec1-768x1024.jpeg 768w, https:\/\/www.munimacul.cl\/portalnv\/wp-content\/uploads\/2025\/06\/082dd401-598e-46ba-bcc8-4c7a91e7cec1-1152x1536.jpeg 1152w, https:\/\/www.munimacul.cl\/portalnv\/wp-content\/uploads\/2025\/06\/082dd401-598e-46ba-bcc8-4c7a91e7cec1-1536x2048.jpeg 1536w\" sizes=\"auto, (max-width: 1920px) 100vw, 1920px\" \/><\/a>\n\t\t\t<\/div><\/figure><figure class='gallery-item'>\n\t\t\t<div class='gallery-icon portrait'>\n\t\t\t\t<a data-elementor-open-lightbox=\"yes\" data-elementor-lightbox-slideshow=\"b0eb32e\" data-e-action-hash=\"#elementor-action%3Aaction%3Dlightbox%26settings%3DeyJpZCI6NDE5OTEsInVybCI6Imh0dHBzOlwvXC93d3cubXVuaW1hY3VsLmNsXC9wb3J0YWxudlwvd3AtY29udGVudFwvdXBsb2Fkc1wvMjAyNVwvMDZcL0FMQ0FMREUtQURJRVNUUkFNSUVOVE8tLXNjYWxlZC5qcGVnIiwic2xpZGVzaG93IjoiYjBlYjMyZSJ9\" href='https:\/\/www.munimacul.cl\/portalnv\/wp-content\/uploads\/2025\/06\/ALCALDE-ADIESTRAMIENTO--scaled.jpeg'><img loading=\"lazy\" decoding=\"async\" width=\"1920\" height=\"2560\" src=\"https:\/\/www.munimacul.cl\/portalnv\/wp-content\/uploads\/2025\/06\/ALCALDE-ADIESTRAMIENTO--scaled.jpeg\" class=\"attachment-full size-full\" alt=\"\" srcset=\"https:\/\/www.munimacul.cl\/portalnv\/wp-content\/uploads\/2025\/06\/ALCALDE-ADIESTRAMIENTO--scaled.jpeg 1920w, https:\/\/www.munimacul.cl\/portalnv\/wp-content\/uploads\/2025\/06\/ALCALDE-ADIESTRAMIENTO--225x300.jpeg 225w, https:\/\/www.munimacul.cl\/portalnv\/wp-content\/uploads\/2025\/06\/ALCALDE-ADIESTRAMIENTO--768x1024.jpeg 768w, https:\/\/www.munimacul.cl\/portalnv\/wp-content\/uploads\/2025\/06\/ALCALDE-ADIESTRAMIENTO--1152x1536.jpeg 1152w, https:\/\/www.munimacul.cl\/portalnv\/wp-content\/uploads\/2025\/06\/ALCALDE-ADIESTRAMIENTO--1536x2048.jpeg 1536w\" sizes=\"auto, (max-width: 1920px) 100vw, 1920px\" \/><\/a>\n\t\t\t<\/div><\/figure><figure class='gallery-item'>\n\t\t\t<div class='gallery-icon portrait'>\n\t\t\t\t<a data-elementor-open-lightbox=\"yes\" data-elementor-lightbox-slideshow=\"b0eb32e\" data-e-action-hash=\"#elementor-action%3Aaction%3Dlightbox%26settings%3DeyJpZCI6NDE5OTMsInVybCI6Imh0dHBzOlwvXC93d3cubXVuaW1hY3VsLmNsXC9wb3J0YWxudlwvd3AtY29udGVudFwvdXBsb2Fkc1wvMjAyNVwvMDZcL2IxNjM3ZDg4LTVjM2UtNDQ1Mi1iNDhlLTA5YmFiYWQzYjU0ZC1zY2FsZWQuanBlZyIsInNsaWRlc2hvdyI6ImIwZWIzMmUifQ%3D%3D\" href='https:\/\/www.munimacul.cl\/portalnv\/wp-content\/uploads\/2025\/06\/b1637d88-5c3e-4452-b48e-09babad3b54d-scaled.jpeg'><img loading=\"lazy\" decoding=\"async\" width=\"1920\" height=\"2560\" src=\"https:\/\/www.munimacul.cl\/portalnv\/wp-content\/uploads\/2025\/06\/b1637d88-5c3e-4452-b48e-09babad3b54d-scaled.jpeg\" class=\"attachment-full size-full\" alt=\"\" srcset=\"https:\/\/www.munimacul.cl\/portalnv\/wp-content\/uploads\/2025\/06\/b1637d88-5c3e-4452-b48e-09babad3b54d-scaled.jpeg 1920w, https:\/\/www.munimacul.cl\/portalnv\/wp-content\/uploads\/2025\/06\/b1637d88-5c3e-4452-b48e-09babad3b54d-225x300.jpeg 225w, https:\/\/www.munimacul.cl\/portalnv\/wp-content\/uploads\/2025\/06\/b1637d88-5c3e-4452-b48e-09babad3b54d-768x1024.jpeg 768w, https:\/\/www.munimacul.cl\/portalnv\/wp-content\/uploads\/2025\/06\/b1637d88-5c3e-4452-b48e-09babad3b54d-1152x1536.jpeg 1152w, https:\/\/www.munimacul.cl\/portalnv\/wp-content\/uploads\/2025\/06\/b1637d88-5c3e-4452-b48e-09babad3b54d-1536x2048.jpeg 1536w\" sizes=\"auto, (max-width: 1920px) 100vw, 1920px\" \/><\/a>\n\t\t\t<\/div><\/figure><figure class='gallery-item'>\n\t\t\t<div class='gallery-icon landscape'>\n\t\t\t\t<a data-elementor-open-lightbox=\"yes\" data-elementor-lightbox-slideshow=\"b0eb32e\" data-e-action-hash=\"#elementor-action%3Aaction%3Dlightbox%26settings%3DeyJpZCI6NDE5OTAsInVybCI6Imh0dHBzOlwvXC93d3cubXVuaW1hY3VsLmNsXC9wb3J0YWxudlwvd3AtY29udGVudFwvdXBsb2Fkc1wvMjAyNVwvMDZcL2E0Y2Y1N2M1LTE4NjQtNDkwOC1iMDlhLTAyZWUzMmFkOWU2Ni1zY2FsZWQuanBlZyIsInNsaWRlc2hvdyI6ImIwZWIzMmUifQ%3D%3D\" href='https:\/\/www.munimacul.cl\/portalnv\/wp-content\/uploads\/2025\/06\/a4cf57c5-1864-4908-b09a-02ee32ad9e66-scaled.jpeg'><img loading=\"lazy\" decoding=\"async\" width=\"2560\" height=\"1920\" src=\"https:\/\/www.munimacul.cl\/portalnv\/wp-content\/uploads\/2025\/06\/a4cf57c5-1864-4908-b09a-02ee32ad9e66-scaled.jpeg\" class=\"attachment-full size-full\" alt=\"\" srcset=\"https:\/\/www.munimacul.cl\/portalnv\/wp-content\/uploads\/2025\/06\/a4cf57c5-1864-4908-b09a-02ee32ad9e66-scaled.jpeg 2560w, https:\/\/www.munimacul.cl\/portalnv\/wp-content\/uploads\/2025\/06\/a4cf57c5-1864-4908-b09a-02ee32ad9e66-300x225.jpeg 300w, https:\/\/www.munimacul.cl\/portalnv\/wp-content\/uploads\/2025\/06\/a4cf57c5-1864-4908-b09a-02ee32ad9e66-1024x768.jpeg 1024w, https:\/\/www.munimacul.cl\/portalnv\/wp-content\/uploads\/2025\/06\/a4cf57c5-1864-4908-b09a-02ee32ad9e66-768x576.jpeg 768w, https:\/\/www.munimacul.cl\/portalnv\/wp-content\/uploads\/2025\/06\/a4cf57c5-1864-4908-b09a-02ee32ad9e66-1536x1152.jpeg 1536w, https:\/\/www.munimacul.cl\/portalnv\/wp-content\/uploads\/2025\/06\/a4cf57c5-1864-4908-b09a-02ee32ad9e66-2048x1536.jpeg 2048w\" sizes=\"auto, (max-width: 2560px) 100vw, 2560px\" \/><\/a>\n\t\t\t<\/div><\/figure><figure class='gallery-item'>\n\t\t\t<div class='gallery-icon landscape'>\n\t\t\t\t<a data-elementor-open-lightbox=\"yes\" data-elementor-lightbox-slideshow=\"b0eb32e\" data-e-action-hash=\"#elementor-action%3Aaction%3Dlightbox%26settings%3DeyJpZCI6NDE5OTIsInVybCI6Imh0dHBzOlwvXC93d3cubXVuaW1hY3VsLmNsXC9wb3J0YWxudlwvd3AtY29udGVudFwvdXBsb2Fkc1wvMjAyNVwvMDZcL0FMQ0FMREUtQURJRVNUUkFNSUVOVE8tc2NhbGVkLmpwZWciLCJzbGlkZXNob3ciOiJiMGViMzJlIn0%3D\" href='https:\/\/www.munimacul.cl\/portalnv\/wp-content\/uploads\/2025\/06\/ALCALDE-ADIESTRAMIENTO-scaled.jpeg'><img loading=\"lazy\" decoding=\"async\" width=\"2560\" height=\"1626\" src=\"https:\/\/www.munimacul.cl\/portalnv\/wp-content\/uploads\/2025\/06\/ALCALDE-ADIESTRAMIENTO-scaled.jpeg\" class=\"attachment-full size-full\" alt=\"\" srcset=\"https:\/\/www.munimacul.cl\/portalnv\/wp-content\/uploads\/2025\/06\/ALCALDE-ADIESTRAMIENTO-scaled.jpeg 2560w, https:\/\/www.munimacul.cl\/portalnv\/wp-content\/uploads\/2025\/06\/ALCALDE-ADIESTRAMIENTO-300x191.jpeg 300w, https:\/\/www.munimacul.cl\/portalnv\/wp-content\/uploads\/2025\/06\/ALCALDE-ADIESTRAMIENTO-1024x650.jpeg 1024w, https:\/\/www.munimacul.cl\/portalnv\/wp-content\/uploads\/2025\/06\/ALCALDE-ADIESTRAMIENTO-768x488.jpeg 768w, https:\/\/www.munimacul.cl\/portalnv\/wp-content\/uploads\/2025\/06\/ALCALDE-ADIESTRAMIENTO-1536x976.jpeg 1536w, https:\/\/www.munimacul.cl\/portalnv\/wp-content\/uploads\/2025\/06\/ALCALDE-ADIESTRAMIENTO-2048x1301.jpeg 2048w\" sizes=\"auto, (max-width: 2560px) 100vw, 2560px\" \/><\/a>\n\t\t\t<\/div><\/figure><figure class='gallery-item'>\n\t\t\t<div class='gallery-icon landscape'>\n\t\t\t\t<a data-elementor-open-lightbox=\"yes\" data-elementor-lightbox-slideshow=\"b0eb32e\" data-e-action-hash=\"#elementor-action%3Aaction%3Dlightbox%26settings%3DeyJpZCI6NDE5OTQsInVybCI6Imh0dHBzOlwvXC93d3cubXVuaW1hY3VsLmNsXC9wb3J0YWxudlwvd3AtY29udGVudFwvdXBsb2Fkc1wvMjAyNVwvMDZcL2M0ZGYwYjdkLTFlOTQtNGYyNC1hOWE0LWNkNDUwODFmMmM0Ni1zY2FsZWQuanBlZyIsInNsaWRlc2hvdyI6ImIwZWIzMmUifQ%3D%3D\" href='https:\/\/www.munimacul.cl\/portalnv\/wp-content\/uploads\/2025\/06\/c4df0b7d-1e94-4f24-a9a4-cd45081f2c46-scaled.jpeg'><img loading=\"lazy\" decoding=\"async\" width=\"2560\" height=\"1920\" src=\"https:\/\/www.munimacul.cl\/portalnv\/wp-content\/uploads\/2025\/06\/c4df0b7d-1e94-4f24-a9a4-cd45081f2c46-scaled.jpeg\" class=\"attachment-full size-full\" alt=\"\" srcset=\"https:\/\/www.munimacul.cl\/portalnv\/wp-content\/uploads\/2025\/06\/c4df0b7d-1e94-4f24-a9a4-cd45081f2c46-scaled.jpeg 2560w, https:\/\/www.munimacul.cl\/portalnv\/wp-content\/uploads\/2025\/06\/c4df0b7d-1e94-4f24-a9a4-cd45081f2c46-300x225.jpeg 300w, https:\/\/www.munimacul.cl\/portalnv\/wp-content\/uploads\/2025\/06\/c4df0b7d-1e94-4f24-a9a4-cd45081f2c46-1024x768.jpeg 1024w, https:\/\/www.munimacul.cl\/portalnv\/wp-content\/uploads\/2025\/06\/c4df0b7d-1e94-4f24-a9a4-cd45081f2c46-768x576.jpeg 768w, https:\/\/www.munimacul.cl\/portalnv\/wp-content\/uploads\/2025\/06\/c4df0b7d-1e94-4f24-a9a4-cd45081f2c46-1536x1152.jpeg 1536w, https:\/\/www.munimacul.cl\/portalnv\/wp-content\/uploads\/2025\/06\/c4df0b7d-1e94-4f24-a9a4-cd45081f2c46-2048x1536.jpeg 2048w\" sizes=\"auto, (max-width: 2560px) 100vw, 2560px\" \/><\/a>\n\t\t\t<\/div><\/figure><figure class='gallery-item'>\n\t\t\t<div class='gallery-icon portrait'>\n\t\t\t\t<a data-elementor-open-lightbox=\"yes\" data-elementor-lightbox-slideshow=\"b0eb32e\" data-e-action-hash=\"#elementor-action%3Aaction%3Dlightbox%26settings%3DeyJpZCI6NDE5OTUsInVybCI6Imh0dHBzOlwvXC93d3cubXVuaW1hY3VsLmNsXC9wb3J0YWxudlwvd3AtY29udGVudFwvdXBsb2Fkc1wvMjAyNVwvMDZcL2U5NzhhZTEzLTBlNTAtNDUxNi1iYTZiLTI3M2VhNTVmNjk0Mi1zY2FsZWQuanBlZyIsInNsaWRlc2hvdyI6ImIwZWIzMmUifQ%3D%3D\" href='https:\/\/www.munimacul.cl\/portalnv\/wp-content\/uploads\/2025\/06\/e978ae13-0e50-4516-ba6b-273ea55f6942-scaled.jpeg'><img loading=\"lazy\" decoding=\"async\" width=\"1920\" height=\"2560\" src=\"https:\/\/www.munimacul.cl\/portalnv\/wp-content\/uploads\/2025\/06\/e978ae13-0e50-4516-ba6b-273ea55f6942-scaled.jpeg\" class=\"attachment-full size-full\" alt=\"\" srcset=\"https:\/\/www.munimacul.cl\/portalnv\/wp-content\/uploads\/2025\/06\/e978ae13-0e50-4516-ba6b-273ea55f6942-scaled.jpeg 1920w, https:\/\/www.munimacul.cl\/portalnv\/wp-content\/uploads\/2025\/06\/e978ae13-0e50-4516-ba6b-273ea55f6942-225x300.jpeg 225w, https:\/\/www.munimacul.cl\/portalnv\/wp-content\/uploads\/2025\/06\/e978ae13-0e50-4516-ba6b-273ea55f6942-768x1024.jpeg 768w, https:\/\/www.munimacul.cl\/portalnv\/wp-content\/uploads\/2025\/06\/e978ae13-0e50-4516-ba6b-273ea55f6942-1152x1536.jpeg 1152w, https:\/\/www.munimacul.cl\/portalnv\/wp-content\/uploads\/2025\/06\/e978ae13-0e50-4516-ba6b-273ea55f6942-1536x2048.jpeg 1536w\" sizes=\"auto, (max-width: 1920px) 100vw, 1920px\" \/><\/a>\n\t\t\t<\/div><\/figure>\n\t\t<\/div>\n\t\t<\/div>\n\t\t\t\t\t\t<\/div>\n\t\t\t\t<\/div>\n\t\t\t\t\t<\/div>\n\t\t<\/div>\n\t\t\t\t\t<\/div>\n\t\t<\/section>\n\t\t\t\t<\/div>\n\t\t","protected":false},"excerpt":{"rendered":"<p>PERROS POLICIALES DE CARABINEROS CAUTIVARON A ALUMNOS DEL LICEO MANUEL ROJAS Cientos de alumnos secundarios disfrutaron de una maravillosa presentaci\u00f3n de los ejemplares caninos de la Secci\u00f3n de Presentaci\u00f3n de Perros Policiales de Carabineros de Carabineros de Chile, a trav\u00e9s de una educativa y enrtetenida jornada. Fue una jornada de juegos, trucos, demostraciones de habilidades &#8230; <\/p>\n<p class=\"read-more-container\"><a title=\"Perros policiales de Carabineros cautivaron a alumnos del Liceo Manuel Rojas\" class=\"read-more button\" href=\"https:\/\/www.munimacul.cl\/portalnv\/index.php\/2025\/06\/11\/perros-policiales-de-carabineros-cautivaron-a-alumnos-del-liceo-manuel-rojas\/#more-41985\" aria-label=\"Leer m\u00e1s sobre Perros policiales de Carabineros cautivaron a alumnos del Liceo Manuel Rojas\">Read more<\/a><\/p>\n","protected":false},"author":1,"featured_media":41986,"comment_status":"closed","ping_status":"closed","sticky":false,"template":"","format":"standard","meta":{"footnotes":""},"categories":[7],"tags":[],"class_list":["post-41985","post","type-post","status-publish","format-standard","has-post-thumbnail","hentry","category-noticias"],"_links":{"self":[{"href":"https:\/\/www.munimacul.cl\/portalnv\/index.php\/wp-json\/wp\/v2\/posts\/41985","targetHints":{"allow":["GET"]}}],"collection":[{"href":"https:\/\/www.munimacul.cl\/portalnv\/index.php\/wp-json\/wp\/v2\/posts"}],"about":[{"href":"https:\/\/www.munimacul.cl\/portalnv\/index.php\/wp-json\/wp\/v2\/types\/post"}],"author":[{"embeddable":true,"href":"https:\/\/www.munimacul.cl\/portalnv\/index.php\/wp-json\/wp\/v2\/users\/1"}],"replies":[{"embeddable":true,"href":"https:\/\/www.munimacul.cl\/portalnv\/index.php\/wp-json\/wp\/v2\/comments?post=41985"}],"version-history":[{"count":5,"href":"https:\/\/www.munimacul.cl\/portalnv\/index.php\/wp-json\/wp\/v2\/posts\/41985\/revisions"}],"predecessor-version":[{"id":41999,"href":"https:\/\/www.munimacul.cl\/portalnv\/index.php\/wp-json\/wp\/v2\/posts\/41985\/revisions\/41999"}],"wp:featuredmedia":[{"embeddable":true,"href":"https:\/\/www.munimacul.cl\/portalnv\/index.php\/wp-json\/wp\/v2\/media\/41986"}],"wp:attachment":[{"href":"https:\/\/www.munimacul.cl\/portalnv\/index.php\/wp-json\/wp\/v2\/media?parent=41985"}],"wp:term":[{"taxonomy":"category","embeddable":true,"href":"https:\/\/www.munimacul.cl\/portalnv\/index.php\/wp-json\/wp\/v2\/categories?post=41985"},{"taxonomy":"post_tag","embeddable":true,"href":"https:\/\/www.munimacul.cl\/portalnv\/index.php\/wp-json\/wp\/v2\/tags?post=41985"}],"curies":[{"name":"wp","href":"https:\/\/api.w.org\/{rel}","templated":true}]}}