{"id":42074,"date":"2025-06-26T11:51:56","date_gmt":"2025-06-26T15:51:56","guid":{"rendered":"https:\/\/www.munimacul.cl\/portalnv\/?p=42074"},"modified":"2025-06-26T11:52:57","modified_gmt":"2025-06-26T15:52:57","slug":"grupo-de-apoyo-a-la-lactancia-materna-ya-esta-en-nuestra-comuna","status":"publish","type":"post","link":"https:\/\/www.munimacul.cl\/portalnv\/index.php\/2025\/06\/26\/grupo-de-apoyo-a-la-lactancia-materna-ya-esta-en-nuestra-comuna\/","title":{"rendered":"Grupo de apoyo a la lactancia materna ya est\u00e1 en nuestra comuna"},"content":{"rendered":"\t\t<div data-elementor-type=\"wp-post\" data-elementor-id=\"42074\" class=\"elementor elementor-42074\" data-elementor-post-type=\"post\">\n\t\t\t\t\t\t<section class=\"has_eae_slider elementor-section elementor-top-section elementor-element elementor-element-58c533c elementor-section-boxed elementor-section-height-default elementor-section-height-default\" data-eae-slider=\"11412\" data-id=\"58c533c\" data-element_type=\"section\" data-e-type=\"section\">\n\t\t\t\t\t\t<div class=\"elementor-container elementor-column-gap-default\">\n\t\t\t\t\t<div class=\"has_eae_slider elementor-column elementor-col-100 elementor-top-column elementor-element elementor-element-5e0b4ed\" data-eae-slider=\"23507\" data-id=\"5e0b4ed\" data-element_type=\"column\" data-e-type=\"column\" data-settings=\"{&quot;background_background&quot;:&quot;classic&quot;}\">\n\t\t\t<div class=\"elementor-widget-wrap elementor-element-populated\">\n\t\t\t\t\t\t<div class=\"elementor-element elementor-element-89453b4 elementor-widget elementor-widget-heading\" data-id=\"89453b4\" data-element_type=\"widget\" data-e-type=\"widget\" data-widget_type=\"heading.default\">\n\t\t\t\t<div class=\"elementor-widget-container\">\n\t\t\t\t\t<h2 class=\"elementor-heading-title elementor-size-default\">GRUPO DE APOYO A LA LACTANCIA MATERNA<br>YA EST\u00c1 EN NUESTRA COMUNA<\/h2>\t\t\t\t<\/div>\n\t\t\t\t<\/div>\n\t\t\t\t\t<\/div>\n\t\t<\/div>\n\t\t\t\t\t<\/div>\n\t\t<\/section>\n\t\t\t\t<section class=\"has_eae_slider elementor-section elementor-top-section elementor-element elementor-element-faae3ce elementor-section-boxed elementor-section-height-default elementor-section-height-default\" data-eae-slider=\"19546\" data-id=\"faae3ce\" data-element_type=\"section\" data-e-type=\"section\">\n\t\t\t\t\t\t<div class=\"elementor-container elementor-column-gap-default\">\n\t\t\t\t\t<div class=\"has_eae_slider elementor-column elementor-col-100 elementor-top-column elementor-element elementor-element-c457b0f\" data-eae-slider=\"86836\" data-id=\"c457b0f\" data-element_type=\"column\" data-e-type=\"column\">\n\t\t\t<div class=\"elementor-widget-wrap elementor-element-populated\">\n\t\t\t\t\t\t<div class=\"elementor-element elementor-element-f96235d elementor-widget elementor-widget-text-editor\" data-id=\"f96235d\" data-element_type=\"widget\" data-e-type=\"widget\" data-widget_type=\"text-editor.default\">\n\t\t\t\t<div class=\"elementor-widget-container\">\n\t\t\t\t\t\t\t\t\t<p>Desde el mes de Junio, se encuentra participando en Macul este grupo que busca compartir experiencias, conocimientos y resolver dudas relacionadas con el proceso de amamantamiento, adem\u00e1s de apoyar a las madres en la pr\u00e1ctica de la lactancia, para promover una experiencia positiva.<\/p>\t\t\t\t\t\t\t\t<\/div>\n\t\t\t\t<\/div>\n\t\t\t\t\t<\/div>\n\t\t<\/div>\n\t\t\t\t\t<\/div>\n\t\t<\/section>\n\t\t\t\t<section class=\"has_eae_slider elementor-section elementor-top-section elementor-element elementor-element-63db922 elementor-section-boxed elementor-section-height-default elementor-section-height-default\" data-eae-slider=\"33998\" data-id=\"63db922\" data-element_type=\"section\" data-e-type=\"section\">\n\t\t\t\t\t\t<div class=\"elementor-container elementor-column-gap-default\">\n\t\t\t\t\t<div class=\"has_eae_slider elementor-column elementor-col-50 elementor-top-column elementor-element elementor-element-de0509a\" data-eae-slider=\"65290\" data-id=\"de0509a\" data-element_type=\"column\" data-e-type=\"column\">\n\t\t\t<div class=\"elementor-widget-wrap elementor-element-populated\">\n\t\t\t\t\t\t<div class=\"elementor-element elementor-element-44f19f6 elementor-widget elementor-widget-text-editor\" data-id=\"44f19f6\" data-element_type=\"widget\" data-e-type=\"widget\" data-widget_type=\"text-editor.default\">\n\t\t\t\t<div class=\"elementor-widget-container\">\n\t\t\t\t\t\t\t\t\t<p>Llegan como un apoyo necesario para un proceso que viene cargado de dudas. El Grupo de Apoyo a la Lactancia Materna (GALM) lleg\u00f3 a Macul como una instancia de apoyo mensual. Los encuentros se realizan los primeros jueves de cada mes, en dependencias de la sala Samuel Rom\u00e1n, entre las 11 y las 13 horas. (Av. Quil\u00edn 3250).<\/p><p>Dicho espacio permanecer\u00e1 disponible para todas las madres en etapa de puerperio o embarazadas que necesiten acceder a esta orientaci\u00f3n especializada en un tema tan sentido, como lo es el per\u00edodo de lactancia y apego con los hijos e hijas en sus primeros meses de vida.<\/p><p>Esta importante coordinaci\u00f3n, se realiza a trav\u00e9s de la Oficina de la Mujer y Equidad de G\u00e9nero, perteneciente a Programas Sociales de la DIDECO. La Comunidad de la Leche realiza consejer\u00edas, facilita redes de apoyo y tambi\u00e9n desarrolla formaci\u00f3n de personas en el \u00e1rea, buscando promover y brindar atenci\u00f3n oportuna en lactancia, con el prop\u00f3sito de hacer del contexto diario un lugar amable con la maternidad.<\/p><p>De esta forma se estableci\u00f3 adem\u00e1s entregar charlas mensuales gratuitas para las madres de la comuna. Para ello, durante el mes de junio ya se realiz\u00f3 el primer encuentro. \u00abFue una linda jornada en donde pudimos conversar, compartir experiencias en torno a la maternidad y resolver dudas de lactancia, dirigido a madres en etapa de puerpuerio\u00bb, precis\u00f3 Marcela Candia, Encargada de la Oficina de la Mujer y Equidad de G\u00e9nero.<\/p>\t\t\t\t\t\t\t\t<\/div>\n\t\t\t\t<\/div>\n\t\t\t\t\t<\/div>\n\t\t<\/div>\n\t\t\t\t<div class=\"has_eae_slider elementor-column elementor-col-50 elementor-top-column elementor-element elementor-element-53887ef\" data-eae-slider=\"99532\" data-id=\"53887ef\" data-element_type=\"column\" data-e-type=\"column\">\n\t\t\t<div class=\"elementor-widget-wrap elementor-element-populated\">\n\t\t\t\t\t\t<div class=\"elementor-element elementor-element-b0eb32e elementor-widget elementor-widget-image-gallery\" data-id=\"b0eb32e\" data-element_type=\"widget\" data-e-type=\"widget\" data-widget_type=\"image-gallery.default\">\n\t\t\t\t<div class=\"elementor-widget-container\">\n\t\t\t\t\t\t\t<div class=\"elementor-image-gallery\">\n\t\t\t<div id='gallery-1' class='gallery galleryid-42074 gallery-columns-3 gallery-size-full'><figure class='gallery-item'>\n\t\t\t<div class='gallery-icon landscape'>\n\t\t\t\t<a data-elementor-open-lightbox=\"yes\" data-elementor-lightbox-slideshow=\"b0eb32e\" data-e-action-hash=\"#elementor-action%3Aaction%3Dlightbox%26settings%3DeyJpZCI6NDIwNzcsInVybCI6Imh0dHBzOlwvXC93d3cubXVuaW1hY3VsLmNsXC9wb3J0YWxudlwvd3AtY29udGVudFwvdXBsb2Fkc1wvMjAyNVwvMDZcLzRjNTBhN2VjLTcwNDEtNDY2Ny05ZmQwLWRkNGQzOTZiNDVhYS5qcGVnIiwic2xpZGVzaG93IjoiYjBlYjMyZSJ9\" href='https:\/\/www.munimacul.cl\/portalnv\/wp-content\/uploads\/2025\/06\/4c50a7ec-7041-4667-9fd0-dd4d396b45aa.jpeg'><img loading=\"lazy\" decoding=\"async\" width=\"1600\" height=\"1200\" src=\"https:\/\/www.munimacul.cl\/portalnv\/wp-content\/uploads\/2025\/06\/4c50a7ec-7041-4667-9fd0-dd4d396b45aa.jpeg\" class=\"attachment-full size-full\" alt=\"\" srcset=\"https:\/\/www.munimacul.cl\/portalnv\/wp-content\/uploads\/2025\/06\/4c50a7ec-7041-4667-9fd0-dd4d396b45aa.jpeg 1600w, https:\/\/www.munimacul.cl\/portalnv\/wp-content\/uploads\/2025\/06\/4c50a7ec-7041-4667-9fd0-dd4d396b45aa-300x225.jpeg 300w, https:\/\/www.munimacul.cl\/portalnv\/wp-content\/uploads\/2025\/06\/4c50a7ec-7041-4667-9fd0-dd4d396b45aa-1024x768.jpeg 1024w, https:\/\/www.munimacul.cl\/portalnv\/wp-content\/uploads\/2025\/06\/4c50a7ec-7041-4667-9fd0-dd4d396b45aa-768x576.jpeg 768w, https:\/\/www.munimacul.cl\/portalnv\/wp-content\/uploads\/2025\/06\/4c50a7ec-7041-4667-9fd0-dd4d396b45aa-1536x1152.jpeg 1536w\" sizes=\"auto, (max-width: 1600px) 100vw, 1600px\" \/><\/a>\n\t\t\t<\/div><\/figure><figure class='gallery-item'>\n\t\t\t<div class='gallery-icon landscape'>\n\t\t\t\t<a data-elementor-open-lightbox=\"yes\" data-elementor-lightbox-slideshow=\"b0eb32e\" data-e-action-hash=\"#elementor-action%3Aaction%3Dlightbox%26settings%3DeyJpZCI6NDIwNzksInVybCI6Imh0dHBzOlwvXC93d3cubXVuaW1hY3VsLmNsXC9wb3J0YWxudlwvd3AtY29udGVudFwvdXBsb2Fkc1wvMjAyNVwvMDZcLzU1ZmM5MWI0LTBiOGQtNGJmNy1iZDhjLWJiZGVmNDA4MWFiZC5qcGVnIiwic2xpZGVzaG93IjoiYjBlYjMyZSJ9\" href='https:\/\/www.munimacul.cl\/portalnv\/wp-content\/uploads\/2025\/06\/55fc91b4-0b8d-4bf7-bd8c-bbdef4081abd.jpeg'><img loading=\"lazy\" decoding=\"async\" width=\"1600\" height=\"1200\" src=\"https:\/\/www.munimacul.cl\/portalnv\/wp-content\/uploads\/2025\/06\/55fc91b4-0b8d-4bf7-bd8c-bbdef4081abd.jpeg\" class=\"attachment-full size-full\" alt=\"\" srcset=\"https:\/\/www.munimacul.cl\/portalnv\/wp-content\/uploads\/2025\/06\/55fc91b4-0b8d-4bf7-bd8c-bbdef4081abd.jpeg 1600w, https:\/\/www.munimacul.cl\/portalnv\/wp-content\/uploads\/2025\/06\/55fc91b4-0b8d-4bf7-bd8c-bbdef4081abd-300x225.jpeg 300w, https:\/\/www.munimacul.cl\/portalnv\/wp-content\/uploads\/2025\/06\/55fc91b4-0b8d-4bf7-bd8c-bbdef4081abd-1024x768.jpeg 1024w, https:\/\/www.munimacul.cl\/portalnv\/wp-content\/uploads\/2025\/06\/55fc91b4-0b8d-4bf7-bd8c-bbdef4081abd-768x576.jpeg 768w, https:\/\/www.munimacul.cl\/portalnv\/wp-content\/uploads\/2025\/06\/55fc91b4-0b8d-4bf7-bd8c-bbdef4081abd-1536x1152.jpeg 1536w\" sizes=\"auto, (max-width: 1600px) 100vw, 1600px\" \/><\/a>\n\t\t\t<\/div><\/figure><figure class='gallery-item'>\n\t\t\t<div class='gallery-icon landscape'>\n\t\t\t\t<a data-elementor-open-lightbox=\"yes\" data-elementor-lightbox-slideshow=\"b0eb32e\" data-e-action-hash=\"#elementor-action%3Aaction%3Dlightbox%26settings%3DeyJpZCI6NDIwODIsInVybCI6Imh0dHBzOlwvXC93d3cubXVuaW1hY3VsLmNsXC9wb3J0YWxudlwvd3AtY29udGVudFwvdXBsb2Fkc1wvMjAyNVwvMDZcLzI4NTgzNjljLTY5ODAtNGY5Ny05ZjAxLTg3OTk1YzVjMWE1Zi5qcGVnIiwic2xpZGVzaG93IjoiYjBlYjMyZSJ9\" href='https:\/\/www.munimacul.cl\/portalnv\/wp-content\/uploads\/2025\/06\/2858369c-6980-4f97-9f01-87995c5c1a5f.jpeg'><img loading=\"lazy\" decoding=\"async\" width=\"1600\" height=\"1200\" src=\"https:\/\/www.munimacul.cl\/portalnv\/wp-content\/uploads\/2025\/06\/2858369c-6980-4f97-9f01-87995c5c1a5f.jpeg\" class=\"attachment-full size-full\" alt=\"\" srcset=\"https:\/\/www.munimacul.cl\/portalnv\/wp-content\/uploads\/2025\/06\/2858369c-6980-4f97-9f01-87995c5c1a5f.jpeg 1600w, https:\/\/www.munimacul.cl\/portalnv\/wp-content\/uploads\/2025\/06\/2858369c-6980-4f97-9f01-87995c5c1a5f-300x225.jpeg 300w, https:\/\/www.munimacul.cl\/portalnv\/wp-content\/uploads\/2025\/06\/2858369c-6980-4f97-9f01-87995c5c1a5f-1024x768.jpeg 1024w, https:\/\/www.munimacul.cl\/portalnv\/wp-content\/uploads\/2025\/06\/2858369c-6980-4f97-9f01-87995c5c1a5f-768x576.jpeg 768w, https:\/\/www.munimacul.cl\/portalnv\/wp-content\/uploads\/2025\/06\/2858369c-6980-4f97-9f01-87995c5c1a5f-1536x1152.jpeg 1536w\" sizes=\"auto, (max-width: 1600px) 100vw, 1600px\" \/><\/a>\n\t\t\t<\/div><\/figure><figure class='gallery-item'>\n\t\t\t<div class='gallery-icon portrait'>\n\t\t\t\t<a data-elementor-open-lightbox=\"yes\" data-elementor-lightbox-slideshow=\"b0eb32e\" data-e-action-hash=\"#elementor-action%3Aaction%3Dlightbox%26settings%3DeyJpZCI6NDIwNzgsInVybCI6Imh0dHBzOlwvXC93d3cubXVuaW1hY3VsLmNsXC9wb3J0YWxudlwvd3AtY29udGVudFwvdXBsb2Fkc1wvMjAyNVwvMDZcLzQxZTkyMmVhLTZhZWUtNGZjZi1iNjJmLWZjMmVmMTA0NTIxYy5qcGVnIiwic2xpZGVzaG93IjoiYjBlYjMyZSJ9\" href='https:\/\/www.munimacul.cl\/portalnv\/wp-content\/uploads\/2025\/06\/41e922ea-6aee-4fcf-b62f-fc2ef104521c.jpeg'><img loading=\"lazy\" decoding=\"async\" width=\"1200\" height=\"1600\" src=\"https:\/\/www.munimacul.cl\/portalnv\/wp-content\/uploads\/2025\/06\/41e922ea-6aee-4fcf-b62f-fc2ef104521c.jpeg\" class=\"attachment-full size-full\" alt=\"\" srcset=\"https:\/\/www.munimacul.cl\/portalnv\/wp-content\/uploads\/2025\/06\/41e922ea-6aee-4fcf-b62f-fc2ef104521c.jpeg 1200w, https:\/\/www.munimacul.cl\/portalnv\/wp-content\/uploads\/2025\/06\/41e922ea-6aee-4fcf-b62f-fc2ef104521c-225x300.jpeg 225w, https:\/\/www.munimacul.cl\/portalnv\/wp-content\/uploads\/2025\/06\/41e922ea-6aee-4fcf-b62f-fc2ef104521c-768x1024.jpeg 768w, https:\/\/www.munimacul.cl\/portalnv\/wp-content\/uploads\/2025\/06\/41e922ea-6aee-4fcf-b62f-fc2ef104521c-1152x1536.jpeg 1152w\" sizes=\"auto, (max-width: 1200px) 100vw, 1200px\" \/><\/a>\n\t\t\t<\/div><\/figure><figure class='gallery-item'>\n\t\t\t<div class='gallery-icon portrait'>\n\t\t\t\t<a data-elementor-open-lightbox=\"yes\" data-elementor-lightbox-slideshow=\"b0eb32e\" data-e-action-hash=\"#elementor-action%3Aaction%3Dlightbox%26settings%3DeyJpZCI6NDIwODAsInVybCI6Imh0dHBzOlwvXC93d3cubXVuaW1hY3VsLmNsXC9wb3J0YWxudlwvd3AtY29udGVudFwvdXBsb2Fkc1wvMjAyNVwvMDZcLzYxYzJjOGNlLWM3NzYtNDQ4ZC1hMjEwLTk4M2UwODY2Y2RjMS5qcGVnIiwic2xpZGVzaG93IjoiYjBlYjMyZSJ9\" href='https:\/\/www.munimacul.cl\/portalnv\/wp-content\/uploads\/2025\/06\/61c2c8ce-c776-448d-a210-983e0866cdc1.jpeg'><img loading=\"lazy\" decoding=\"async\" width=\"1200\" height=\"1600\" src=\"https:\/\/www.munimacul.cl\/portalnv\/wp-content\/uploads\/2025\/06\/61c2c8ce-c776-448d-a210-983e0866cdc1.jpeg\" class=\"attachment-full size-full\" alt=\"\" srcset=\"https:\/\/www.munimacul.cl\/portalnv\/wp-content\/uploads\/2025\/06\/61c2c8ce-c776-448d-a210-983e0866cdc1.jpeg 1200w, https:\/\/www.munimacul.cl\/portalnv\/wp-content\/uploads\/2025\/06\/61c2c8ce-c776-448d-a210-983e0866cdc1-225x300.jpeg 225w, https:\/\/www.munimacul.cl\/portalnv\/wp-content\/uploads\/2025\/06\/61c2c8ce-c776-448d-a210-983e0866cdc1-768x1024.jpeg 768w, https:\/\/www.munimacul.cl\/portalnv\/wp-content\/uploads\/2025\/06\/61c2c8ce-c776-448d-a210-983e0866cdc1-1152x1536.jpeg 1152w\" sizes=\"auto, (max-width: 1200px) 100vw, 1200px\" \/><\/a>\n\t\t\t<\/div><\/figure><figure class='gallery-item'>\n\t\t\t<div class='gallery-icon portrait'>\n\t\t\t\t<a data-elementor-open-lightbox=\"yes\" data-elementor-lightbox-slideshow=\"b0eb32e\" data-e-action-hash=\"#elementor-action%3Aaction%3Dlightbox%26settings%3DeyJpZCI6NDIwODEsInVybCI6Imh0dHBzOlwvXC93d3cubXVuaW1hY3VsLmNsXC9wb3J0YWxudlwvd3AtY29udGVudFwvdXBsb2Fkc1wvMjAyNVwvMDZcLzY4Y2VkOGRlLTYwNmQtNGFiMi05YmYxLTAxMDdkMDc2ZmQxNS5qcGVnIiwic2xpZGVzaG93IjoiYjBlYjMyZSJ9\" href='https:\/\/www.munimacul.cl\/portalnv\/wp-content\/uploads\/2025\/06\/68ced8de-606d-4ab2-9bf1-0107d076fd15.jpeg'><img loading=\"lazy\" decoding=\"async\" width=\"1200\" height=\"1600\" src=\"https:\/\/www.munimacul.cl\/portalnv\/wp-content\/uploads\/2025\/06\/68ced8de-606d-4ab2-9bf1-0107d076fd15.jpeg\" class=\"attachment-full size-full\" alt=\"\" srcset=\"https:\/\/www.munimacul.cl\/portalnv\/wp-content\/uploads\/2025\/06\/68ced8de-606d-4ab2-9bf1-0107d076fd15.jpeg 1200w, https:\/\/www.munimacul.cl\/portalnv\/wp-content\/uploads\/2025\/06\/68ced8de-606d-4ab2-9bf1-0107d076fd15-225x300.jpeg 225w, https:\/\/www.munimacul.cl\/portalnv\/wp-content\/uploads\/2025\/06\/68ced8de-606d-4ab2-9bf1-0107d076fd15-768x1024.jpeg 768w, https:\/\/www.munimacul.cl\/portalnv\/wp-content\/uploads\/2025\/06\/68ced8de-606d-4ab2-9bf1-0107d076fd15-1152x1536.jpeg 1152w\" sizes=\"auto, (max-width: 1200px) 100vw, 1200px\" \/><\/a>\n\t\t\t<\/div><\/figure><figure class='gallery-item'>\n\t\t\t<div class='gallery-icon landscape'>\n\t\t\t\t<a data-elementor-open-lightbox=\"yes\" data-elementor-lightbox-slideshow=\"b0eb32e\" data-e-action-hash=\"#elementor-action%3Aaction%3Dlightbox%26settings%3DeyJpZCI6NDIwODMsInVybCI6Imh0dHBzOlwvXC93d3cubXVuaW1hY3VsLmNsXC9wb3J0YWxudlwvd3AtY29udGVudFwvdXBsb2Fkc1wvMjAyNVwvMDZcLzQ4MjY3MDlmLTY2MTktNDNmOC05ZmEzLTNlNzYzYzJlOGYzZC5qcGVnIiwic2xpZGVzaG93IjoiYjBlYjMyZSJ9\" href='https:\/\/www.munimacul.cl\/portalnv\/wp-content\/uploads\/2025\/06\/4826709f-6619-43f8-9fa3-3e763c2e8f3d.jpeg'><img loading=\"lazy\" decoding=\"async\" width=\"1600\" height=\"1200\" src=\"https:\/\/www.munimacul.cl\/portalnv\/wp-content\/uploads\/2025\/06\/4826709f-6619-43f8-9fa3-3e763c2e8f3d.jpeg\" class=\"attachment-full size-full\" alt=\"\" srcset=\"https:\/\/www.munimacul.cl\/portalnv\/wp-content\/uploads\/2025\/06\/4826709f-6619-43f8-9fa3-3e763c2e8f3d.jpeg 1600w, https:\/\/www.munimacul.cl\/portalnv\/wp-content\/uploads\/2025\/06\/4826709f-6619-43f8-9fa3-3e763c2e8f3d-300x225.jpeg 300w, https:\/\/www.munimacul.cl\/portalnv\/wp-content\/uploads\/2025\/06\/4826709f-6619-43f8-9fa3-3e763c2e8f3d-1024x768.jpeg 1024w, https:\/\/www.munimacul.cl\/portalnv\/wp-content\/uploads\/2025\/06\/4826709f-6619-43f8-9fa3-3e763c2e8f3d-768x576.jpeg 768w, https:\/\/www.munimacul.cl\/portalnv\/wp-content\/uploads\/2025\/06\/4826709f-6619-43f8-9fa3-3e763c2e8f3d-1536x1152.jpeg 1536w\" sizes=\"auto, (max-width: 1600px) 100vw, 1600px\" \/><\/a>\n\t\t\t<\/div><\/figure><figure class='gallery-item'>\n\t\t\t<div class='gallery-icon landscape'>\n\t\t\t\t<a data-elementor-open-lightbox=\"yes\" data-elementor-lightbox-slideshow=\"b0eb32e\" data-e-action-hash=\"#elementor-action%3Aaction%3Dlightbox%26settings%3DeyJpZCI6NDIwODQsInVybCI6Imh0dHBzOlwvXC93d3cubXVuaW1hY3VsLmNsXC9wb3J0YWxudlwvd3AtY29udGVudFwvdXBsb2Fkc1wvMjAyNVwvMDZcL2FlNDFkY2M2LTZmNzktNDFhMi05ODJhLWYxOTVjZDI1NTAwNy5qcGVnIiwic2xpZGVzaG93IjoiYjBlYjMyZSJ9\" href='https:\/\/www.munimacul.cl\/portalnv\/wp-content\/uploads\/2025\/06\/ae41dcc6-6f79-41a2-982a-f195cd255007.jpeg'><img loading=\"lazy\" decoding=\"async\" width=\"1600\" height=\"1200\" src=\"https:\/\/www.munimacul.cl\/portalnv\/wp-content\/uploads\/2025\/06\/ae41dcc6-6f79-41a2-982a-f195cd255007.jpeg\" class=\"attachment-full size-full\" alt=\"\" srcset=\"https:\/\/www.munimacul.cl\/portalnv\/wp-content\/uploads\/2025\/06\/ae41dcc6-6f79-41a2-982a-f195cd255007.jpeg 1600w, https:\/\/www.munimacul.cl\/portalnv\/wp-content\/uploads\/2025\/06\/ae41dcc6-6f79-41a2-982a-f195cd255007-300x225.jpeg 300w, https:\/\/www.munimacul.cl\/portalnv\/wp-content\/uploads\/2025\/06\/ae41dcc6-6f79-41a2-982a-f195cd255007-1024x768.jpeg 1024w, https:\/\/www.munimacul.cl\/portalnv\/wp-content\/uploads\/2025\/06\/ae41dcc6-6f79-41a2-982a-f195cd255007-768x576.jpeg 768w, https:\/\/www.munimacul.cl\/portalnv\/wp-content\/uploads\/2025\/06\/ae41dcc6-6f79-41a2-982a-f195cd255007-1536x1152.jpeg 1536w\" sizes=\"auto, (max-width: 1600px) 100vw, 1600px\" \/><\/a>\n\t\t\t<\/div><\/figure><figure class='gallery-item'>\n\t\t\t<div class='gallery-icon landscape'>\n\t\t\t\t<a data-elementor-open-lightbox=\"yes\" data-elementor-lightbox-slideshow=\"b0eb32e\" data-e-action-hash=\"#elementor-action%3Aaction%3Dlightbox%26settings%3DeyJpZCI6NDIwODUsInVybCI6Imh0dHBzOlwvXC93d3cubXVuaW1hY3VsLmNsXC9wb3J0YWxudlwvd3AtY29udGVudFwvdXBsb2Fkc1wvMjAyNVwvMDZcL2I0ODJkMGU0LWI5NDItNDYzOS05YjU4LTNhMGJhZTE1ZmRlNC5qcGVnIiwic2xpZGVzaG93IjoiYjBlYjMyZSJ9\" href='https:\/\/www.munimacul.cl\/portalnv\/wp-content\/uploads\/2025\/06\/b482d0e4-b942-4639-9b58-3a0bae15fde4.jpeg'><img loading=\"lazy\" decoding=\"async\" width=\"1600\" height=\"1200\" src=\"https:\/\/www.munimacul.cl\/portalnv\/wp-content\/uploads\/2025\/06\/b482d0e4-b942-4639-9b58-3a0bae15fde4.jpeg\" class=\"attachment-full size-full\" alt=\"\" srcset=\"https:\/\/www.munimacul.cl\/portalnv\/wp-content\/uploads\/2025\/06\/b482d0e4-b942-4639-9b58-3a0bae15fde4.jpeg 1600w, https:\/\/www.munimacul.cl\/portalnv\/wp-content\/uploads\/2025\/06\/b482d0e4-b942-4639-9b58-3a0bae15fde4-300x225.jpeg 300w, https:\/\/www.munimacul.cl\/portalnv\/wp-content\/uploads\/2025\/06\/b482d0e4-b942-4639-9b58-3a0bae15fde4-1024x768.jpeg 1024w, https:\/\/www.munimacul.cl\/portalnv\/wp-content\/uploads\/2025\/06\/b482d0e4-b942-4639-9b58-3a0bae15fde4-768x576.jpeg 768w, https:\/\/www.munimacul.cl\/portalnv\/wp-content\/uploads\/2025\/06\/b482d0e4-b942-4639-9b58-3a0bae15fde4-1536x1152.jpeg 1536w\" sizes=\"auto, (max-width: 1600px) 100vw, 1600px\" \/><\/a>\n\t\t\t<\/div><\/figure>\n\t\t<\/div>\n\t\t<\/div>\n\t\t\t\t\t\t<\/div>\n\t\t\t\t<\/div>\n\t\t\t\t\t<\/div>\n\t\t<\/div>\n\t\t\t\t\t<\/div>\n\t\t<\/section>\n\t\t\t\t<\/div>\n\t\t","protected":false},"excerpt":{"rendered":"<p>GRUPO DE APOYO A LA LACTANCIA MATERNAYA EST\u00c1 EN NUESTRA COMUNA Desde el mes de Junio, se encuentra participando en Macul este grupo que busca compartir experiencias, conocimientos y resolver dudas relacionadas con el proceso de amamantamiento, adem\u00e1s de apoyar a las madres en la pr\u00e1ctica de la lactancia, para promover una experiencia positiva. Llegan &#8230; <\/p>\n<p class=\"read-more-container\"><a title=\"Grupo de apoyo a la lactancia materna ya est\u00e1 en nuestra comuna\" class=\"read-more button\" href=\"https:\/\/www.munimacul.cl\/portalnv\/index.php\/2025\/06\/26\/grupo-de-apoyo-a-la-lactancia-materna-ya-esta-en-nuestra-comuna\/#more-42074\" aria-label=\"Leer m\u00e1s sobre Grupo de apoyo a la lactancia materna ya est\u00e1 en nuestra comuna\">Read more<\/a><\/p>\n","protected":false},"author":1,"featured_media":42075,"comment_status":"closed","ping_status":"closed","sticky":false,"template":"","format":"standard","meta":{"footnotes":""},"categories":[7],"tags":[],"class_list":["post-42074","post","type-post","status-publish","format-standard","has-post-thumbnail","hentry","category-noticias"],"_links":{"self":[{"href":"https:\/\/www.munimacul.cl\/portalnv\/index.php\/wp-json\/wp\/v2\/posts\/42074","targetHints":{"allow":["GET"]}}],"collection":[{"href":"https:\/\/www.munimacul.cl\/portalnv\/index.php\/wp-json\/wp\/v2\/posts"}],"about":[{"href":"https:\/\/www.munimacul.cl\/portalnv\/index.php\/wp-json\/wp\/v2\/types\/post"}],"author":[{"embeddable":true,"href":"https:\/\/www.munimacul.cl\/portalnv\/index.php\/wp-json\/wp\/v2\/users\/1"}],"replies":[{"embeddable":true,"href":"https:\/\/www.munimacul.cl\/portalnv\/index.php\/wp-json\/wp\/v2\/comments?post=42074"}],"version-history":[{"count":4,"href":"https:\/\/www.munimacul.cl\/portalnv\/index.php\/wp-json\/wp\/v2\/posts\/42074\/revisions"}],"predecessor-version":[{"id":42088,"href":"https:\/\/www.munimacul.cl\/portalnv\/index.php\/wp-json\/wp\/v2\/posts\/42074\/revisions\/42088"}],"wp:featuredmedia":[{"embeddable":true,"href":"https:\/\/www.munimacul.cl\/portalnv\/index.php\/wp-json\/wp\/v2\/media\/42075"}],"wp:attachment":[{"href":"https:\/\/www.munimacul.cl\/portalnv\/index.php\/wp-json\/wp\/v2\/media?parent=42074"}],"wp:term":[{"taxonomy":"category","embeddable":true,"href":"https:\/\/www.munimacul.cl\/portalnv\/index.php\/wp-json\/wp\/v2\/categories?post=42074"},{"taxonomy":"post_tag","embeddable":true,"href":"https:\/\/www.munimacul.cl\/portalnv\/index.php\/wp-json\/wp\/v2\/tags?post=42074"}],"curies":[{"name":"wp","href":"https:\/\/api.w.org\/{rel}","templated":true}]}}