{"id":42089,"date":"2025-06-26T12:29:31","date_gmt":"2025-06-26T16:29:31","guid":{"rendered":"https:\/\/www.munimacul.cl\/portalnv\/?p=42089"},"modified":"2025-06-26T12:44:55","modified_gmt":"2025-06-26T16:44:55","slug":"viernes-de-boxeo-acaparo-miradas-en-complejo-ivan-zamorano","status":"publish","type":"post","link":"https:\/\/www.munimacul.cl\/portalnv\/index.php\/2025\/06\/26\/viernes-de-boxeo-acaparo-miradas-en-complejo-ivan-zamorano\/","title":{"rendered":"Viernes de Boxeo acapar\u00f3 miradas en Complejo Iv\u00e1n Zamorano"},"content":{"rendered":"\t\t<div data-elementor-type=\"wp-post\" data-elementor-id=\"42089\" class=\"elementor elementor-42089\" data-elementor-post-type=\"post\">\n\t\t\t\t\t\t<section class=\"has_eae_slider elementor-section elementor-top-section elementor-element elementor-element-58c533c elementor-section-boxed elementor-section-height-default elementor-section-height-default\" data-eae-slider=\"62572\" data-id=\"58c533c\" data-element_type=\"section\" data-e-type=\"section\">\n\t\t\t\t\t\t<div class=\"elementor-container elementor-column-gap-default\">\n\t\t\t\t\t<div class=\"has_eae_slider elementor-column elementor-col-100 elementor-top-column elementor-element elementor-element-5e0b4ed\" data-eae-slider=\"851\" data-id=\"5e0b4ed\" data-element_type=\"column\" data-e-type=\"column\" data-settings=\"{&quot;background_background&quot;:&quot;classic&quot;}\">\n\t\t\t<div class=\"elementor-widget-wrap elementor-element-populated\">\n\t\t\t\t\t\t<div class=\"elementor-element elementor-element-89453b4 elementor-widget elementor-widget-heading\" data-id=\"89453b4\" data-element_type=\"widget\" data-e-type=\"widget\" data-widget_type=\"heading.default\">\n\t\t\t\t<div class=\"elementor-widget-container\">\n\t\t\t\t\t<h2 class=\"elementor-heading-title elementor-size-default\">VIERNES DE BOXEO ACAPAR\u00d3 MIRADAS<br>EN COMPLEJO IV\u00c1N ZAMORANO<\/h2>\t\t\t\t<\/div>\n\t\t\t\t<\/div>\n\t\t\t\t\t<\/div>\n\t\t<\/div>\n\t\t\t\t\t<\/div>\n\t\t<\/section>\n\t\t\t\t<section class=\"has_eae_slider elementor-section elementor-top-section elementor-element elementor-element-faae3ce elementor-section-boxed elementor-section-height-default elementor-section-height-default\" data-eae-slider=\"81438\" data-id=\"faae3ce\" data-element_type=\"section\" data-e-type=\"section\">\n\t\t\t\t\t\t<div class=\"elementor-container elementor-column-gap-default\">\n\t\t\t\t\t<div class=\"has_eae_slider elementor-column elementor-col-100 elementor-top-column elementor-element elementor-element-c457b0f\" data-eae-slider=\"2128\" data-id=\"c457b0f\" data-element_type=\"column\" data-e-type=\"column\">\n\t\t\t<div class=\"elementor-widget-wrap elementor-element-populated\">\n\t\t\t\t\t\t<div class=\"elementor-element elementor-element-f96235d elementor-widget elementor-widget-text-editor\" data-id=\"f96235d\" data-element_type=\"widget\" data-e-type=\"widget\" data-widget_type=\"text-editor.default\">\n\t\t\t\t<div class=\"elementor-widget-container\">\n\t\t\t\t\t\t\t\t\t<p>La velada, organizada por el Club Social, Cultural y Deportivo de Boxeo Macul, incluy\u00f3 16 combates, masculinos y femeninos, y en categor\u00edas desde los 52 a los 92 kilos. Todo un \u00e9xito a juzgar por m\u00e1s de un centenar de asistentes.<\/p>\t\t\t\t\t\t\t\t<\/div>\n\t\t\t\t<\/div>\n\t\t\t\t\t<\/div>\n\t\t<\/div>\n\t\t\t\t\t<\/div>\n\t\t<\/section>\n\t\t\t\t<section class=\"has_eae_slider elementor-section elementor-top-section elementor-element elementor-element-63db922 elementor-section-boxed elementor-section-height-default elementor-section-height-default\" data-eae-slider=\"82686\" data-id=\"63db922\" data-element_type=\"section\" data-e-type=\"section\">\n\t\t\t\t\t\t<div class=\"elementor-container elementor-column-gap-default\">\n\t\t\t\t\t<div class=\"has_eae_slider elementor-column elementor-col-50 elementor-top-column elementor-element elementor-element-de0509a\" data-eae-slider=\"70753\" data-id=\"de0509a\" data-element_type=\"column\" data-e-type=\"column\">\n\t\t\t<div class=\"elementor-widget-wrap elementor-element-populated\">\n\t\t\t\t\t\t<div class=\"elementor-element elementor-element-44f19f6 elementor-widget elementor-widget-text-editor\" data-id=\"44f19f6\" data-element_type=\"widget\" data-e-type=\"widget\" data-widget_type=\"text-editor.default\">\n\t\t\t\t<div class=\"elementor-widget-container\">\n\t\t\t\t\t\t\t\t\t<p>A la usanza de las cl\u00e1sicas jornadas del Club M\u00e9xico, nuestro Complejo Deportivo Iv\u00e1n Zamorano se puso los guantes para acoger una noche cargada de boxeo en todas sus categor\u00edas. Una m\u00e1gica jornada organizada por el Club Social, Cultural y Deportivo de Boxeo Macul, que incluy\u00f3 16 combates y en categor\u00edas desde los 52 a los 92 kilos &#8211; dos de los cuales fueron femeninos.<\/p><p>En la velada, no s\u00f3lo se subieron al ring los j\u00f3venes de Macul, sino que tambi\u00e9n se dio cabida a sus pares de distintos clubes de la Asociaci\u00f3n Santiago Sur, perteneciente a la Asociaci\u00f3n Chilena de Boxeo. Una jornada que despert\u00f3 un importante inter\u00e9s en MAcul, totalizando m\u00e1s de 120 asistentes que llenaron la zona dispuesta para los combates en el Complejo Iv\u00e1n Zamorano.<\/p><p>En la noche boxeril, adem\u00e1s, destac\u00f3 la presencia del Alcalde de Macul, Eduardo Espinoza, que fue reconocido por el club anfitri\u00f3n, como una forma de agradecer el apoyo\u00a0 del municipio a las actividades que desarrolla el club, como clases gratuitas para hombres y mujeres de entrnos cercanos y de toda la comuna.<\/p><p>Rodolfo Nahuelp\u00e1n, Presidente del Club Social, Cultural y Deportivo de Boxeo Macul, explic\u00f3 qu\u00e9 significa esta velada para la organizaci\u00f3n fundada en 2015 y con personalidad jur\u00eddica desde 2018. \u00abNuestro club es el \u00fanico de la comuna que es federado, por lo que nuestra velada fue regulada por la Federaci\u00f3n de Boxeo. El objetivo final es darle rodaje a nuestros boxeadores\u00bb, precis\u00f3.<\/p><p>La m\u00e1xima autoridad del club maculino explic\u00f3 las motivaciones para darle forma a este proyecto deportivo. \u00abLa piedra fundamental de nuestro club es la gratuidad. Estamos en un sector vulnerable y no hacemos ning\u00fan filtro. Tenemos siempre representantes en campeonatos nacionales, \u00e9se es nuestro gran premio\u00bb, cerr\u00f3.<\/p>\t\t\t\t\t\t\t\t<\/div>\n\t\t\t\t<\/div>\n\t\t\t\t\t<\/div>\n\t\t<\/div>\n\t\t\t\t<div class=\"has_eae_slider elementor-column elementor-col-50 elementor-top-column elementor-element elementor-element-53887ef\" data-eae-slider=\"48980\" data-id=\"53887ef\" data-element_type=\"column\" data-e-type=\"column\">\n\t\t\t<div class=\"elementor-widget-wrap elementor-element-populated\">\n\t\t\t\t\t\t<div class=\"elementor-element elementor-element-b0eb32e elementor-widget elementor-widget-image-gallery\" data-id=\"b0eb32e\" data-element_type=\"widget\" data-e-type=\"widget\" data-widget_type=\"image-gallery.default\">\n\t\t\t\t<div class=\"elementor-widget-container\">\n\t\t\t\t\t\t\t<div class=\"elementor-image-gallery\">\n\t\t\t<div id='gallery-1' class='gallery galleryid-42089 gallery-columns-2 gallery-size-full'><figure class='gallery-item'>\n\t\t\t<div class='gallery-icon portrait'>\n\t\t\t\t<a data-elementor-open-lightbox=\"yes\" data-elementor-lightbox-slideshow=\"b0eb32e\" data-e-action-hash=\"#elementor-action%3Aaction%3Dlightbox%26settings%3DeyJpZCI6NDIwOTIsInVybCI6Imh0dHBzOlwvXC93d3cubXVuaW1hY3VsLmNsXC9wb3J0YWxudlwvd3AtY29udGVudFwvdXBsb2Fkc1wvMjAyNVwvMDZcLzMyYzQyZWZkLTk4ZGEtNGI1My1hZTZjLTRlYjg1NTQ4N2QwYy5qcGciLCJzbGlkZXNob3ciOiJiMGViMzJlIn0%3D\" href='https:\/\/www.munimacul.cl\/portalnv\/wp-content\/uploads\/2025\/06\/32c42efd-98da-4b53-ae6c-4eb855487d0c.jpg'><img loading=\"lazy\" decoding=\"async\" width=\"1179\" height=\"1451\" src=\"https:\/\/www.munimacul.cl\/portalnv\/wp-content\/uploads\/2025\/06\/32c42efd-98da-4b53-ae6c-4eb855487d0c.jpg\" class=\"attachment-full size-full\" alt=\"\" srcset=\"https:\/\/www.munimacul.cl\/portalnv\/wp-content\/uploads\/2025\/06\/32c42efd-98da-4b53-ae6c-4eb855487d0c.jpg 1179w, https:\/\/www.munimacul.cl\/portalnv\/wp-content\/uploads\/2025\/06\/32c42efd-98da-4b53-ae6c-4eb855487d0c-244x300.jpg 244w, https:\/\/www.munimacul.cl\/portalnv\/wp-content\/uploads\/2025\/06\/32c42efd-98da-4b53-ae6c-4eb855487d0c-832x1024.jpg 832w, https:\/\/www.munimacul.cl\/portalnv\/wp-content\/uploads\/2025\/06\/32c42efd-98da-4b53-ae6c-4eb855487d0c-768x945.jpg 768w\" sizes=\"auto, (max-width: 1179px) 100vw, 1179px\" \/><\/a>\n\t\t\t<\/div><\/figure><figure class='gallery-item'>\n\t\t\t<div class='gallery-icon portrait'>\n\t\t\t\t<a data-elementor-open-lightbox=\"yes\" data-elementor-lightbox-slideshow=\"b0eb32e\" data-e-action-hash=\"#elementor-action%3Aaction%3Dlightbox%26settings%3DeyJpZCI6NDIwOTgsInVybCI6Imh0dHBzOlwvXC93d3cubXVuaW1hY3VsLmNsXC9wb3J0YWxudlwvd3AtY29udGVudFwvdXBsb2Fkc1wvMjAyNVwvMDZcL0lNR183MjgwLmpwZyIsInNsaWRlc2hvdyI6ImIwZWIzMmUifQ%3D%3D\" href='https:\/\/www.munimacul.cl\/portalnv\/wp-content\/uploads\/2025\/06\/IMG_7280.jpg'><img loading=\"lazy\" decoding=\"async\" width=\"1031\" height=\"1044\" src=\"https:\/\/www.munimacul.cl\/portalnv\/wp-content\/uploads\/2025\/06\/IMG_7280.jpg\" class=\"attachment-full size-full\" alt=\"\" srcset=\"https:\/\/www.munimacul.cl\/portalnv\/wp-content\/uploads\/2025\/06\/IMG_7280.jpg 1031w, https:\/\/www.munimacul.cl\/portalnv\/wp-content\/uploads\/2025\/06\/IMG_7280-296x300.jpg 296w, https:\/\/www.munimacul.cl\/portalnv\/wp-content\/uploads\/2025\/06\/IMG_7280-1011x1024.jpg 1011w, https:\/\/www.munimacul.cl\/portalnv\/wp-content\/uploads\/2025\/06\/IMG_7280-768x778.jpg 768w\" sizes=\"auto, (max-width: 1031px) 100vw, 1031px\" \/><\/a>\n\t\t\t<\/div><\/figure><figure class='gallery-item'>\n\t\t\t<div class='gallery-icon portrait'>\n\t\t\t\t<a data-elementor-open-lightbox=\"yes\" data-elementor-lightbox-slideshow=\"b0eb32e\" data-e-action-hash=\"#elementor-action%3Aaction%3Dlightbox%26settings%3DeyJpZCI6NDIwOTMsInVybCI6Imh0dHBzOlwvXC93d3cubXVuaW1hY3VsLmNsXC9wb3J0YWxudlwvd3AtY29udGVudFwvdXBsb2Fkc1wvMjAyNVwvMDZcL2NlY2FkMWI4LWFkMGItNDM2OC05MGQwLTk4NTMzMWUzNzg4YS5qcGciLCJzbGlkZXNob3ciOiJiMGViMzJlIn0%3D\" href='https:\/\/www.munimacul.cl\/portalnv\/wp-content\/uploads\/2025\/06\/cecad1b8-ad0b-4368-90d0-985331e3788a.jpg'><img loading=\"lazy\" decoding=\"async\" width=\"720\" height=\"1280\" src=\"https:\/\/www.munimacul.cl\/portalnv\/wp-content\/uploads\/2025\/06\/cecad1b8-ad0b-4368-90d0-985331e3788a.jpg\" class=\"attachment-full size-full\" alt=\"\" srcset=\"https:\/\/www.munimacul.cl\/portalnv\/wp-content\/uploads\/2025\/06\/cecad1b8-ad0b-4368-90d0-985331e3788a.jpg 720w, https:\/\/www.munimacul.cl\/portalnv\/wp-content\/uploads\/2025\/06\/cecad1b8-ad0b-4368-90d0-985331e3788a-169x300.jpg 169w, https:\/\/www.munimacul.cl\/portalnv\/wp-content\/uploads\/2025\/06\/cecad1b8-ad0b-4368-90d0-985331e3788a-576x1024.jpg 576w\" sizes=\"auto, (max-width: 720px) 100vw, 720px\" \/><\/a>\n\t\t\t<\/div><\/figure><figure class='gallery-item'>\n\t\t\t<div class='gallery-icon portrait'>\n\t\t\t\t<a data-elementor-open-lightbox=\"yes\" data-elementor-lightbox-slideshow=\"b0eb32e\" data-e-action-hash=\"#elementor-action%3Aaction%3Dlightbox%26settings%3DeyJpZCI6NDIwOTQsInVybCI6Imh0dHBzOlwvXC93d3cubXVuaW1hY3VsLmNsXC9wb3J0YWxudlwvd3AtY29udGVudFwvdXBsb2Fkc1wvMjAyNVwvMDZcL2Q4MTVlZjlhLThjZTYtNDg3Zi1iNmVmLTJmNTQ5OWYzOWJlZi5qcGciLCJzbGlkZXNob3ciOiJiMGViMzJlIn0%3D\" href='https:\/\/www.munimacul.cl\/portalnv\/wp-content\/uploads\/2025\/06\/d815ef9a-8ce6-487f-b6ef-2f5499f39bef.jpg'><img loading=\"lazy\" decoding=\"async\" width=\"720\" height=\"1280\" src=\"https:\/\/www.munimacul.cl\/portalnv\/wp-content\/uploads\/2025\/06\/d815ef9a-8ce6-487f-b6ef-2f5499f39bef.jpg\" class=\"attachment-full size-full\" alt=\"\" srcset=\"https:\/\/www.munimacul.cl\/portalnv\/wp-content\/uploads\/2025\/06\/d815ef9a-8ce6-487f-b6ef-2f5499f39bef.jpg 720w, https:\/\/www.munimacul.cl\/portalnv\/wp-content\/uploads\/2025\/06\/d815ef9a-8ce6-487f-b6ef-2f5499f39bef-169x300.jpg 169w, https:\/\/www.munimacul.cl\/portalnv\/wp-content\/uploads\/2025\/06\/d815ef9a-8ce6-487f-b6ef-2f5499f39bef-576x1024.jpg 576w\" sizes=\"auto, (max-width: 720px) 100vw, 720px\" \/><\/a>\n\t\t\t<\/div><\/figure><figure class='gallery-item'>\n\t\t\t<div class='gallery-icon landscape'>\n\t\t\t\t<a data-elementor-open-lightbox=\"yes\" data-elementor-lightbox-slideshow=\"b0eb32e\" data-e-action-hash=\"#elementor-action%3Aaction%3Dlightbox%26settings%3DeyJpZCI6NDIwOTUsInVybCI6Imh0dHBzOlwvXC93d3cubXVuaW1hY3VsLmNsXC9wb3J0YWxudlwvd3AtY29udGVudFwvdXBsb2Fkc1wvMjAyNVwvMDZcL0lNR183Mjc2LmpwZyIsInNsaWRlc2hvdyI6ImIwZWIzMmUifQ%3D%3D\" href='https:\/\/www.munimacul.cl\/portalnv\/wp-content\/uploads\/2025\/06\/IMG_7276.jpg'><img loading=\"lazy\" decoding=\"async\" width=\"869\" height=\"651\" src=\"https:\/\/www.munimacul.cl\/portalnv\/wp-content\/uploads\/2025\/06\/IMG_7276.jpg\" class=\"attachment-full size-full\" alt=\"\" srcset=\"https:\/\/www.munimacul.cl\/portalnv\/wp-content\/uploads\/2025\/06\/IMG_7276.jpg 869w, https:\/\/www.munimacul.cl\/portalnv\/wp-content\/uploads\/2025\/06\/IMG_7276-300x225.jpg 300w, https:\/\/www.munimacul.cl\/portalnv\/wp-content\/uploads\/2025\/06\/IMG_7276-768x575.jpg 768w\" sizes=\"auto, (max-width: 869px) 100vw, 869px\" \/><\/a>\n\t\t\t<\/div><\/figure><figure class='gallery-item'>\n\t\t\t<div class='gallery-icon landscape'>\n\t\t\t\t<a data-elementor-open-lightbox=\"yes\" data-elementor-lightbox-slideshow=\"b0eb32e\" data-e-action-hash=\"#elementor-action%3Aaction%3Dlightbox%26settings%3DeyJpZCI6NDIwOTYsInVybCI6Imh0dHBzOlwvXC93d3cubXVuaW1hY3VsLmNsXC9wb3J0YWxudlwvd3AtY29udGVudFwvdXBsb2Fkc1wvMjAyNVwvMDZcL0lNR183Mjc3LmpwZyIsInNsaWRlc2hvdyI6ImIwZWIzMmUifQ%3D%3D\" href='https:\/\/www.munimacul.cl\/portalnv\/wp-content\/uploads\/2025\/06\/IMG_7277.jpg'><img loading=\"lazy\" decoding=\"async\" width=\"1047\" height=\"665\" src=\"https:\/\/www.munimacul.cl\/portalnv\/wp-content\/uploads\/2025\/06\/IMG_7277.jpg\" class=\"attachment-full size-full\" alt=\"\" srcset=\"https:\/\/www.munimacul.cl\/portalnv\/wp-content\/uploads\/2025\/06\/IMG_7277.jpg 1047w, https:\/\/www.munimacul.cl\/portalnv\/wp-content\/uploads\/2025\/06\/IMG_7277-300x191.jpg 300w, https:\/\/www.munimacul.cl\/portalnv\/wp-content\/uploads\/2025\/06\/IMG_7277-1024x650.jpg 1024w, https:\/\/www.munimacul.cl\/portalnv\/wp-content\/uploads\/2025\/06\/IMG_7277-768x488.jpg 768w\" sizes=\"auto, (max-width: 1047px) 100vw, 1047px\" \/><\/a>\n\t\t\t<\/div><\/figure><figure class='gallery-item'>\n\t\t\t<div class='gallery-icon portrait'>\n\t\t\t\t<a data-elementor-open-lightbox=\"yes\" data-elementor-lightbox-slideshow=\"b0eb32e\" data-e-action-hash=\"#elementor-action%3Aaction%3Dlightbox%26settings%3DeyJpZCI6NDIwOTcsInVybCI6Imh0dHBzOlwvXC93d3cubXVuaW1hY3VsLmNsXC9wb3J0YWxudlwvd3AtY29udGVudFwvdXBsb2Fkc1wvMjAyNVwvMDZcL0lNR183Mjc5LmpwZyIsInNsaWRlc2hvdyI6ImIwZWIzMmUifQ%3D%3D\" href='https:\/\/www.munimacul.cl\/portalnv\/wp-content\/uploads\/2025\/06\/IMG_7279.jpg'><img loading=\"lazy\" decoding=\"async\" width=\"1031\" height=\"1115\" src=\"https:\/\/www.munimacul.cl\/portalnv\/wp-content\/uploads\/2025\/06\/IMG_7279.jpg\" class=\"attachment-full size-full\" alt=\"\" srcset=\"https:\/\/www.munimacul.cl\/portalnv\/wp-content\/uploads\/2025\/06\/IMG_7279.jpg 1031w, https:\/\/www.munimacul.cl\/portalnv\/wp-content\/uploads\/2025\/06\/IMG_7279-277x300.jpg 277w, https:\/\/www.munimacul.cl\/portalnv\/wp-content\/uploads\/2025\/06\/IMG_7279-947x1024.jpg 947w, https:\/\/www.munimacul.cl\/portalnv\/wp-content\/uploads\/2025\/06\/IMG_7279-768x831.jpg 768w\" sizes=\"auto, (max-width: 1031px) 100vw, 1031px\" \/><\/a>\n\t\t\t<\/div><\/figure>\n\t\t<\/div>\n\t\t<\/div>\n\t\t\t\t\t\t<\/div>\n\t\t\t\t<\/div>\n\t\t\t\t\t<\/div>\n\t\t<\/div>\n\t\t\t\t\t<\/div>\n\t\t<\/section>\n\t\t\t\t<\/div>\n\t\t","protected":false},"excerpt":{"rendered":"<p>VIERNES DE BOXEO ACAPAR\u00d3 MIRADASEN COMPLEJO IV\u00c1N ZAMORANO La velada, organizada por el Club Social, Cultural y Deportivo de Boxeo Macul, incluy\u00f3 16 combates, masculinos y femeninos, y en categor\u00edas desde los 52 a los 92 kilos. Todo un \u00e9xito a juzgar por m\u00e1s de un centenar de asistentes. A la usanza de las cl\u00e1sicas &#8230; <\/p>\n<p class=\"read-more-container\"><a title=\"Viernes de Boxeo acapar\u00f3 miradas en Complejo Iv\u00e1n Zamorano\" class=\"read-more button\" href=\"https:\/\/www.munimacul.cl\/portalnv\/index.php\/2025\/06\/26\/viernes-de-boxeo-acaparo-miradas-en-complejo-ivan-zamorano\/#more-42089\" aria-label=\"Leer m\u00e1s sobre Viernes de Boxeo acapar\u00f3 miradas en Complejo Iv\u00e1n Zamorano\">Read more<\/a><\/p>\n","protected":false},"author":1,"featured_media":42090,"comment_status":"closed","ping_status":"closed","sticky":false,"template":"","format":"standard","meta":{"footnotes":""},"categories":[7],"tags":[],"class_list":["post-42089","post","type-post","status-publish","format-standard","has-post-thumbnail","hentry","category-noticias"],"_links":{"self":[{"href":"https:\/\/www.munimacul.cl\/portalnv\/index.php\/wp-json\/wp\/v2\/posts\/42089","targetHints":{"allow":["GET"]}}],"collection":[{"href":"https:\/\/www.munimacul.cl\/portalnv\/index.php\/wp-json\/wp\/v2\/posts"}],"about":[{"href":"https:\/\/www.munimacul.cl\/portalnv\/index.php\/wp-json\/wp\/v2\/types\/post"}],"author":[{"embeddable":true,"href":"https:\/\/www.munimacul.cl\/portalnv\/index.php\/wp-json\/wp\/v2\/users\/1"}],"replies":[{"embeddable":true,"href":"https:\/\/www.munimacul.cl\/portalnv\/index.php\/wp-json\/wp\/v2\/comments?post=42089"}],"version-history":[{"count":4,"href":"https:\/\/www.munimacul.cl\/portalnv\/index.php\/wp-json\/wp\/v2\/posts\/42089\/revisions"}],"predecessor-version":[{"id":42101,"href":"https:\/\/www.munimacul.cl\/portalnv\/index.php\/wp-json\/wp\/v2\/posts\/42089\/revisions\/42101"}],"wp:featuredmedia":[{"embeddable":true,"href":"https:\/\/www.munimacul.cl\/portalnv\/index.php\/wp-json\/wp\/v2\/media\/42090"}],"wp:attachment":[{"href":"https:\/\/www.munimacul.cl\/portalnv\/index.php\/wp-json\/wp\/v2\/media?parent=42089"}],"wp:term":[{"taxonomy":"category","embeddable":true,"href":"https:\/\/www.munimacul.cl\/portalnv\/index.php\/wp-json\/wp\/v2\/categories?post=42089"},{"taxonomy":"post_tag","embeddable":true,"href":"https:\/\/www.munimacul.cl\/portalnv\/index.php\/wp-json\/wp\/v2\/tags?post=42089"}],"curies":[{"name":"wp","href":"https:\/\/api.w.org\/{rel}","templated":true}]}}