{"id":42193,"date":"2025-07-08T17:57:37","date_gmt":"2025-07-08T21:57:37","guid":{"rendered":"https:\/\/www.munimacul.cl\/portalnv\/?p=42193"},"modified":"2025-07-08T18:08:38","modified_gmt":"2025-07-08T22:08:38","slug":"gimnasio-municipal-acoge-entrega-de-subsidio-para-familias-de-macul","status":"publish","type":"post","link":"https:\/\/www.munimacul.cl\/portalnv\/index.php\/2025\/07\/08\/gimnasio-municipal-acoge-entrega-de-subsidio-para-familias-de-macul\/","title":{"rendered":"Gimnasio Municipal acoge entrega de subsidio para familias de Macul"},"content":{"rendered":"\t\t<div data-elementor-type=\"wp-post\" data-elementor-id=\"42193\" class=\"elementor elementor-42193\" data-elementor-post-type=\"post\">\n\t\t\t\t\t\t<section class=\"has_eae_slider elementor-section elementor-top-section elementor-element elementor-element-58c533c elementor-section-boxed elementor-section-height-default elementor-section-height-default\" data-eae-slider=\"82286\" data-id=\"58c533c\" data-element_type=\"section\" data-e-type=\"section\">\n\t\t\t\t\t\t<div class=\"elementor-container elementor-column-gap-default\">\n\t\t\t\t\t<div class=\"has_eae_slider elementor-column elementor-col-100 elementor-top-column elementor-element elementor-element-5e0b4ed\" data-eae-slider=\"99551\" data-id=\"5e0b4ed\" data-element_type=\"column\" data-e-type=\"column\" data-settings=\"{&quot;background_background&quot;:&quot;classic&quot;}\">\n\t\t\t<div class=\"elementor-widget-wrap elementor-element-populated\">\n\t\t\t\t\t\t<div class=\"elementor-element elementor-element-89453b4 elementor-widget elementor-widget-heading\" data-id=\"89453b4\" data-element_type=\"widget\" data-e-type=\"widget\" data-widget_type=\"heading.default\">\n\t\t\t\t<div class=\"elementor-widget-container\">\n\t\t\t\t\t<h2 class=\"elementor-heading-title elementor-size-default\">GIMNASIO MUNICIPAL ACOGE ENTREGA DE SUBSIDIO<br>PARA FAMILIAS DE MACUL<\/h2>\t\t\t\t<\/div>\n\t\t\t\t<\/div>\n\t\t\t\t\t<\/div>\n\t\t<\/div>\n\t\t\t\t\t<\/div>\n\t\t<\/section>\n\t\t\t\t<section class=\"has_eae_slider elementor-section elementor-top-section elementor-element elementor-element-faae3ce elementor-section-boxed elementor-section-height-default elementor-section-height-default\" data-eae-slider=\"81776\" data-id=\"faae3ce\" data-element_type=\"section\" data-e-type=\"section\">\n\t\t\t\t\t\t<div class=\"elementor-container elementor-column-gap-default\">\n\t\t\t\t\t<div class=\"has_eae_slider elementor-column elementor-col-100 elementor-top-column elementor-element elementor-element-c457b0f\" data-eae-slider=\"15510\" data-id=\"c457b0f\" data-element_type=\"column\" data-e-type=\"column\">\n\t\t\t<div class=\"elementor-widget-wrap elementor-element-populated\">\n\t\t\t\t\t\t<div class=\"elementor-element elementor-element-f96235d elementor-widget elementor-widget-text-editor\" data-id=\"f96235d\" data-element_type=\"widget\" data-e-type=\"widget\" data-widget_type=\"text-editor.default\">\n\t\t\t\t<div class=\"elementor-widget-container\">\n\t\t\t\t\t\t\t\t\t<p>En una emotiva ceremonia, 288 familias de nuestra comuna, adem\u00e1s de \u00d1u\u00f1oa y\u00a0<span style=\"color: var( --e-global-color-text );\">Santiago, recibieron subsidio para viviendas sociales. El proyecto incluye a 8 comit\u00e9s de\u00a0<\/span><span style=\"color: var( --e-global-color-text );\">vivienda de las citadas comunas, que se agrupan en la denominada \u201cCoordinadora por el\u00a0<\/span><span style=\"color: var( --e-global-color-text );\">terreno Aldea SOS\u201d.<\/span><\/p>\t\t\t\t\t\t\t\t<\/div>\n\t\t\t\t<\/div>\n\t\t\t\t\t<\/div>\n\t\t<\/div>\n\t\t\t\t\t<\/div>\n\t\t<\/section>\n\t\t\t\t<section class=\"has_eae_slider elementor-section elementor-top-section elementor-element elementor-element-63db922 elementor-section-boxed elementor-section-height-default elementor-section-height-default\" data-eae-slider=\"16499\" data-id=\"63db922\" data-element_type=\"section\" data-e-type=\"section\">\n\t\t\t\t\t\t<div class=\"elementor-container elementor-column-gap-default\">\n\t\t\t\t\t<div class=\"has_eae_slider elementor-column elementor-col-50 elementor-top-column elementor-element elementor-element-de0509a\" data-eae-slider=\"58611\" data-id=\"de0509a\" data-element_type=\"column\" data-e-type=\"column\">\n\t\t\t<div class=\"elementor-widget-wrap elementor-element-populated\">\n\t\t\t\t\t\t<div class=\"elementor-element elementor-element-44f19f6 elementor-widget elementor-widget-text-editor\" data-id=\"44f19f6\" data-element_type=\"widget\" data-e-type=\"widget\" data-widget_type=\"text-editor.default\">\n\t\t\t\t<div class=\"elementor-widget-container\">\n\t\t\t\t\t\t\t\t\t<p>Las l\u00e1grimas, la emoci\u00f3n y la alegr\u00eda de miles dieron a la ceremonia un manto \u00fanico e inolvidable.\u00a0<span style=\"color: var( --e-global-color-text );\">En un encuentro efectuado en el Gimnasio Municipal de Macul, 288 familias recibieron sus\u00a0<\/span><span style=\"color: var( --e-global-color-text );\">anhelados subsidios habitacionales, correspondientes al proyecto Aldeas SOS, que se emplazar\u00e1\u00a0<\/span><span style=\"color: var( --e-global-color-text );\">en nuestra comuna.<\/span><\/p><p>Este importante espaldarazo entregar\u00e1 la oportunidad a familias de Macul, \u00d1u\u00f1oa y Santiago de\u00a0<span style=\"color: var( --e-global-color-text );\">acceder a su vivienda definitiva, convirti\u00e9ndose en un hito en nuestra comuna, donde hace m\u00e1s de\u00a0<\/span><span style=\"color: var( --e-global-color-text );\">tres d\u00e9cadas no se acced\u00eda a proyectos similares de viviendas sociales.<\/span><\/p><p>\u201cEs un sue\u00f1o, llevamos a\u00f1os de espera y de trabajo, para por fin recibir este subsidio, que trae una\u00a0<span style=\"color: var( --e-global-color-text );\">felicidad y tranquilidad tan grande para nuestras familias, es un avance impagable\u201d, precis\u00f3\u00a0<\/span><span style=\"color: var( --e-global-color-text );\">M\u00f3nica Zamora, del Comit\u00e9 de Vivienda \u00d1iKutralwe de Macul.<\/span><\/p><p>Se trata de un conjunto habitacional que, adem\u00e1s, releva los est\u00e1ndares actuales y que contar\u00e1\u00a0<span style=\"color: var( --e-global-color-text );\">con viviendas adaptadas para personas neurodivergentes. Entre sus equipamientos destacan\u00a0<\/span><span style=\"color: var( --e-global-color-text );\">zonas de locales comerciales, estacionamientos subterr\u00e1neos, ascensores, \u00e1reas verdes al interior\u00a0<\/span><span style=\"color: var( --e-global-color-text );\">del recinto.<\/span><\/p><p>Las familias recibieron sus subsidios de manos de las autoridades, encabezadas por la Seremi de\u00a0<span style=\"color: var( --e-global-color-text );\">Vivienda, Carolina Casanova y el Alcalde Eduardo Espinoza, quienes se manifestaron muy felices.\u00a0<\/span><span style=\"color: var( --e-global-color-text );\">\u201cEste logro es de la gente que trabaj\u00f3 e impuls\u00f3 este proyecto, as\u00ed que felicitamos a los vecinos y\u00a0<\/span><span style=\"color: var( --e-global-color-text );\">vecinas que lucharon por su vivienda\u2026 Ustedes son protagonistas de esta hermosa historia, donde\u00a0<\/span><span style=\"color: var( --e-global-color-text );\">el sue\u00f1o de una vivienda digna est\u00e1 a punto de convertirse en realidad, si\u00e9ntanse orgullosos y\u00a0<\/span><span style=\"color: var( --e-global-color-text );\">orgullosas de este tremendo logro\u201d, precis\u00f3 la m\u00e1xima autoridad comunal.<\/span><\/p><p>La Seremi de Vivienda tambi\u00e9n valor\u00f3 el logro. \u201cHa sido un camino largo, hemos hecho un\u00a0<span style=\"color: var( --e-global-color-text );\">esfuerzo enorme, desde la instituci\u00f3n, las familias y el Estado. Pero nada de eso tiene sentido si no\u00a0<\/span><span style=\"color: var( --e-global-color-text );\">ven las caras y la dignidad que se entrega a cada uno de ustedes cuando hacemos este esfuerzo,\u00a0<\/span><span style=\"color: var( --e-global-color-text );\">tambi\u00e9n como funcionarios p\u00fablicos nos sentimos felices de trabajar por sus sue\u00f1os\u201d, precis\u00f3 la\u00a0<\/span><span style=\"color: var( --e-global-color-text );\">autoridad, adem\u00e1s de explicar que con este proyecto se alcanza un 77, 2% de avance en el plan de\u00a0<\/span><span style=\"color: var( --e-global-color-text );\">emergencia habitacional propuesta por el Gobierno.<\/span><\/p><p>En la actividad se cont\u00f3 con la presencia de autoridades parlamentarias como las diputadas Lorena\u00a0<span style=\"color: var( --e-global-color-text );\">Fries, Alejandra Placencia y Emilia Schneider. y concejales de la comuna. Adem\u00e1s de vecinos y\u00a0<\/span><span style=\"color: var( --e-global-color-text );\">vecinas de un total de 8 comit\u00e9s de allegados, quienes a trav\u00e9s de un camino de aprendizajes,\u00a0<\/span><span style=\"color: var( --e-global-color-text );\">esfuerzos y cumplimiento de objetivos, lograron obtener los subsidios para su vivienda propia.<\/span><\/p>\t\t\t\t\t\t\t\t<\/div>\n\t\t\t\t<\/div>\n\t\t\t\t\t<\/div>\n\t\t<\/div>\n\t\t\t\t<div class=\"has_eae_slider elementor-column elementor-col-50 elementor-top-column elementor-element elementor-element-53887ef\" data-eae-slider=\"61018\" data-id=\"53887ef\" data-element_type=\"column\" data-e-type=\"column\">\n\t\t\t<div class=\"elementor-widget-wrap elementor-element-populated\">\n\t\t\t\t\t\t<div class=\"elementor-element elementor-element-b0eb32e elementor-widget elementor-widget-image-gallery\" data-id=\"b0eb32e\" data-element_type=\"widget\" data-e-type=\"widget\" data-widget_type=\"image-gallery.default\">\n\t\t\t\t<div class=\"elementor-widget-container\">\n\t\t\t\t\t\t\t<div class=\"elementor-image-gallery\">\n\t\t\t<div id='gallery-1' class='gallery galleryid-42193 gallery-columns-3 gallery-size-full'><figure class='gallery-item'>\n\t\t\t<div class='gallery-icon landscape'>\n\t\t\t\t<a data-elementor-open-lightbox=\"yes\" data-elementor-lightbox-slideshow=\"b0eb32e\" data-e-action-hash=\"#elementor-action%3Aaction%3Dlightbox%26settings%3DeyJpZCI6NDIxOTYsInVybCI6Imh0dHBzOlwvXC93d3cubXVuaW1hY3VsLmNsXC9wb3J0YWxudlwvd3AtY29udGVudFwvdXBsb2Fkc1wvMjAyNVwvMDdcLzBlMWJlN2YxLTkwN2ItNDhlOC1hOWI3LTM3NzBkYjljYzRhYi1zY2FsZWQuanBlZyIsInNsaWRlc2hvdyI6ImIwZWIzMmUifQ%3D%3D\" href='https:\/\/www.munimacul.cl\/portalnv\/wp-content\/uploads\/2025\/07\/0e1be7f1-907b-48e8-a9b7-3770db9cc4ab-scaled.jpeg'><img loading=\"lazy\" decoding=\"async\" width=\"2560\" height=\"1920\" src=\"https:\/\/www.munimacul.cl\/portalnv\/wp-content\/uploads\/2025\/07\/0e1be7f1-907b-48e8-a9b7-3770db9cc4ab-scaled.jpeg\" class=\"attachment-full size-full\" alt=\"\" srcset=\"https:\/\/www.munimacul.cl\/portalnv\/wp-content\/uploads\/2025\/07\/0e1be7f1-907b-48e8-a9b7-3770db9cc4ab-scaled.jpeg 2560w, https:\/\/www.munimacul.cl\/portalnv\/wp-content\/uploads\/2025\/07\/0e1be7f1-907b-48e8-a9b7-3770db9cc4ab-300x225.jpeg 300w, https:\/\/www.munimacul.cl\/portalnv\/wp-content\/uploads\/2025\/07\/0e1be7f1-907b-48e8-a9b7-3770db9cc4ab-1024x768.jpeg 1024w, https:\/\/www.munimacul.cl\/portalnv\/wp-content\/uploads\/2025\/07\/0e1be7f1-907b-48e8-a9b7-3770db9cc4ab-768x576.jpeg 768w, https:\/\/www.munimacul.cl\/portalnv\/wp-content\/uploads\/2025\/07\/0e1be7f1-907b-48e8-a9b7-3770db9cc4ab-1536x1152.jpeg 1536w, https:\/\/www.munimacul.cl\/portalnv\/wp-content\/uploads\/2025\/07\/0e1be7f1-907b-48e8-a9b7-3770db9cc4ab-2048x1536.jpeg 2048w\" sizes=\"auto, (max-width: 2560px) 100vw, 2560px\" \/><\/a>\n\t\t\t<\/div><\/figure><figure class='gallery-item'>\n\t\t\t<div class='gallery-icon landscape'>\n\t\t\t\t<a data-elementor-open-lightbox=\"yes\" data-elementor-lightbox-slideshow=\"b0eb32e\" data-e-action-hash=\"#elementor-action%3Aaction%3Dlightbox%26settings%3DeyJpZCI6NDIxOTcsInVybCI6Imh0dHBzOlwvXC93d3cubXVuaW1hY3VsLmNsXC9wb3J0YWxudlwvd3AtY29udGVudFwvdXBsb2Fkc1wvMjAyNVwvMDdcLzJkN2I4YjU0LTc3NmItNGNjYi1iOGI5LWMxOTk2MTA0N2YxZi1zY2FsZWQuanBlZyIsInNsaWRlc2hvdyI6ImIwZWIzMmUifQ%3D%3D\" href='https:\/\/www.munimacul.cl\/portalnv\/wp-content\/uploads\/2025\/07\/2d7b8b54-776b-4ccb-b8b9-c19961047f1f-scaled.jpeg'><img loading=\"lazy\" decoding=\"async\" width=\"2560\" height=\"1920\" src=\"https:\/\/www.munimacul.cl\/portalnv\/wp-content\/uploads\/2025\/07\/2d7b8b54-776b-4ccb-b8b9-c19961047f1f-scaled.jpeg\" class=\"attachment-full size-full\" alt=\"\" srcset=\"https:\/\/www.munimacul.cl\/portalnv\/wp-content\/uploads\/2025\/07\/2d7b8b54-776b-4ccb-b8b9-c19961047f1f-scaled.jpeg 2560w, https:\/\/www.munimacul.cl\/portalnv\/wp-content\/uploads\/2025\/07\/2d7b8b54-776b-4ccb-b8b9-c19961047f1f-300x225.jpeg 300w, https:\/\/www.munimacul.cl\/portalnv\/wp-content\/uploads\/2025\/07\/2d7b8b54-776b-4ccb-b8b9-c19961047f1f-1024x768.jpeg 1024w, https:\/\/www.munimacul.cl\/portalnv\/wp-content\/uploads\/2025\/07\/2d7b8b54-776b-4ccb-b8b9-c19961047f1f-768x576.jpeg 768w, https:\/\/www.munimacul.cl\/portalnv\/wp-content\/uploads\/2025\/07\/2d7b8b54-776b-4ccb-b8b9-c19961047f1f-1536x1152.jpeg 1536w, https:\/\/www.munimacul.cl\/portalnv\/wp-content\/uploads\/2025\/07\/2d7b8b54-776b-4ccb-b8b9-c19961047f1f-2048x1536.jpeg 2048w\" sizes=\"auto, (max-width: 2560px) 100vw, 2560px\" \/><\/a>\n\t\t\t<\/div><\/figure><figure class='gallery-item'>\n\t\t\t<div class='gallery-icon landscape'>\n\t\t\t\t<a data-elementor-open-lightbox=\"yes\" data-elementor-lightbox-slideshow=\"b0eb32e\" data-e-action-hash=\"#elementor-action%3Aaction%3Dlightbox%26settings%3DeyJpZCI6NDIxOTgsInVybCI6Imh0dHBzOlwvXC93d3cubXVuaW1hY3VsLmNsXC9wb3J0YWxudlwvd3AtY29udGVudFwvdXBsb2Fkc1wvMjAyNVwvMDdcLzgxYTIwYjlhLTNmZGMtNDFkOS1hMTIyLTkzNjIxYWM5MTExZC1zY2FsZWQuanBlZyIsInNsaWRlc2hvdyI6ImIwZWIzMmUifQ%3D%3D\" href='https:\/\/www.munimacul.cl\/portalnv\/wp-content\/uploads\/2025\/07\/81a20b9a-3fdc-41d9-a122-93621ac9111d-scaled.jpeg'><img loading=\"lazy\" decoding=\"async\" width=\"2560\" height=\"1920\" src=\"https:\/\/www.munimacul.cl\/portalnv\/wp-content\/uploads\/2025\/07\/81a20b9a-3fdc-41d9-a122-93621ac9111d-scaled.jpeg\" class=\"attachment-full size-full\" alt=\"\" srcset=\"https:\/\/www.munimacul.cl\/portalnv\/wp-content\/uploads\/2025\/07\/81a20b9a-3fdc-41d9-a122-93621ac9111d-scaled.jpeg 2560w, https:\/\/www.munimacul.cl\/portalnv\/wp-content\/uploads\/2025\/07\/81a20b9a-3fdc-41d9-a122-93621ac9111d-300x225.jpeg 300w, https:\/\/www.munimacul.cl\/portalnv\/wp-content\/uploads\/2025\/07\/81a20b9a-3fdc-41d9-a122-93621ac9111d-1024x768.jpeg 1024w, https:\/\/www.munimacul.cl\/portalnv\/wp-content\/uploads\/2025\/07\/81a20b9a-3fdc-41d9-a122-93621ac9111d-768x576.jpeg 768w, https:\/\/www.munimacul.cl\/portalnv\/wp-content\/uploads\/2025\/07\/81a20b9a-3fdc-41d9-a122-93621ac9111d-1536x1152.jpeg 1536w, https:\/\/www.munimacul.cl\/portalnv\/wp-content\/uploads\/2025\/07\/81a20b9a-3fdc-41d9-a122-93621ac9111d-2048x1536.jpeg 2048w\" sizes=\"auto, (max-width: 2560px) 100vw, 2560px\" \/><\/a>\n\t\t\t<\/div><\/figure><figure class='gallery-item'>\n\t\t\t<div class='gallery-icon landscape'>\n\t\t\t\t<a data-elementor-open-lightbox=\"yes\" data-elementor-lightbox-slideshow=\"b0eb32e\" data-e-action-hash=\"#elementor-action%3Aaction%3Dlightbox%26settings%3DeyJpZCI6NDIxOTksInVybCI6Imh0dHBzOlwvXC93d3cubXVuaW1hY3VsLmNsXC9wb3J0YWxudlwvd3AtY29udGVudFwvdXBsb2Fkc1wvMjAyNVwvMDdcLzUyNmZmYmY2LWQwYmUtNDJlMS1hOWI3LTg2ZWM4YjBkNGM3OS1zY2FsZWQuanBlZyIsInNsaWRlc2hvdyI6ImIwZWIzMmUifQ%3D%3D\" href='https:\/\/www.munimacul.cl\/portalnv\/wp-content\/uploads\/2025\/07\/526ffbf6-d0be-42e1-a9b7-86ec8b0d4c79-scaled.jpeg'><img loading=\"lazy\" decoding=\"async\" width=\"2560\" height=\"1920\" src=\"https:\/\/www.munimacul.cl\/portalnv\/wp-content\/uploads\/2025\/07\/526ffbf6-d0be-42e1-a9b7-86ec8b0d4c79-scaled.jpeg\" class=\"attachment-full size-full\" alt=\"\" srcset=\"https:\/\/www.munimacul.cl\/portalnv\/wp-content\/uploads\/2025\/07\/526ffbf6-d0be-42e1-a9b7-86ec8b0d4c79-scaled.jpeg 2560w, https:\/\/www.munimacul.cl\/portalnv\/wp-content\/uploads\/2025\/07\/526ffbf6-d0be-42e1-a9b7-86ec8b0d4c79-300x225.jpeg 300w, https:\/\/www.munimacul.cl\/portalnv\/wp-content\/uploads\/2025\/07\/526ffbf6-d0be-42e1-a9b7-86ec8b0d4c79-1024x768.jpeg 1024w, https:\/\/www.munimacul.cl\/portalnv\/wp-content\/uploads\/2025\/07\/526ffbf6-d0be-42e1-a9b7-86ec8b0d4c79-768x576.jpeg 768w, https:\/\/www.munimacul.cl\/portalnv\/wp-content\/uploads\/2025\/07\/526ffbf6-d0be-42e1-a9b7-86ec8b0d4c79-1536x1152.jpeg 1536w, https:\/\/www.munimacul.cl\/portalnv\/wp-content\/uploads\/2025\/07\/526ffbf6-d0be-42e1-a9b7-86ec8b0d4c79-2048x1536.jpeg 2048w\" sizes=\"auto, (max-width: 2560px) 100vw, 2560px\" \/><\/a>\n\t\t\t<\/div><\/figure><figure class='gallery-item'>\n\t\t\t<div class='gallery-icon portrait'>\n\t\t\t\t<a data-elementor-open-lightbox=\"yes\" data-elementor-lightbox-slideshow=\"b0eb32e\" data-e-action-hash=\"#elementor-action%3Aaction%3Dlightbox%26settings%3DeyJpZCI6NDIyMDAsInVybCI6Imh0dHBzOlwvXC93d3cubXVuaW1hY3VsLmNsXC9wb3J0YWxudlwvd3AtY29udGVudFwvdXBsb2Fkc1wvMjAyNVwvMDdcLzc5NGNkNGE1LWIxOGQtNDgyYy1hOWVkLWMyOTZhNjJhY2RlMy5qcGVnIiwic2xpZGVzaG93IjoiYjBlYjMyZSJ9\" href='https:\/\/www.munimacul.cl\/portalnv\/wp-content\/uploads\/2025\/07\/794cd4a5-b18d-482c-a9ed-c296a62acde3.jpeg'><img loading=\"lazy\" decoding=\"async\" width=\"960\" height=\"1280\" src=\"https:\/\/www.munimacul.cl\/portalnv\/wp-content\/uploads\/2025\/07\/794cd4a5-b18d-482c-a9ed-c296a62acde3.jpeg\" class=\"attachment-full size-full\" alt=\"\" srcset=\"https:\/\/www.munimacul.cl\/portalnv\/wp-content\/uploads\/2025\/07\/794cd4a5-b18d-482c-a9ed-c296a62acde3.jpeg 960w, https:\/\/www.munimacul.cl\/portalnv\/wp-content\/uploads\/2025\/07\/794cd4a5-b18d-482c-a9ed-c296a62acde3-225x300.jpeg 225w, https:\/\/www.munimacul.cl\/portalnv\/wp-content\/uploads\/2025\/07\/794cd4a5-b18d-482c-a9ed-c296a62acde3-768x1024.jpeg 768w\" sizes=\"auto, (max-width: 960px) 100vw, 960px\" \/><\/a>\n\t\t\t<\/div><\/figure><figure class='gallery-item'>\n\t\t\t<div class='gallery-icon portrait'>\n\t\t\t\t<a data-elementor-open-lightbox=\"yes\" data-elementor-lightbox-slideshow=\"b0eb32e\" data-e-action-hash=\"#elementor-action%3Aaction%3Dlightbox%26settings%3DeyJpZCI6NDIyMDEsInVybCI6Imh0dHBzOlwvXC93d3cubXVuaW1hY3VsLmNsXC9wb3J0YWxudlwvd3AtY29udGVudFwvdXBsb2Fkc1wvMjAyNVwvMDdcLzM0ODMwMmY5LTZkMjEtNDkxMC1hY2JiLTUyZjE3OGUyYjllYi1zY2FsZWQuanBlZyIsInNsaWRlc2hvdyI6ImIwZWIzMmUifQ%3D%3D\" href='https:\/\/www.munimacul.cl\/portalnv\/wp-content\/uploads\/2025\/07\/348302f9-6d21-4910-acbb-52f178e2b9eb-scaled.jpeg'><img loading=\"lazy\" decoding=\"async\" width=\"1920\" height=\"2560\" src=\"https:\/\/www.munimacul.cl\/portalnv\/wp-content\/uploads\/2025\/07\/348302f9-6d21-4910-acbb-52f178e2b9eb-scaled.jpeg\" class=\"attachment-full size-full\" alt=\"\" srcset=\"https:\/\/www.munimacul.cl\/portalnv\/wp-content\/uploads\/2025\/07\/348302f9-6d21-4910-acbb-52f178e2b9eb-scaled.jpeg 1920w, https:\/\/www.munimacul.cl\/portalnv\/wp-content\/uploads\/2025\/07\/348302f9-6d21-4910-acbb-52f178e2b9eb-225x300.jpeg 225w, https:\/\/www.munimacul.cl\/portalnv\/wp-content\/uploads\/2025\/07\/348302f9-6d21-4910-acbb-52f178e2b9eb-768x1024.jpeg 768w, https:\/\/www.munimacul.cl\/portalnv\/wp-content\/uploads\/2025\/07\/348302f9-6d21-4910-acbb-52f178e2b9eb-1152x1536.jpeg 1152w, https:\/\/www.munimacul.cl\/portalnv\/wp-content\/uploads\/2025\/07\/348302f9-6d21-4910-acbb-52f178e2b9eb-1536x2048.jpeg 1536w\" sizes=\"auto, (max-width: 1920px) 100vw, 1920px\" \/><\/a>\n\t\t\t<\/div><\/figure><figure class='gallery-item'>\n\t\t\t<div class='gallery-icon landscape'>\n\t\t\t\t<a data-elementor-open-lightbox=\"yes\" data-elementor-lightbox-slideshow=\"b0eb32e\" data-e-action-hash=\"#elementor-action%3Aaction%3Dlightbox%26settings%3DeyJpZCI6NDIyMDIsInVybCI6Imh0dHBzOlwvXC93d3cubXVuaW1hY3VsLmNsXC9wb3J0YWxudlwvd3AtY29udGVudFwvdXBsb2Fkc1wvMjAyNVwvMDdcL2FhZjc5MDI0LWVkOWEtNGYyMy1iMzI4LTI0YzFiYTllZTAxNS1zY2FsZWQuanBlZyIsInNsaWRlc2hvdyI6ImIwZWIzMmUifQ%3D%3D\" href='https:\/\/www.munimacul.cl\/portalnv\/wp-content\/uploads\/2025\/07\/aaf79024-ed9a-4f23-b328-24c1ba9ee015-scaled.jpeg'><img loading=\"lazy\" decoding=\"async\" width=\"2560\" height=\"1920\" src=\"https:\/\/www.munimacul.cl\/portalnv\/wp-content\/uploads\/2025\/07\/aaf79024-ed9a-4f23-b328-24c1ba9ee015-scaled.jpeg\" class=\"attachment-full size-full\" alt=\"\" srcset=\"https:\/\/www.munimacul.cl\/portalnv\/wp-content\/uploads\/2025\/07\/aaf79024-ed9a-4f23-b328-24c1ba9ee015-scaled.jpeg 2560w, https:\/\/www.munimacul.cl\/portalnv\/wp-content\/uploads\/2025\/07\/aaf79024-ed9a-4f23-b328-24c1ba9ee015-300x225.jpeg 300w, https:\/\/www.munimacul.cl\/portalnv\/wp-content\/uploads\/2025\/07\/aaf79024-ed9a-4f23-b328-24c1ba9ee015-1024x768.jpeg 1024w, https:\/\/www.munimacul.cl\/portalnv\/wp-content\/uploads\/2025\/07\/aaf79024-ed9a-4f23-b328-24c1ba9ee015-768x576.jpeg 768w, https:\/\/www.munimacul.cl\/portalnv\/wp-content\/uploads\/2025\/07\/aaf79024-ed9a-4f23-b328-24c1ba9ee015-1536x1152.jpeg 1536w, https:\/\/www.munimacul.cl\/portalnv\/wp-content\/uploads\/2025\/07\/aaf79024-ed9a-4f23-b328-24c1ba9ee015-2048x1536.jpeg 2048w\" sizes=\"auto, (max-width: 2560px) 100vw, 2560px\" \/><\/a>\n\t\t\t<\/div><\/figure><figure class='gallery-item'>\n\t\t\t<div class='gallery-icon portrait'>\n\t\t\t\t<a data-elementor-open-lightbox=\"yes\" data-elementor-lightbox-slideshow=\"b0eb32e\" data-e-action-hash=\"#elementor-action%3Aaction%3Dlightbox%26settings%3DeyJpZCI6NDIyMDMsInVybCI6Imh0dHBzOlwvXC93d3cubXVuaW1hY3VsLmNsXC9wb3J0YWxudlwvd3AtY29udGVudFwvdXBsb2Fkc1wvMjAyNVwvMDdcL2JkMjgyYjg2LWRiNTEtNDY2OC1iNDg1LTUzNDUzZTExNDU1NC5qcGVnIiwic2xpZGVzaG93IjoiYjBlYjMyZSJ9\" href='https:\/\/www.munimacul.cl\/portalnv\/wp-content\/uploads\/2025\/07\/bd282b86-db51-4668-b485-53453e114554.jpeg'><img loading=\"lazy\" decoding=\"async\" width=\"960\" height=\"1280\" src=\"https:\/\/www.munimacul.cl\/portalnv\/wp-content\/uploads\/2025\/07\/bd282b86-db51-4668-b485-53453e114554.jpeg\" class=\"attachment-full size-full\" alt=\"\" srcset=\"https:\/\/www.munimacul.cl\/portalnv\/wp-content\/uploads\/2025\/07\/bd282b86-db51-4668-b485-53453e114554.jpeg 960w, https:\/\/www.munimacul.cl\/portalnv\/wp-content\/uploads\/2025\/07\/bd282b86-db51-4668-b485-53453e114554-225x300.jpeg 225w, https:\/\/www.munimacul.cl\/portalnv\/wp-content\/uploads\/2025\/07\/bd282b86-db51-4668-b485-53453e114554-768x1024.jpeg 768w\" sizes=\"auto, (max-width: 960px) 100vw, 960px\" \/><\/a>\n\t\t\t<\/div><\/figure><figure class='gallery-item'>\n\t\t\t<div class='gallery-icon portrait'>\n\t\t\t\t<a data-elementor-open-lightbox=\"yes\" data-elementor-lightbox-slideshow=\"b0eb32e\" data-e-action-hash=\"#elementor-action%3Aaction%3Dlightbox%26settings%3DeyJpZCI6NDIyMDQsInVybCI6Imh0dHBzOlwvXC93d3cubXVuaW1hY3VsLmNsXC9wb3J0YWxudlwvd3AtY29udGVudFwvdXBsb2Fkc1wvMjAyNVwvMDdcL2JlMTFiNWQwLThlNTctNDA2NC1iMTM3LTEyMWI5ODkyNjE1Ny1zY2FsZWQuanBlZyIsInNsaWRlc2hvdyI6ImIwZWIzMmUifQ%3D%3D\" href='https:\/\/www.munimacul.cl\/portalnv\/wp-content\/uploads\/2025\/07\/be11b5d0-8e57-4064-b137-121b98926157-scaled.jpeg'><img loading=\"lazy\" decoding=\"async\" width=\"1920\" height=\"2560\" src=\"https:\/\/www.munimacul.cl\/portalnv\/wp-content\/uploads\/2025\/07\/be11b5d0-8e57-4064-b137-121b98926157-scaled.jpeg\" class=\"attachment-full size-full\" alt=\"\" srcset=\"https:\/\/www.munimacul.cl\/portalnv\/wp-content\/uploads\/2025\/07\/be11b5d0-8e57-4064-b137-121b98926157-scaled.jpeg 1920w, https:\/\/www.munimacul.cl\/portalnv\/wp-content\/uploads\/2025\/07\/be11b5d0-8e57-4064-b137-121b98926157-225x300.jpeg 225w, https:\/\/www.munimacul.cl\/portalnv\/wp-content\/uploads\/2025\/07\/be11b5d0-8e57-4064-b137-121b98926157-768x1024.jpeg 768w, https:\/\/www.munimacul.cl\/portalnv\/wp-content\/uploads\/2025\/07\/be11b5d0-8e57-4064-b137-121b98926157-1152x1536.jpeg 1152w, https:\/\/www.munimacul.cl\/portalnv\/wp-content\/uploads\/2025\/07\/be11b5d0-8e57-4064-b137-121b98926157-1536x2048.jpeg 1536w\" sizes=\"auto, (max-width: 1920px) 100vw, 1920px\" \/><\/a>\n\t\t\t<\/div><\/figure><figure class='gallery-item'>\n\t\t\t<div class='gallery-icon portrait'>\n\t\t\t\t<a data-elementor-open-lightbox=\"yes\" data-elementor-lightbox-slideshow=\"b0eb32e\" data-e-action-hash=\"#elementor-action%3Aaction%3Dlightbox%26settings%3DeyJpZCI6NDIyMDUsInVybCI6Imh0dHBzOlwvXC93d3cubXVuaW1hY3VsLmNsXC9wb3J0YWxudlwvd3AtY29udGVudFwvdXBsb2Fkc1wvMjAyNVwvMDdcL2NkN2Y4MzhhLWMzYjItNDhkOC1iMGQ4LTRiOGY1NGQ4MGM4Mi1zY2FsZWQuanBlZyIsInNsaWRlc2hvdyI6ImIwZWIzMmUifQ%3D%3D\" href='https:\/\/www.munimacul.cl\/portalnv\/wp-content\/uploads\/2025\/07\/cd7f838a-c3b2-48d8-b0d8-4b8f54d80c82-scaled.jpeg'><img loading=\"lazy\" decoding=\"async\" width=\"1920\" height=\"2560\" src=\"https:\/\/www.munimacul.cl\/portalnv\/wp-content\/uploads\/2025\/07\/cd7f838a-c3b2-48d8-b0d8-4b8f54d80c82-scaled.jpeg\" class=\"attachment-full size-full\" alt=\"\" srcset=\"https:\/\/www.munimacul.cl\/portalnv\/wp-content\/uploads\/2025\/07\/cd7f838a-c3b2-48d8-b0d8-4b8f54d80c82-scaled.jpeg 1920w, https:\/\/www.munimacul.cl\/portalnv\/wp-content\/uploads\/2025\/07\/cd7f838a-c3b2-48d8-b0d8-4b8f54d80c82-225x300.jpeg 225w, https:\/\/www.munimacul.cl\/portalnv\/wp-content\/uploads\/2025\/07\/cd7f838a-c3b2-48d8-b0d8-4b8f54d80c82-768x1024.jpeg 768w, https:\/\/www.munimacul.cl\/portalnv\/wp-content\/uploads\/2025\/07\/cd7f838a-c3b2-48d8-b0d8-4b8f54d80c82-1152x1536.jpeg 1152w, https:\/\/www.munimacul.cl\/portalnv\/wp-content\/uploads\/2025\/07\/cd7f838a-c3b2-48d8-b0d8-4b8f54d80c82-1536x2048.jpeg 1536w\" sizes=\"auto, (max-width: 1920px) 100vw, 1920px\" \/><\/a>\n\t\t\t<\/div><\/figure><figure class='gallery-item'>\n\t\t\t<div class='gallery-icon portrait'>\n\t\t\t\t<a data-elementor-open-lightbox=\"yes\" data-elementor-lightbox-slideshow=\"b0eb32e\" data-e-action-hash=\"#elementor-action%3Aaction%3Dlightbox%26settings%3DeyJpZCI6NDIyMDYsInVybCI6Imh0dHBzOlwvXC93d3cubXVuaW1hY3VsLmNsXC9wb3J0YWxudlwvd3AtY29udGVudFwvdXBsb2Fkc1wvMjAyNVwvMDdcL1BIT1RPLTIwMjUtMDctMDgtMTEtMTYtMzMuanBnIiwic2xpZGVzaG93IjoiYjBlYjMyZSJ9\" href='https:\/\/www.munimacul.cl\/portalnv\/wp-content\/uploads\/2025\/07\/PHOTO-2025-07-08-11-16-33.jpg'><img loading=\"lazy\" decoding=\"async\" width=\"1200\" height=\"1600\" src=\"https:\/\/www.munimacul.cl\/portalnv\/wp-content\/uploads\/2025\/07\/PHOTO-2025-07-08-11-16-33.jpg\" class=\"attachment-full size-full\" alt=\"\" srcset=\"https:\/\/www.munimacul.cl\/portalnv\/wp-content\/uploads\/2025\/07\/PHOTO-2025-07-08-11-16-33.jpg 1200w, https:\/\/www.munimacul.cl\/portalnv\/wp-content\/uploads\/2025\/07\/PHOTO-2025-07-08-11-16-33-225x300.jpg 225w, https:\/\/www.munimacul.cl\/portalnv\/wp-content\/uploads\/2025\/07\/PHOTO-2025-07-08-11-16-33-768x1024.jpg 768w, https:\/\/www.munimacul.cl\/portalnv\/wp-content\/uploads\/2025\/07\/PHOTO-2025-07-08-11-16-33-1152x1536.jpg 1152w\" sizes=\"auto, (max-width: 1200px) 100vw, 1200px\" \/><\/a>\n\t\t\t<\/div><\/figure><figure class='gallery-item'>\n\t\t\t<div class='gallery-icon portrait'>\n\t\t\t\t<a data-elementor-open-lightbox=\"yes\" data-elementor-lightbox-slideshow=\"b0eb32e\" data-e-action-hash=\"#elementor-action%3Aaction%3Dlightbox%26settings%3DeyJpZCI6NDIyMDcsInVybCI6Imh0dHBzOlwvXC93d3cubXVuaW1hY3VsLmNsXC9wb3J0YWxudlwvd3AtY29udGVudFwvdXBsb2Fkc1wvMjAyNVwvMDdcL1BIT1RPLTIwMjUtMDctMDgtMTEtMTYtMzQuanBnIiwic2xpZGVzaG93IjoiYjBlYjMyZSJ9\" href='https:\/\/www.munimacul.cl\/portalnv\/wp-content\/uploads\/2025\/07\/PHOTO-2025-07-08-11-16-34.jpg'><img loading=\"lazy\" decoding=\"async\" width=\"1200\" height=\"1600\" src=\"https:\/\/www.munimacul.cl\/portalnv\/wp-content\/uploads\/2025\/07\/PHOTO-2025-07-08-11-16-34.jpg\" class=\"attachment-full size-full\" alt=\"\" srcset=\"https:\/\/www.munimacul.cl\/portalnv\/wp-content\/uploads\/2025\/07\/PHOTO-2025-07-08-11-16-34.jpg 1200w, https:\/\/www.munimacul.cl\/portalnv\/wp-content\/uploads\/2025\/07\/PHOTO-2025-07-08-11-16-34-225x300.jpg 225w, https:\/\/www.munimacul.cl\/portalnv\/wp-content\/uploads\/2025\/07\/PHOTO-2025-07-08-11-16-34-768x1024.jpg 768w, https:\/\/www.munimacul.cl\/portalnv\/wp-content\/uploads\/2025\/07\/PHOTO-2025-07-08-11-16-34-1152x1536.jpg 1152w\" sizes=\"auto, (max-width: 1200px) 100vw, 1200px\" \/><\/a>\n\t\t\t<\/div><\/figure><figure class='gallery-item'>\n\t\t\t<div class='gallery-icon portrait'>\n\t\t\t\t<a data-elementor-open-lightbox=\"yes\" data-elementor-lightbox-slideshow=\"b0eb32e\" data-e-action-hash=\"#elementor-action%3Aaction%3Dlightbox%26settings%3DeyJpZCI6NDIyMDgsInVybCI6Imh0dHBzOlwvXC93d3cubXVuaW1hY3VsLmNsXC9wb3J0YWxudlwvd3AtY29udGVudFwvdXBsb2Fkc1wvMjAyNVwvMDdcL1BIT1RPLTIwMjUtMDctMDgtMTEtMTYtMzRfMS5qcGciLCJzbGlkZXNob3ciOiJiMGViMzJlIn0%3D\" href='https:\/\/www.munimacul.cl\/portalnv\/wp-content\/uploads\/2025\/07\/PHOTO-2025-07-08-11-16-34_1.jpg'><img loading=\"lazy\" decoding=\"async\" width=\"1200\" height=\"1600\" src=\"https:\/\/www.munimacul.cl\/portalnv\/wp-content\/uploads\/2025\/07\/PHOTO-2025-07-08-11-16-34_1.jpg\" class=\"attachment-full size-full\" alt=\"\" srcset=\"https:\/\/www.munimacul.cl\/portalnv\/wp-content\/uploads\/2025\/07\/PHOTO-2025-07-08-11-16-34_1.jpg 1200w, https:\/\/www.munimacul.cl\/portalnv\/wp-content\/uploads\/2025\/07\/PHOTO-2025-07-08-11-16-34_1-225x300.jpg 225w, https:\/\/www.munimacul.cl\/portalnv\/wp-content\/uploads\/2025\/07\/PHOTO-2025-07-08-11-16-34_1-768x1024.jpg 768w, https:\/\/www.munimacul.cl\/portalnv\/wp-content\/uploads\/2025\/07\/PHOTO-2025-07-08-11-16-34_1-1152x1536.jpg 1152w\" sizes=\"auto, (max-width: 1200px) 100vw, 1200px\" \/><\/a>\n\t\t\t<\/div><\/figure><figure class='gallery-item'>\n\t\t\t<div class='gallery-icon portrait'>\n\t\t\t\t<a data-elementor-open-lightbox=\"yes\" data-elementor-lightbox-slideshow=\"b0eb32e\" data-e-action-hash=\"#elementor-action%3Aaction%3Dlightbox%26settings%3DeyJpZCI6NDIyMDksInVybCI6Imh0dHBzOlwvXC93d3cubXVuaW1hY3VsLmNsXC9wb3J0YWxudlwvd3AtY29udGVudFwvdXBsb2Fkc1wvMjAyNVwvMDdcL1BIT1RPLTIwMjUtMDctMDgtMTEtMTYtMzRfMi5qcGciLCJzbGlkZXNob3ciOiJiMGViMzJlIn0%3D\" href='https:\/\/www.munimacul.cl\/portalnv\/wp-content\/uploads\/2025\/07\/PHOTO-2025-07-08-11-16-34_2.jpg'><img loading=\"lazy\" decoding=\"async\" width=\"1200\" height=\"1600\" src=\"https:\/\/www.munimacul.cl\/portalnv\/wp-content\/uploads\/2025\/07\/PHOTO-2025-07-08-11-16-34_2.jpg\" class=\"attachment-full size-full\" alt=\"\" srcset=\"https:\/\/www.munimacul.cl\/portalnv\/wp-content\/uploads\/2025\/07\/PHOTO-2025-07-08-11-16-34_2.jpg 1200w, https:\/\/www.munimacul.cl\/portalnv\/wp-content\/uploads\/2025\/07\/PHOTO-2025-07-08-11-16-34_2-225x300.jpg 225w, https:\/\/www.munimacul.cl\/portalnv\/wp-content\/uploads\/2025\/07\/PHOTO-2025-07-08-11-16-34_2-768x1024.jpg 768w, https:\/\/www.munimacul.cl\/portalnv\/wp-content\/uploads\/2025\/07\/PHOTO-2025-07-08-11-16-34_2-1152x1536.jpg 1152w\" sizes=\"auto, (max-width: 1200px) 100vw, 1200px\" \/><\/a>\n\t\t\t<\/div><\/figure><figure class='gallery-item'>\n\t\t\t<div class='gallery-icon portrait'>\n\t\t\t\t<a data-elementor-open-lightbox=\"yes\" data-elementor-lightbox-slideshow=\"b0eb32e\" data-e-action-hash=\"#elementor-action%3Aaction%3Dlightbox%26settings%3DeyJpZCI6NDIyMTAsInVybCI6Imh0dHBzOlwvXC93d3cubXVuaW1hY3VsLmNsXC9wb3J0YWxudlwvd3AtY29udGVudFwvdXBsb2Fkc1wvMjAyNVwvMDdcL1BIT1RPLTIwMjUtMDctMDgtMTEtMTYtMzRfMy5qcGciLCJzbGlkZXNob3ciOiJiMGViMzJlIn0%3D\" href='https:\/\/www.munimacul.cl\/portalnv\/wp-content\/uploads\/2025\/07\/PHOTO-2025-07-08-11-16-34_3.jpg'><img loading=\"lazy\" decoding=\"async\" width=\"1200\" height=\"1600\" src=\"https:\/\/www.munimacul.cl\/portalnv\/wp-content\/uploads\/2025\/07\/PHOTO-2025-07-08-11-16-34_3.jpg\" class=\"attachment-full size-full\" alt=\"\" srcset=\"https:\/\/www.munimacul.cl\/portalnv\/wp-content\/uploads\/2025\/07\/PHOTO-2025-07-08-11-16-34_3.jpg 1200w, https:\/\/www.munimacul.cl\/portalnv\/wp-content\/uploads\/2025\/07\/PHOTO-2025-07-08-11-16-34_3-225x300.jpg 225w, https:\/\/www.munimacul.cl\/portalnv\/wp-content\/uploads\/2025\/07\/PHOTO-2025-07-08-11-16-34_3-768x1024.jpg 768w, https:\/\/www.munimacul.cl\/portalnv\/wp-content\/uploads\/2025\/07\/PHOTO-2025-07-08-11-16-34_3-1152x1536.jpg 1152w\" sizes=\"auto, (max-width: 1200px) 100vw, 1200px\" \/><\/a>\n\t\t\t<\/div><\/figure><figure class='gallery-item'>\n\t\t\t<div class='gallery-icon portrait'>\n\t\t\t\t<a data-elementor-open-lightbox=\"yes\" data-elementor-lightbox-slideshow=\"b0eb32e\" data-e-action-hash=\"#elementor-action%3Aaction%3Dlightbox%26settings%3DeyJpZCI6NDIyMTEsInVybCI6Imh0dHBzOlwvXC93d3cubXVuaW1hY3VsLmNsXC9wb3J0YWxudlwvd3AtY29udGVudFwvdXBsb2Fkc1wvMjAyNVwvMDdcL1BIT1RPLTIwMjUtMDctMDgtMTEtMTYtMzUuanBnIiwic2xpZGVzaG93IjoiYjBlYjMyZSJ9\" href='https:\/\/www.munimacul.cl\/portalnv\/wp-content\/uploads\/2025\/07\/PHOTO-2025-07-08-11-16-35.jpg'><img loading=\"lazy\" decoding=\"async\" width=\"1200\" height=\"1600\" src=\"https:\/\/www.munimacul.cl\/portalnv\/wp-content\/uploads\/2025\/07\/PHOTO-2025-07-08-11-16-35.jpg\" class=\"attachment-full size-full\" alt=\"\" srcset=\"https:\/\/www.munimacul.cl\/portalnv\/wp-content\/uploads\/2025\/07\/PHOTO-2025-07-08-11-16-35.jpg 1200w, https:\/\/www.munimacul.cl\/portalnv\/wp-content\/uploads\/2025\/07\/PHOTO-2025-07-08-11-16-35-225x300.jpg 225w, https:\/\/www.munimacul.cl\/portalnv\/wp-content\/uploads\/2025\/07\/PHOTO-2025-07-08-11-16-35-768x1024.jpg 768w, https:\/\/www.munimacul.cl\/portalnv\/wp-content\/uploads\/2025\/07\/PHOTO-2025-07-08-11-16-35-1152x1536.jpg 1152w\" sizes=\"auto, (max-width: 1200px) 100vw, 1200px\" \/><\/a>\n\t\t\t<\/div><\/figure><figure class='gallery-item'>\n\t\t\t<div class='gallery-icon portrait'>\n\t\t\t\t<a data-elementor-open-lightbox=\"yes\" data-elementor-lightbox-slideshow=\"b0eb32e\" data-e-action-hash=\"#elementor-action%3Aaction%3Dlightbox%26settings%3DeyJpZCI6NDIyMTIsInVybCI6Imh0dHBzOlwvXC93d3cubXVuaW1hY3VsLmNsXC9wb3J0YWxudlwvd3AtY29udGVudFwvdXBsb2Fkc1wvMjAyNVwvMDdcL1BIT1RPLTIwMjUtMDctMDgtMTEtMTYtMzVfMS5qcGciLCJzbGlkZXNob3ciOiJiMGViMzJlIn0%3D\" href='https:\/\/www.munimacul.cl\/portalnv\/wp-content\/uploads\/2025\/07\/PHOTO-2025-07-08-11-16-35_1.jpg'><img loading=\"lazy\" decoding=\"async\" width=\"1200\" height=\"1600\" src=\"https:\/\/www.munimacul.cl\/portalnv\/wp-content\/uploads\/2025\/07\/PHOTO-2025-07-08-11-16-35_1.jpg\" class=\"attachment-full size-full\" alt=\"\" srcset=\"https:\/\/www.munimacul.cl\/portalnv\/wp-content\/uploads\/2025\/07\/PHOTO-2025-07-08-11-16-35_1.jpg 1200w, https:\/\/www.munimacul.cl\/portalnv\/wp-content\/uploads\/2025\/07\/PHOTO-2025-07-08-11-16-35_1-225x300.jpg 225w, https:\/\/www.munimacul.cl\/portalnv\/wp-content\/uploads\/2025\/07\/PHOTO-2025-07-08-11-16-35_1-768x1024.jpg 768w, https:\/\/www.munimacul.cl\/portalnv\/wp-content\/uploads\/2025\/07\/PHOTO-2025-07-08-11-16-35_1-1152x1536.jpg 1152w\" sizes=\"auto, (max-width: 1200px) 100vw, 1200px\" \/><\/a>\n\t\t\t<\/div><\/figure><figure class='gallery-item'>\n\t\t\t<div class='gallery-icon portrait'>\n\t\t\t\t<a data-elementor-open-lightbox=\"yes\" data-elementor-lightbox-slideshow=\"b0eb32e\" data-e-action-hash=\"#elementor-action%3Aaction%3Dlightbox%26settings%3DeyJpZCI6NDIyMTMsInVybCI6Imh0dHBzOlwvXC93d3cubXVuaW1hY3VsLmNsXC9wb3J0YWxudlwvd3AtY29udGVudFwvdXBsb2Fkc1wvMjAyNVwvMDdcL1BIT1RPLTIwMjUtMDctMDgtMTEtMTYtMzVfMi5qcGciLCJzbGlkZXNob3ciOiJiMGViMzJlIn0%3D\" href='https:\/\/www.munimacul.cl\/portalnv\/wp-content\/uploads\/2025\/07\/PHOTO-2025-07-08-11-16-35_2.jpg'><img loading=\"lazy\" decoding=\"async\" width=\"1200\" height=\"1600\" src=\"https:\/\/www.munimacul.cl\/portalnv\/wp-content\/uploads\/2025\/07\/PHOTO-2025-07-08-11-16-35_2.jpg\" class=\"attachment-full size-full\" alt=\"\" srcset=\"https:\/\/www.munimacul.cl\/portalnv\/wp-content\/uploads\/2025\/07\/PHOTO-2025-07-08-11-16-35_2.jpg 1200w, https:\/\/www.munimacul.cl\/portalnv\/wp-content\/uploads\/2025\/07\/PHOTO-2025-07-08-11-16-35_2-225x300.jpg 225w, https:\/\/www.munimacul.cl\/portalnv\/wp-content\/uploads\/2025\/07\/PHOTO-2025-07-08-11-16-35_2-768x1024.jpg 768w, https:\/\/www.munimacul.cl\/portalnv\/wp-content\/uploads\/2025\/07\/PHOTO-2025-07-08-11-16-35_2-1152x1536.jpg 1152w\" sizes=\"auto, (max-width: 1200px) 100vw, 1200px\" \/><\/a>\n\t\t\t<\/div><\/figure><figure class='gallery-item'>\n\t\t\t<div class='gallery-icon portrait'>\n\t\t\t\t<a data-elementor-open-lightbox=\"yes\" data-elementor-lightbox-slideshow=\"b0eb32e\" data-e-action-hash=\"#elementor-action%3Aaction%3Dlightbox%26settings%3DeyJpZCI6NDIyMTQsInVybCI6Imh0dHBzOlwvXC93d3cubXVuaW1hY3VsLmNsXC9wb3J0YWxudlwvd3AtY29udGVudFwvdXBsb2Fkc1wvMjAyNVwvMDdcL1BIT1RPLTIwMjUtMDctMDgtMTEtMTYtMzYuanBnIiwic2xpZGVzaG93IjoiYjBlYjMyZSJ9\" href='https:\/\/www.munimacul.cl\/portalnv\/wp-content\/uploads\/2025\/07\/PHOTO-2025-07-08-11-16-36.jpg'><img loading=\"lazy\" decoding=\"async\" width=\"1200\" height=\"1600\" src=\"https:\/\/www.munimacul.cl\/portalnv\/wp-content\/uploads\/2025\/07\/PHOTO-2025-07-08-11-16-36.jpg\" class=\"attachment-full size-full\" alt=\"\" srcset=\"https:\/\/www.munimacul.cl\/portalnv\/wp-content\/uploads\/2025\/07\/PHOTO-2025-07-08-11-16-36.jpg 1200w, https:\/\/www.munimacul.cl\/portalnv\/wp-content\/uploads\/2025\/07\/PHOTO-2025-07-08-11-16-36-225x300.jpg 225w, https:\/\/www.munimacul.cl\/portalnv\/wp-content\/uploads\/2025\/07\/PHOTO-2025-07-08-11-16-36-768x1024.jpg 768w, https:\/\/www.munimacul.cl\/portalnv\/wp-content\/uploads\/2025\/07\/PHOTO-2025-07-08-11-16-36-1152x1536.jpg 1152w\" sizes=\"auto, (max-width: 1200px) 100vw, 1200px\" \/><\/a>\n\t\t\t<\/div><\/figure><figure class='gallery-item'>\n\t\t\t<div class='gallery-icon portrait'>\n\t\t\t\t<a data-elementor-open-lightbox=\"yes\" data-elementor-lightbox-slideshow=\"b0eb32e\" data-e-action-hash=\"#elementor-action%3Aaction%3Dlightbox%26settings%3DeyJpZCI6NDIyMTUsInVybCI6Imh0dHBzOlwvXC93d3cubXVuaW1hY3VsLmNsXC9wb3J0YWxudlwvd3AtY29udGVudFwvdXBsb2Fkc1wvMjAyNVwvMDdcL1BIT1RPLTIwMjUtMDctMDgtMTEtMTYtMzZfMS5qcGciLCJzbGlkZXNob3ciOiJiMGViMzJlIn0%3D\" href='https:\/\/www.munimacul.cl\/portalnv\/wp-content\/uploads\/2025\/07\/PHOTO-2025-07-08-11-16-36_1.jpg'><img loading=\"lazy\" decoding=\"async\" width=\"1200\" height=\"1600\" src=\"https:\/\/www.munimacul.cl\/portalnv\/wp-content\/uploads\/2025\/07\/PHOTO-2025-07-08-11-16-36_1.jpg\" class=\"attachment-full size-full\" alt=\"\" srcset=\"https:\/\/www.munimacul.cl\/portalnv\/wp-content\/uploads\/2025\/07\/PHOTO-2025-07-08-11-16-36_1.jpg 1200w, https:\/\/www.munimacul.cl\/portalnv\/wp-content\/uploads\/2025\/07\/PHOTO-2025-07-08-11-16-36_1-225x300.jpg 225w, https:\/\/www.munimacul.cl\/portalnv\/wp-content\/uploads\/2025\/07\/PHOTO-2025-07-08-11-16-36_1-768x1024.jpg 768w, https:\/\/www.munimacul.cl\/portalnv\/wp-content\/uploads\/2025\/07\/PHOTO-2025-07-08-11-16-36_1-1152x1536.jpg 1152w\" sizes=\"auto, (max-width: 1200px) 100vw, 1200px\" \/><\/a>\n\t\t\t<\/div><\/figure><figure class='gallery-item'>\n\t\t\t<div class='gallery-icon portrait'>\n\t\t\t\t<a data-elementor-open-lightbox=\"yes\" data-elementor-lightbox-slideshow=\"b0eb32e\" data-e-action-hash=\"#elementor-action%3Aaction%3Dlightbox%26settings%3DeyJpZCI6NDIyMTYsInVybCI6Imh0dHBzOlwvXC93d3cubXVuaW1hY3VsLmNsXC9wb3J0YWxudlwvd3AtY29udGVudFwvdXBsb2Fkc1wvMjAyNVwvMDdcL1BIT1RPLTIwMjUtMDctMDgtMTEtMTYtMzZfMi5qcGciLCJzbGlkZXNob3ciOiJiMGViMzJlIn0%3D\" href='https:\/\/www.munimacul.cl\/portalnv\/wp-content\/uploads\/2025\/07\/PHOTO-2025-07-08-11-16-36_2.jpg'><img loading=\"lazy\" decoding=\"async\" width=\"1200\" height=\"1600\" src=\"https:\/\/www.munimacul.cl\/portalnv\/wp-content\/uploads\/2025\/07\/PHOTO-2025-07-08-11-16-36_2.jpg\" class=\"attachment-full size-full\" alt=\"\" srcset=\"https:\/\/www.munimacul.cl\/portalnv\/wp-content\/uploads\/2025\/07\/PHOTO-2025-07-08-11-16-36_2.jpg 1200w, https:\/\/www.munimacul.cl\/portalnv\/wp-content\/uploads\/2025\/07\/PHOTO-2025-07-08-11-16-36_2-225x300.jpg 225w, https:\/\/www.munimacul.cl\/portalnv\/wp-content\/uploads\/2025\/07\/PHOTO-2025-07-08-11-16-36_2-768x1024.jpg 768w, https:\/\/www.munimacul.cl\/portalnv\/wp-content\/uploads\/2025\/07\/PHOTO-2025-07-08-11-16-36_2-1152x1536.jpg 1152w\" sizes=\"auto, (max-width: 1200px) 100vw, 1200px\" \/><\/a>\n\t\t\t<\/div><\/figure><figure class='gallery-item'>\n\t\t\t<div class='gallery-icon portrait'>\n\t\t\t\t<a data-elementor-open-lightbox=\"yes\" data-elementor-lightbox-slideshow=\"b0eb32e\" data-e-action-hash=\"#elementor-action%3Aaction%3Dlightbox%26settings%3DeyJpZCI6NDIyMTcsInVybCI6Imh0dHBzOlwvXC93d3cubXVuaW1hY3VsLmNsXC9wb3J0YWxudlwvd3AtY29udGVudFwvdXBsb2Fkc1wvMjAyNVwvMDdcL1BIT1RPLTIwMjUtMDctMDgtMTEtMTYtMzcuanBnIiwic2xpZGVzaG93IjoiYjBlYjMyZSJ9\" href='https:\/\/www.munimacul.cl\/portalnv\/wp-content\/uploads\/2025\/07\/PHOTO-2025-07-08-11-16-37.jpg'><img loading=\"lazy\" decoding=\"async\" width=\"1200\" height=\"1600\" src=\"https:\/\/www.munimacul.cl\/portalnv\/wp-content\/uploads\/2025\/07\/PHOTO-2025-07-08-11-16-37.jpg\" class=\"attachment-full size-full\" alt=\"\" srcset=\"https:\/\/www.munimacul.cl\/portalnv\/wp-content\/uploads\/2025\/07\/PHOTO-2025-07-08-11-16-37.jpg 1200w, https:\/\/www.munimacul.cl\/portalnv\/wp-content\/uploads\/2025\/07\/PHOTO-2025-07-08-11-16-37-225x300.jpg 225w, https:\/\/www.munimacul.cl\/portalnv\/wp-content\/uploads\/2025\/07\/PHOTO-2025-07-08-11-16-37-768x1024.jpg 768w, https:\/\/www.munimacul.cl\/portalnv\/wp-content\/uploads\/2025\/07\/PHOTO-2025-07-08-11-16-37-1152x1536.jpg 1152w\" sizes=\"auto, (max-width: 1200px) 100vw, 1200px\" \/><\/a>\n\t\t\t<\/div><\/figure><figure class='gallery-item'>\n\t\t\t<div class='gallery-icon portrait'>\n\t\t\t\t<a data-elementor-open-lightbox=\"yes\" data-elementor-lightbox-slideshow=\"b0eb32e\" data-e-action-hash=\"#elementor-action%3Aaction%3Dlightbox%26settings%3DeyJpZCI6NDIyMTgsInVybCI6Imh0dHBzOlwvXC93d3cubXVuaW1hY3VsLmNsXC9wb3J0YWxudlwvd3AtY29udGVudFwvdXBsb2Fkc1wvMjAyNVwvMDdcL1BIT1RPLTIwMjUtMDctMDgtMTEtMTYtMzdfMS5qcGciLCJzbGlkZXNob3ciOiJiMGViMzJlIn0%3D\" href='https:\/\/www.munimacul.cl\/portalnv\/wp-content\/uploads\/2025\/07\/PHOTO-2025-07-08-11-16-37_1.jpg'><img loading=\"lazy\" decoding=\"async\" width=\"1200\" height=\"1600\" src=\"https:\/\/www.munimacul.cl\/portalnv\/wp-content\/uploads\/2025\/07\/PHOTO-2025-07-08-11-16-37_1.jpg\" class=\"attachment-full size-full\" alt=\"\" srcset=\"https:\/\/www.munimacul.cl\/portalnv\/wp-content\/uploads\/2025\/07\/PHOTO-2025-07-08-11-16-37_1.jpg 1200w, https:\/\/www.munimacul.cl\/portalnv\/wp-content\/uploads\/2025\/07\/PHOTO-2025-07-08-11-16-37_1-225x300.jpg 225w, https:\/\/www.munimacul.cl\/portalnv\/wp-content\/uploads\/2025\/07\/PHOTO-2025-07-08-11-16-37_1-768x1024.jpg 768w, https:\/\/www.munimacul.cl\/portalnv\/wp-content\/uploads\/2025\/07\/PHOTO-2025-07-08-11-16-37_1-1152x1536.jpg 1152w\" sizes=\"auto, (max-width: 1200px) 100vw, 1200px\" \/><\/a>\n\t\t\t<\/div><\/figure>\n\t\t<\/div>\n\t\t<\/div>\n\t\t\t\t\t\t<\/div>\n\t\t\t\t<\/div>\n\t\t\t\t\t<\/div>\n\t\t<\/div>\n\t\t\t\t\t<\/div>\n\t\t<\/section>\n\t\t\t\t<\/div>\n\t\t","protected":false},"excerpt":{"rendered":"<p>GIMNASIO MUNICIPAL ACOGE ENTREGA DE SUBSIDIOPARA FAMILIAS DE MACUL En una emotiva ceremonia, 288 familias de nuestra comuna, adem\u00e1s de \u00d1u\u00f1oa y\u00a0Santiago, recibieron subsidio para viviendas sociales. El proyecto incluye a 8 comit\u00e9s de\u00a0vivienda de las citadas comunas, que se agrupan en la denominada \u201cCoordinadora por el\u00a0terreno Aldea SOS\u201d. Las l\u00e1grimas, la emoci\u00f3n y la &#8230; <\/p>\n<p class=\"read-more-container\"><a title=\"Gimnasio Municipal acoge entrega de subsidio para familias de Macul\" class=\"read-more button\" href=\"https:\/\/www.munimacul.cl\/portalnv\/index.php\/2025\/07\/08\/gimnasio-municipal-acoge-entrega-de-subsidio-para-familias-de-macul\/#more-42193\" aria-label=\"Leer m\u00e1s sobre Gimnasio Municipal acoge entrega de subsidio para familias de Macul\">Read more<\/a><\/p>\n","protected":false},"author":1,"featured_media":42195,"comment_status":"closed","ping_status":"closed","sticky":false,"template":"","format":"standard","meta":{"footnotes":""},"categories":[7],"tags":[],"class_list":["post-42193","post","type-post","status-publish","format-standard","has-post-thumbnail","hentry","category-noticias"],"_links":{"self":[{"href":"https:\/\/www.munimacul.cl\/portalnv\/index.php\/wp-json\/wp\/v2\/posts\/42193","targetHints":{"allow":["GET"]}}],"collection":[{"href":"https:\/\/www.munimacul.cl\/portalnv\/index.php\/wp-json\/wp\/v2\/posts"}],"about":[{"href":"https:\/\/www.munimacul.cl\/portalnv\/index.php\/wp-json\/wp\/v2\/types\/post"}],"author":[{"embeddable":true,"href":"https:\/\/www.munimacul.cl\/portalnv\/index.php\/wp-json\/wp\/v2\/users\/1"}],"replies":[{"embeddable":true,"href":"https:\/\/www.munimacul.cl\/portalnv\/index.php\/wp-json\/wp\/v2\/comments?post=42193"}],"version-history":[{"count":4,"href":"https:\/\/www.munimacul.cl\/portalnv\/index.php\/wp-json\/wp\/v2\/posts\/42193\/revisions"}],"predecessor-version":[{"id":42221,"href":"https:\/\/www.munimacul.cl\/portalnv\/index.php\/wp-json\/wp\/v2\/posts\/42193\/revisions\/42221"}],"wp:featuredmedia":[{"embeddable":true,"href":"https:\/\/www.munimacul.cl\/portalnv\/index.php\/wp-json\/wp\/v2\/media\/42195"}],"wp:attachment":[{"href":"https:\/\/www.munimacul.cl\/portalnv\/index.php\/wp-json\/wp\/v2\/media?parent=42193"}],"wp:term":[{"taxonomy":"category","embeddable":true,"href":"https:\/\/www.munimacul.cl\/portalnv\/index.php\/wp-json\/wp\/v2\/categories?post=42193"},{"taxonomy":"post_tag","embeddable":true,"href":"https:\/\/www.munimacul.cl\/portalnv\/index.php\/wp-json\/wp\/v2\/tags?post=42193"}],"curies":[{"name":"wp","href":"https:\/\/api.w.org\/{rel}","templated":true}]}}