{"id":42222,"date":"2025-07-08T18:22:27","date_gmt":"2025-07-08T22:22:27","guid":{"rendered":"https:\/\/www.munimacul.cl\/portalnv\/?p=42222"},"modified":"2025-07-08T18:24:05","modified_gmt":"2025-07-08T22:24:05","slug":"beca-municipal-profesor-carlos-herrera-cerca-de-600-beneficiados-en-edicion-2025","status":"publish","type":"post","link":"https:\/\/www.munimacul.cl\/portalnv\/index.php\/2025\/07\/08\/beca-municipal-profesor-carlos-herrera-cerca-de-600-beneficiados-en-edicion-2025\/","title":{"rendered":"Beca Municipal \u00abProfesor Carlos Herrera\u201d: Cerca de 600 beneficiados en edici\u00f3n 2025"},"content":{"rendered":"\t\t<div data-elementor-type=\"wp-post\" data-elementor-id=\"42222\" class=\"elementor elementor-42222\" data-elementor-post-type=\"post\">\n\t\t\t\t\t\t<section class=\"has_eae_slider elementor-section elementor-top-section elementor-element elementor-element-58c533c elementor-section-boxed elementor-section-height-default elementor-section-height-default\" data-eae-slider=\"18160\" data-id=\"58c533c\" data-element_type=\"section\" data-e-type=\"section\">\n\t\t\t\t\t\t<div class=\"elementor-container elementor-column-gap-default\">\n\t\t\t\t\t<div class=\"has_eae_slider elementor-column elementor-col-100 elementor-top-column elementor-element elementor-element-5e0b4ed\" data-eae-slider=\"81973\" data-id=\"5e0b4ed\" data-element_type=\"column\" data-e-type=\"column\" data-settings=\"{&quot;background_background&quot;:&quot;classic&quot;}\">\n\t\t\t<div class=\"elementor-widget-wrap elementor-element-populated\">\n\t\t\t\t\t\t<div class=\"elementor-element elementor-element-89453b4 elementor-widget elementor-widget-heading\" data-id=\"89453b4\" data-element_type=\"widget\" data-e-type=\"widget\" data-widget_type=\"heading.default\">\n\t\t\t\t<div class=\"elementor-widget-container\">\n\t\t\t\t\t<h2 class=\"elementor-heading-title elementor-size-default\">BECA MUNICIPAL \"PROFESOR CARLOS HERRERA\":<br>CERCA DE 600 BENEFICIADOS EN EDICI\u00d3N 2025<\/h2>\t\t\t\t<\/div>\n\t\t\t\t<\/div>\n\t\t\t\t\t<\/div>\n\t\t<\/div>\n\t\t\t\t\t<\/div>\n\t\t<\/section>\n\t\t\t\t<section class=\"has_eae_slider elementor-section elementor-top-section elementor-element elementor-element-faae3ce elementor-section-boxed elementor-section-height-default elementor-section-height-default\" data-eae-slider=\"7802\" data-id=\"faae3ce\" data-element_type=\"section\" data-e-type=\"section\">\n\t\t\t\t\t\t<div class=\"elementor-container elementor-column-gap-default\">\n\t\t\t\t\t<div class=\"has_eae_slider elementor-column elementor-col-100 elementor-top-column elementor-element elementor-element-c457b0f\" data-eae-slider=\"9045\" data-id=\"c457b0f\" data-element_type=\"column\" data-e-type=\"column\">\n\t\t\t<div class=\"elementor-widget-wrap elementor-element-populated\">\n\t\t\t\t\t\t<div class=\"elementor-element elementor-element-f96235d elementor-widget elementor-widget-text-editor\" data-id=\"f96235d\" data-element_type=\"widget\" data-e-type=\"widget\" data-widget_type=\"text-editor.default\">\n\t\t\t\t<div class=\"elementor-widget-container\">\n\t\t\t\t\t\t\t\t\t<p>Este a\u00f1o la beca favoreci\u00f3 a un total de 568 alumnas y alumnos de estudios superiores de\u00a0<span style=\"color: var( --e-global-color-text );\">Macul. Un aumento considerable, ya que en el 2024 el beneficio fue otorgado a 423\u00a0<\/span><span style=\"color: var( --e-global-color-text );\">estudiantes.<\/span><\/p>\t\t\t\t\t\t\t\t<\/div>\n\t\t\t\t<\/div>\n\t\t\t\t\t<\/div>\n\t\t<\/div>\n\t\t\t\t\t<\/div>\n\t\t<\/section>\n\t\t\t\t<section class=\"has_eae_slider elementor-section elementor-top-section elementor-element elementor-element-63db922 elementor-section-boxed elementor-section-height-default elementor-section-height-default\" data-eae-slider=\"46871\" data-id=\"63db922\" data-element_type=\"section\" data-e-type=\"section\">\n\t\t\t\t\t\t<div class=\"elementor-container elementor-column-gap-default\">\n\t\t\t\t\t<div class=\"has_eae_slider elementor-column elementor-col-50 elementor-top-column elementor-element elementor-element-de0509a\" data-eae-slider=\"30141\" data-id=\"de0509a\" data-element_type=\"column\" data-e-type=\"column\">\n\t\t\t<div class=\"elementor-widget-wrap elementor-element-populated\">\n\t\t\t\t\t\t<div class=\"elementor-element elementor-element-44f19f6 elementor-widget elementor-widget-text-editor\" data-id=\"44f19f6\" data-element_type=\"widget\" data-e-type=\"widget\" data-widget_type=\"text-editor.default\">\n\t\t\t\t<div class=\"elementor-widget-container\">\n\t\t\t\t\t\t\t\t\t<p>J\u00f3venes felices y madres y padres orgullos\u00edsimas destacaron en la nueva entrega de la Beca \u00ab<span style=\"color: var( --e-global-color-text );\">Profesor Carlos Herrera Ferrada\u201d que considera un significativo apoyo, correspondiente a\u00a0<\/span><span style=\"color: var( --e-global-color-text );\">$150.000 por alumno. Y eso no es todo, pues en esta versi\u00f3n 2025 el beneficio alcanza un total de\u00a0<\/span><span style=\"color: var( --e-global-color-text );\">568 j\u00f3venes de Macul, estudiantes de educaci\u00f3n superior, lo que es un importante incremento\u00a0<\/span><span style=\"color: var( --e-global-color-text );\">considerando los 423 favorecidos en 2024.<\/span><\/p>\n<p>La Beca Profesor Carlos Herrera Ferrada, creada en honor al destacado educador, quien por a\u00f1os\u00a0<span style=\"color: var( --e-global-color-text );\">fuera concejal de Macul, tiene como objetivo fomentar la educaci\u00f3n y ayudar a los j\u00f3venes en su\u00a0<\/span><span style=\"color: var( --e-global-color-text );\">desarrollo acad\u00e9mico. Con el fin de contribuir en los diversos gastos que conllevan los estudios\u00a0<\/span><span style=\"color: var( --e-global-color-text );\">superiores. Este monto se otorga por una sola vez y tiene por objetivo favorecer la permanencia y\u00a0<\/span><span style=\"color: var( --e-global-color-text );\">la proyecci\u00f3n de sus beneficiarios en el sistema acad\u00e9mico.<\/span><\/p>\n<p>La entrega de este beneficio se realiz\u00f3 por quinto a\u00f1o consecutivo y en esta oportunidad tuvo\u00a0<span style=\"color: var( --e-global-color-text );\">lugar en el Gimnasio Municipal que se replet\u00f3 de familias, quienes valoraron ampliamente este\u00a0<\/span><span style=\"color: var( --e-global-color-text );\">apoyo econ\u00f3mico. \u201cHemos hecho un gran esfuerzo y queremos entregar esta beca a los 568\u00a0<\/span><span style=\"color: var( --e-global-color-text );\">alumnos favorecidos, un monto considerablemente superior a las 423 otorgadas el a\u00f1o pasado. En\u00a0<\/span><span style=\"color: var( --e-global-color-text );\">cada estudiante hay sue\u00f1os, as\u00ed que cuenten con el apoyo de este alcalde, al igual que los\u00a0<\/span><span style=\"color: var( --e-global-color-text );\">concejales y concejalas. Un pa\u00eds, una regi\u00f3n, una comuna sin educaci\u00f3n no tiene futuro, ustedes\u00a0<\/span><span style=\"color: var( --e-global-color-text );\">son el porvenir del Chile que estamos construyendo.\u201d, precis\u00f3 el alcalde Eduardo Espinoza.<\/span><\/p>\n<p>La ceremonia se realiz\u00f3 en un Gimnasio Municipal repleto de alumnos y sus familias, quienes\u00a0<span style=\"color: var( --e-global-color-text );\">valoraron ampliamente esta iniciativa que se realiza por quinto a\u00f1o consecutivo. Asimismo, se\u00a0<\/span><span style=\"color: var( --e-global-color-text );\">agradeci\u00f3 al Concejo Municipal que aprob\u00f3 el aumento en recursos, para favorecer a m\u00e1s\u00a0<\/span><span style=\"color: var( --e-global-color-text );\">alumnos. En la actividad se cont\u00f3 adem\u00e1s con la presencia de concejales y concejalas de la\u00a0<\/span><span style=\"color: var( --e-global-color-text );\">comuna, adem\u00e1s de la Directora de Desarrollo Comunitario, Lorena Guzm\u00e1n.<\/span><\/p>\t\t\t\t\t\t\t\t<\/div>\n\t\t\t\t<\/div>\n\t\t\t\t\t<\/div>\n\t\t<\/div>\n\t\t\t\t<div class=\"has_eae_slider elementor-column elementor-col-50 elementor-top-column elementor-element elementor-element-53887ef\" data-eae-slider=\"395\" data-id=\"53887ef\" data-element_type=\"column\" data-e-type=\"column\">\n\t\t\t<div class=\"elementor-widget-wrap elementor-element-populated\">\n\t\t\t\t\t\t<div class=\"elementor-element elementor-element-b0eb32e elementor-widget elementor-widget-image-gallery\" data-id=\"b0eb32e\" data-element_type=\"widget\" data-e-type=\"widget\" data-widget_type=\"image-gallery.default\">\n\t\t\t\t<div class=\"elementor-widget-container\">\n\t\t\t\t\t\t\t<div class=\"elementor-image-gallery\">\n\t\t\t<div id='gallery-1' class='gallery galleryid-42222 gallery-columns-2 gallery-size-full'><figure class='gallery-item'>\n\t\t\t<div class='gallery-icon landscape'>\n\t\t\t\t<a data-elementor-open-lightbox=\"yes\" data-elementor-lightbox-slideshow=\"b0eb32e\" data-e-action-hash=\"#elementor-action%3Aaction%3Dlightbox%26settings%3DeyJpZCI6NDIyMjUsInVybCI6Imh0dHBzOlwvXC93d3cubXVuaW1hY3VsLmNsXC9wb3J0YWxudlwvd3AtY29udGVudFwvdXBsb2Fkc1wvMjAyNVwvMDdcLzE2Y2Q3YzAwLWRkMDMtNGY3Ny05MDBlLWU2NzI3NjUwYzZhNS1zY2FsZWQuanBlZyIsInNsaWRlc2hvdyI6ImIwZWIzMmUifQ%3D%3D\" href='https:\/\/www.munimacul.cl\/portalnv\/wp-content\/uploads\/2025\/07\/16cd7c00-dd03-4f77-900e-e6727650c6a5-scaled.jpeg'><img loading=\"lazy\" decoding=\"async\" width=\"2560\" height=\"1920\" src=\"https:\/\/www.munimacul.cl\/portalnv\/wp-content\/uploads\/2025\/07\/16cd7c00-dd03-4f77-900e-e6727650c6a5-scaled.jpeg\" class=\"attachment-full size-full\" alt=\"\" srcset=\"https:\/\/www.munimacul.cl\/portalnv\/wp-content\/uploads\/2025\/07\/16cd7c00-dd03-4f77-900e-e6727650c6a5-scaled.jpeg 2560w, https:\/\/www.munimacul.cl\/portalnv\/wp-content\/uploads\/2025\/07\/16cd7c00-dd03-4f77-900e-e6727650c6a5-300x225.jpeg 300w, https:\/\/www.munimacul.cl\/portalnv\/wp-content\/uploads\/2025\/07\/16cd7c00-dd03-4f77-900e-e6727650c6a5-1024x768.jpeg 1024w, https:\/\/www.munimacul.cl\/portalnv\/wp-content\/uploads\/2025\/07\/16cd7c00-dd03-4f77-900e-e6727650c6a5-768x576.jpeg 768w, https:\/\/www.munimacul.cl\/portalnv\/wp-content\/uploads\/2025\/07\/16cd7c00-dd03-4f77-900e-e6727650c6a5-1536x1152.jpeg 1536w, https:\/\/www.munimacul.cl\/portalnv\/wp-content\/uploads\/2025\/07\/16cd7c00-dd03-4f77-900e-e6727650c6a5-2048x1536.jpeg 2048w\" sizes=\"auto, (max-width: 2560px) 100vw, 2560px\" \/><\/a>\n\t\t\t<\/div><\/figure><figure class='gallery-item'>\n\t\t\t<div class='gallery-icon landscape'>\n\t\t\t\t<a data-elementor-open-lightbox=\"yes\" data-elementor-lightbox-slideshow=\"b0eb32e\" data-e-action-hash=\"#elementor-action%3Aaction%3Dlightbox%26settings%3DeyJpZCI6NDIyMjYsInVybCI6Imh0dHBzOlwvXC93d3cubXVuaW1hY3VsLmNsXC9wb3J0YWxudlwvd3AtY29udGVudFwvdXBsb2Fkc1wvMjAyNVwvMDdcLzAzN2E0Yjg3LTk5ZTktNDNkYy05NThkLWMyYzI5MmE5NDJkYS1zY2FsZWQuanBlZyIsInNsaWRlc2hvdyI6ImIwZWIzMmUifQ%3D%3D\" href='https:\/\/www.munimacul.cl\/portalnv\/wp-content\/uploads\/2025\/07\/037a4b87-99e9-43dc-958d-c2c292a942da-scaled.jpeg'><img loading=\"lazy\" decoding=\"async\" width=\"2560\" height=\"1920\" src=\"https:\/\/www.munimacul.cl\/portalnv\/wp-content\/uploads\/2025\/07\/037a4b87-99e9-43dc-958d-c2c292a942da-scaled.jpeg\" class=\"attachment-full size-full\" alt=\"\" srcset=\"https:\/\/www.munimacul.cl\/portalnv\/wp-content\/uploads\/2025\/07\/037a4b87-99e9-43dc-958d-c2c292a942da-scaled.jpeg 2560w, https:\/\/www.munimacul.cl\/portalnv\/wp-content\/uploads\/2025\/07\/037a4b87-99e9-43dc-958d-c2c292a942da-300x225.jpeg 300w, https:\/\/www.munimacul.cl\/portalnv\/wp-content\/uploads\/2025\/07\/037a4b87-99e9-43dc-958d-c2c292a942da-1024x768.jpeg 1024w, https:\/\/www.munimacul.cl\/portalnv\/wp-content\/uploads\/2025\/07\/037a4b87-99e9-43dc-958d-c2c292a942da-768x576.jpeg 768w, https:\/\/www.munimacul.cl\/portalnv\/wp-content\/uploads\/2025\/07\/037a4b87-99e9-43dc-958d-c2c292a942da-1536x1152.jpeg 1536w, https:\/\/www.munimacul.cl\/portalnv\/wp-content\/uploads\/2025\/07\/037a4b87-99e9-43dc-958d-c2c292a942da-2048x1536.jpeg 2048w\" sizes=\"auto, (max-width: 2560px) 100vw, 2560px\" \/><\/a>\n\t\t\t<\/div><\/figure><figure class='gallery-item'>\n\t\t\t<div class='gallery-icon landscape'>\n\t\t\t\t<a data-elementor-open-lightbox=\"yes\" data-elementor-lightbox-slideshow=\"b0eb32e\" data-e-action-hash=\"#elementor-action%3Aaction%3Dlightbox%26settings%3DeyJpZCI6NDIyMjcsInVybCI6Imh0dHBzOlwvXC93d3cubXVuaW1hY3VsLmNsXC9wb3J0YWxudlwvd3AtY29udGVudFwvdXBsb2Fkc1wvMjAyNVwvMDdcLzk5Y2U3NmZmLWQ0ODctNDgxMy1hNmZmLWIwZjRhMGQzZDdkOS1zY2FsZWQuanBlZyIsInNsaWRlc2hvdyI6ImIwZWIzMmUifQ%3D%3D\" href='https:\/\/www.munimacul.cl\/portalnv\/wp-content\/uploads\/2025\/07\/99ce76ff-d487-4813-a6ff-b0f4a0d3d7d9-scaled.jpeg'><img loading=\"lazy\" decoding=\"async\" width=\"2560\" height=\"1920\" src=\"https:\/\/www.munimacul.cl\/portalnv\/wp-content\/uploads\/2025\/07\/99ce76ff-d487-4813-a6ff-b0f4a0d3d7d9-scaled.jpeg\" class=\"attachment-full size-full\" alt=\"\" srcset=\"https:\/\/www.munimacul.cl\/portalnv\/wp-content\/uploads\/2025\/07\/99ce76ff-d487-4813-a6ff-b0f4a0d3d7d9-scaled.jpeg 2560w, https:\/\/www.munimacul.cl\/portalnv\/wp-content\/uploads\/2025\/07\/99ce76ff-d487-4813-a6ff-b0f4a0d3d7d9-300x225.jpeg 300w, https:\/\/www.munimacul.cl\/portalnv\/wp-content\/uploads\/2025\/07\/99ce76ff-d487-4813-a6ff-b0f4a0d3d7d9-1024x768.jpeg 1024w, https:\/\/www.munimacul.cl\/portalnv\/wp-content\/uploads\/2025\/07\/99ce76ff-d487-4813-a6ff-b0f4a0d3d7d9-768x576.jpeg 768w, https:\/\/www.munimacul.cl\/portalnv\/wp-content\/uploads\/2025\/07\/99ce76ff-d487-4813-a6ff-b0f4a0d3d7d9-1536x1152.jpeg 1536w, https:\/\/www.munimacul.cl\/portalnv\/wp-content\/uploads\/2025\/07\/99ce76ff-d487-4813-a6ff-b0f4a0d3d7d9-2048x1536.jpeg 2048w\" sizes=\"auto, (max-width: 2560px) 100vw, 2560px\" \/><\/a>\n\t\t\t<\/div><\/figure><figure class='gallery-item'>\n\t\t\t<div class='gallery-icon landscape'>\n\t\t\t\t<a data-elementor-open-lightbox=\"yes\" data-elementor-lightbox-slideshow=\"b0eb32e\" data-e-action-hash=\"#elementor-action%3Aaction%3Dlightbox%26settings%3DeyJpZCI6NDIyMjgsInVybCI6Imh0dHBzOlwvXC93d3cubXVuaW1hY3VsLmNsXC9wb3J0YWxudlwvd3AtY29udGVudFwvdXBsb2Fkc1wvMjAyNVwvMDdcLzEyMTZhN2Q5LTI4MDgtNDM2Yy1iMTQ5LTU1YzIwN2E4YmFmMi1zY2FsZWQuanBlZyIsInNsaWRlc2hvdyI6ImIwZWIzMmUifQ%3D%3D\" href='https:\/\/www.munimacul.cl\/portalnv\/wp-content\/uploads\/2025\/07\/1216a7d9-2808-436c-b149-55c207a8baf2-scaled.jpeg'><img loading=\"lazy\" decoding=\"async\" width=\"2560\" height=\"1920\" src=\"https:\/\/www.munimacul.cl\/portalnv\/wp-content\/uploads\/2025\/07\/1216a7d9-2808-436c-b149-55c207a8baf2-scaled.jpeg\" class=\"attachment-full size-full\" alt=\"\" srcset=\"https:\/\/www.munimacul.cl\/portalnv\/wp-content\/uploads\/2025\/07\/1216a7d9-2808-436c-b149-55c207a8baf2-scaled.jpeg 2560w, https:\/\/www.munimacul.cl\/portalnv\/wp-content\/uploads\/2025\/07\/1216a7d9-2808-436c-b149-55c207a8baf2-300x225.jpeg 300w, https:\/\/www.munimacul.cl\/portalnv\/wp-content\/uploads\/2025\/07\/1216a7d9-2808-436c-b149-55c207a8baf2-1024x768.jpeg 1024w, https:\/\/www.munimacul.cl\/portalnv\/wp-content\/uploads\/2025\/07\/1216a7d9-2808-436c-b149-55c207a8baf2-768x576.jpeg 768w, https:\/\/www.munimacul.cl\/portalnv\/wp-content\/uploads\/2025\/07\/1216a7d9-2808-436c-b149-55c207a8baf2-1536x1152.jpeg 1536w, https:\/\/www.munimacul.cl\/portalnv\/wp-content\/uploads\/2025\/07\/1216a7d9-2808-436c-b149-55c207a8baf2-2048x1536.jpeg 2048w\" sizes=\"auto, (max-width: 2560px) 100vw, 2560px\" \/><\/a>\n\t\t\t<\/div><\/figure><figure class='gallery-item'>\n\t\t\t<div class='gallery-icon landscape'>\n\t\t\t\t<a data-elementor-open-lightbox=\"yes\" data-elementor-lightbox-slideshow=\"b0eb32e\" data-e-action-hash=\"#elementor-action%3Aaction%3Dlightbox%26settings%3DeyJpZCI6NDIyMjksInVybCI6Imh0dHBzOlwvXC93d3cubXVuaW1hY3VsLmNsXC9wb3J0YWxudlwvd3AtY29udGVudFwvdXBsb2Fkc1wvMjAyNVwvMDdcL2EwNTBkZTg0LTllMDctNGQ5MS1hZDc3LWYxMTAzMzJkMjIxYi1zY2FsZWQuanBlZyIsInNsaWRlc2hvdyI6ImIwZWIzMmUifQ%3D%3D\" href='https:\/\/www.munimacul.cl\/portalnv\/wp-content\/uploads\/2025\/07\/a050de84-9e07-4d91-ad77-f110332d221b-scaled.jpeg'><img loading=\"lazy\" decoding=\"async\" width=\"2560\" height=\"1920\" src=\"https:\/\/www.munimacul.cl\/portalnv\/wp-content\/uploads\/2025\/07\/a050de84-9e07-4d91-ad77-f110332d221b-scaled.jpeg\" class=\"attachment-full size-full\" alt=\"\" srcset=\"https:\/\/www.munimacul.cl\/portalnv\/wp-content\/uploads\/2025\/07\/a050de84-9e07-4d91-ad77-f110332d221b-scaled.jpeg 2560w, https:\/\/www.munimacul.cl\/portalnv\/wp-content\/uploads\/2025\/07\/a050de84-9e07-4d91-ad77-f110332d221b-300x225.jpeg 300w, https:\/\/www.munimacul.cl\/portalnv\/wp-content\/uploads\/2025\/07\/a050de84-9e07-4d91-ad77-f110332d221b-1024x768.jpeg 1024w, https:\/\/www.munimacul.cl\/portalnv\/wp-content\/uploads\/2025\/07\/a050de84-9e07-4d91-ad77-f110332d221b-768x576.jpeg 768w, https:\/\/www.munimacul.cl\/portalnv\/wp-content\/uploads\/2025\/07\/a050de84-9e07-4d91-ad77-f110332d221b-1536x1152.jpeg 1536w, https:\/\/www.munimacul.cl\/portalnv\/wp-content\/uploads\/2025\/07\/a050de84-9e07-4d91-ad77-f110332d221b-2048x1536.jpeg 2048w\" sizes=\"auto, (max-width: 2560px) 100vw, 2560px\" \/><\/a>\n\t\t\t<\/div><\/figure><figure class='gallery-item'>\n\t\t\t<div class='gallery-icon landscape'>\n\t\t\t\t<a data-elementor-open-lightbox=\"yes\" data-elementor-lightbox-slideshow=\"b0eb32e\" data-e-action-hash=\"#elementor-action%3Aaction%3Dlightbox%26settings%3DeyJpZCI6NDIyMzAsInVybCI6Imh0dHBzOlwvXC93d3cubXVuaW1hY3VsLmNsXC9wb3J0YWxudlwvd3AtY29udGVudFwvdXBsb2Fkc1wvMjAyNVwvMDdcL2FjNTFjZTQzLTAzNGItNDcyMS04YmJiLWI5MTVlNWU5YzU0MC1zY2FsZWQuanBlZyIsInNsaWRlc2hvdyI6ImIwZWIzMmUifQ%3D%3D\" href='https:\/\/www.munimacul.cl\/portalnv\/wp-content\/uploads\/2025\/07\/ac51ce43-034b-4721-8bbb-b915e5e9c540-scaled.jpeg'><img loading=\"lazy\" decoding=\"async\" width=\"2560\" height=\"1920\" src=\"https:\/\/www.munimacul.cl\/portalnv\/wp-content\/uploads\/2025\/07\/ac51ce43-034b-4721-8bbb-b915e5e9c540-scaled.jpeg\" class=\"attachment-full size-full\" alt=\"\" srcset=\"https:\/\/www.munimacul.cl\/portalnv\/wp-content\/uploads\/2025\/07\/ac51ce43-034b-4721-8bbb-b915e5e9c540-scaled.jpeg 2560w, https:\/\/www.munimacul.cl\/portalnv\/wp-content\/uploads\/2025\/07\/ac51ce43-034b-4721-8bbb-b915e5e9c540-300x225.jpeg 300w, https:\/\/www.munimacul.cl\/portalnv\/wp-content\/uploads\/2025\/07\/ac51ce43-034b-4721-8bbb-b915e5e9c540-1024x768.jpeg 1024w, https:\/\/www.munimacul.cl\/portalnv\/wp-content\/uploads\/2025\/07\/ac51ce43-034b-4721-8bbb-b915e5e9c540-768x576.jpeg 768w, https:\/\/www.munimacul.cl\/portalnv\/wp-content\/uploads\/2025\/07\/ac51ce43-034b-4721-8bbb-b915e5e9c540-1536x1152.jpeg 1536w, https:\/\/www.munimacul.cl\/portalnv\/wp-content\/uploads\/2025\/07\/ac51ce43-034b-4721-8bbb-b915e5e9c540-2048x1536.jpeg 2048w\" sizes=\"auto, (max-width: 2560px) 100vw, 2560px\" \/><\/a>\n\t\t\t<\/div><\/figure><figure class='gallery-item'>\n\t\t\t<div class='gallery-icon landscape'>\n\t\t\t\t<a data-elementor-open-lightbox=\"yes\" data-elementor-lightbox-slideshow=\"b0eb32e\" data-e-action-hash=\"#elementor-action%3Aaction%3Dlightbox%26settings%3DeyJpZCI6NDIyMzEsInVybCI6Imh0dHBzOlwvXC93d3cubXVuaW1hY3VsLmNsXC9wb3J0YWxudlwvd3AtY29udGVudFwvdXBsb2Fkc1wvMjAyNVwvMDdcL2RmNjg4MDY0LTQyMmMtNDNkOC04MTM5LWEzMTUzMTFjMjAwMS1zY2FsZWQuanBlZyIsInNsaWRlc2hvdyI6ImIwZWIzMmUifQ%3D%3D\" href='https:\/\/www.munimacul.cl\/portalnv\/wp-content\/uploads\/2025\/07\/df688064-422c-43d8-8139-a315311c2001-scaled.jpeg'><img loading=\"lazy\" decoding=\"async\" width=\"2560\" height=\"1920\" src=\"https:\/\/www.munimacul.cl\/portalnv\/wp-content\/uploads\/2025\/07\/df688064-422c-43d8-8139-a315311c2001-scaled.jpeg\" class=\"attachment-full size-full\" alt=\"\" srcset=\"https:\/\/www.munimacul.cl\/portalnv\/wp-content\/uploads\/2025\/07\/df688064-422c-43d8-8139-a315311c2001-scaled.jpeg 2560w, https:\/\/www.munimacul.cl\/portalnv\/wp-content\/uploads\/2025\/07\/df688064-422c-43d8-8139-a315311c2001-300x225.jpeg 300w, https:\/\/www.munimacul.cl\/portalnv\/wp-content\/uploads\/2025\/07\/df688064-422c-43d8-8139-a315311c2001-1024x768.jpeg 1024w, https:\/\/www.munimacul.cl\/portalnv\/wp-content\/uploads\/2025\/07\/df688064-422c-43d8-8139-a315311c2001-768x576.jpeg 768w, https:\/\/www.munimacul.cl\/portalnv\/wp-content\/uploads\/2025\/07\/df688064-422c-43d8-8139-a315311c2001-1536x1152.jpeg 1536w, https:\/\/www.munimacul.cl\/portalnv\/wp-content\/uploads\/2025\/07\/df688064-422c-43d8-8139-a315311c2001-2048x1536.jpeg 2048w\" sizes=\"auto, (max-width: 2560px) 100vw, 2560px\" \/><\/a>\n\t\t\t<\/div><\/figure><figure class='gallery-item'>\n\t\t\t<div class='gallery-icon landscape'>\n\t\t\t\t<a data-elementor-open-lightbox=\"yes\" data-elementor-lightbox-slideshow=\"b0eb32e\" data-e-action-hash=\"#elementor-action%3Aaction%3Dlightbox%26settings%3DeyJpZCI6NDIyMzIsInVybCI6Imh0dHBzOlwvXC93d3cubXVuaW1hY3VsLmNsXC9wb3J0YWxudlwvd3AtY29udGVudFwvdXBsb2Fkc1wvMjAyNVwvMDdcL2ZmNjkwZmQ2LWQ3YWUtNDU3My1hYTUwLWE1ZTE1ZWQ5OTc0ZS1zY2FsZWQuanBlZyIsInNsaWRlc2hvdyI6ImIwZWIzMmUifQ%3D%3D\" href='https:\/\/www.munimacul.cl\/portalnv\/wp-content\/uploads\/2025\/07\/ff690fd6-d7ae-4573-aa50-a5e15ed9974e-scaled.jpeg'><img loading=\"lazy\" decoding=\"async\" width=\"2560\" height=\"1920\" src=\"https:\/\/www.munimacul.cl\/portalnv\/wp-content\/uploads\/2025\/07\/ff690fd6-d7ae-4573-aa50-a5e15ed9974e-scaled.jpeg\" class=\"attachment-full size-full\" alt=\"\" srcset=\"https:\/\/www.munimacul.cl\/portalnv\/wp-content\/uploads\/2025\/07\/ff690fd6-d7ae-4573-aa50-a5e15ed9974e-scaled.jpeg 2560w, https:\/\/www.munimacul.cl\/portalnv\/wp-content\/uploads\/2025\/07\/ff690fd6-d7ae-4573-aa50-a5e15ed9974e-300x225.jpeg 300w, https:\/\/www.munimacul.cl\/portalnv\/wp-content\/uploads\/2025\/07\/ff690fd6-d7ae-4573-aa50-a5e15ed9974e-1024x768.jpeg 1024w, https:\/\/www.munimacul.cl\/portalnv\/wp-content\/uploads\/2025\/07\/ff690fd6-d7ae-4573-aa50-a5e15ed9974e-768x576.jpeg 768w, https:\/\/www.munimacul.cl\/portalnv\/wp-content\/uploads\/2025\/07\/ff690fd6-d7ae-4573-aa50-a5e15ed9974e-1536x1152.jpeg 1536w, https:\/\/www.munimacul.cl\/portalnv\/wp-content\/uploads\/2025\/07\/ff690fd6-d7ae-4573-aa50-a5e15ed9974e-2048x1536.jpeg 2048w\" sizes=\"auto, (max-width: 2560px) 100vw, 2560px\" \/><\/a>\n\t\t\t<\/div><\/figure>\n\t\t<\/div>\n\t\t<\/div>\n\t\t\t\t\t\t<\/div>\n\t\t\t\t<\/div>\n\t\t\t\t\t<\/div>\n\t\t<\/div>\n\t\t\t\t\t<\/div>\n\t\t<\/section>\n\t\t\t\t<\/div>\n\t\t","protected":false},"excerpt":{"rendered":"<p>BECA MUNICIPAL \u00abPROFESOR CARLOS HERRERA\u00bb:CERCA DE 600 BENEFICIADOS EN EDICI\u00d3N 2025 Este a\u00f1o la beca favoreci\u00f3 a un total de 568 alumnas y alumnos de estudios superiores de\u00a0Macul. Un aumento considerable, ya que en el 2024 el beneficio fue otorgado a 423\u00a0estudiantes. J\u00f3venes felices y madres y padres orgullos\u00edsimas destacaron en la nueva entrega de &#8230; <\/p>\n<p class=\"read-more-container\"><a title=\"Beca Municipal \u00abProfesor Carlos Herrera\u201d: Cerca de 600 beneficiados en edici\u00f3n 2025\" class=\"read-more button\" href=\"https:\/\/www.munimacul.cl\/portalnv\/index.php\/2025\/07\/08\/beca-municipal-profesor-carlos-herrera-cerca-de-600-beneficiados-en-edicion-2025\/#more-42222\" aria-label=\"Leer m\u00e1s sobre Beca Municipal \u00abProfesor Carlos Herrera\u201d: Cerca de 600 beneficiados en edici\u00f3n 2025\">Read more<\/a><\/p>\n","protected":false},"author":1,"featured_media":42223,"comment_status":"closed","ping_status":"closed","sticky":false,"template":"","format":"standard","meta":{"footnotes":""},"categories":[7],"tags":[],"class_list":["post-42222","post","type-post","status-publish","format-standard","has-post-thumbnail","hentry","category-noticias"],"_links":{"self":[{"href":"https:\/\/www.munimacul.cl\/portalnv\/index.php\/wp-json\/wp\/v2\/posts\/42222","targetHints":{"allow":["GET"]}}],"collection":[{"href":"https:\/\/www.munimacul.cl\/portalnv\/index.php\/wp-json\/wp\/v2\/posts"}],"about":[{"href":"https:\/\/www.munimacul.cl\/portalnv\/index.php\/wp-json\/wp\/v2\/types\/post"}],"author":[{"embeddable":true,"href":"https:\/\/www.munimacul.cl\/portalnv\/index.php\/wp-json\/wp\/v2\/users\/1"}],"replies":[{"embeddable":true,"href":"https:\/\/www.munimacul.cl\/portalnv\/index.php\/wp-json\/wp\/v2\/comments?post=42222"}],"version-history":[{"count":4,"href":"https:\/\/www.munimacul.cl\/portalnv\/index.php\/wp-json\/wp\/v2\/posts\/42222\/revisions"}],"predecessor-version":[{"id":42235,"href":"https:\/\/www.munimacul.cl\/portalnv\/index.php\/wp-json\/wp\/v2\/posts\/42222\/revisions\/42235"}],"wp:featuredmedia":[{"embeddable":true,"href":"https:\/\/www.munimacul.cl\/portalnv\/index.php\/wp-json\/wp\/v2\/media\/42223"}],"wp:attachment":[{"href":"https:\/\/www.munimacul.cl\/portalnv\/index.php\/wp-json\/wp\/v2\/media?parent=42222"}],"wp:term":[{"taxonomy":"category","embeddable":true,"href":"https:\/\/www.munimacul.cl\/portalnv\/index.php\/wp-json\/wp\/v2\/categories?post=42222"},{"taxonomy":"post_tag","embeddable":true,"href":"https:\/\/www.munimacul.cl\/portalnv\/index.php\/wp-json\/wp\/v2\/tags?post=42222"}],"curies":[{"name":"wp","href":"https:\/\/api.w.org\/{rel}","templated":true}]}}