{"id":42236,"date":"2025-07-09T18:36:35","date_gmt":"2025-07-09T22:36:35","guid":{"rendered":"https:\/\/www.munimacul.cl\/portalnv\/?p=42236"},"modified":"2025-07-09T18:42:06","modified_gmt":"2025-07-09T22:42:06","slug":"jornada-educativa-y-preventiva-de-seguridad-en-villa-universidad-catolica","status":"publish","type":"post","link":"https:\/\/www.munimacul.cl\/portalnv\/index.php\/2025\/07\/09\/jornada-educativa-y-preventiva-de-seguridad-en-villa-universidad-catolica\/","title":{"rendered":"Jornada Educativa y Preventiva de Seguridad en Villa Universidad Cat\u00f3lica"},"content":{"rendered":"\t\t<div data-elementor-type=\"wp-post\" data-elementor-id=\"42236\" class=\"elementor elementor-42236\" data-elementor-post-type=\"post\">\n\t\t\t\t\t\t<section class=\"has_eae_slider elementor-section elementor-top-section elementor-element elementor-element-58c533c elementor-section-boxed elementor-section-height-default elementor-section-height-default\" data-eae-slider=\"46490\" data-id=\"58c533c\" data-element_type=\"section\" data-e-type=\"section\">\n\t\t\t\t\t\t<div class=\"elementor-container elementor-column-gap-default\">\n\t\t\t\t\t<div class=\"has_eae_slider elementor-column elementor-col-100 elementor-top-column elementor-element elementor-element-5e0b4ed\" data-eae-slider=\"80930\" data-id=\"5e0b4ed\" data-element_type=\"column\" data-e-type=\"column\" data-settings=\"{&quot;background_background&quot;:&quot;classic&quot;}\">\n\t\t\t<div class=\"elementor-widget-wrap elementor-element-populated\">\n\t\t\t\t\t\t<div class=\"elementor-element elementor-element-89453b4 elementor-widget elementor-widget-heading\" data-id=\"89453b4\" data-element_type=\"widget\" data-e-type=\"widget\" data-widget_type=\"heading.default\">\n\t\t\t\t<div class=\"elementor-widget-container\">\n\t\t\t\t\t<h2 class=\"elementor-heading-title elementor-size-default\">Jornada Educativa y Preventiva de Seguridad<br>en Villa Universidad Cat\u00f3lica<\/h2>\t\t\t\t<\/div>\n\t\t\t\t<\/div>\n\t\t\t\t\t<\/div>\n\t\t<\/div>\n\t\t\t\t\t<\/div>\n\t\t<\/section>\n\t\t\t\t<section class=\"has_eae_slider elementor-section elementor-top-section elementor-element elementor-element-faae3ce elementor-section-boxed elementor-section-height-default elementor-section-height-default\" data-eae-slider=\"21444\" data-id=\"faae3ce\" data-element_type=\"section\" data-e-type=\"section\">\n\t\t\t\t\t\t<div class=\"elementor-container elementor-column-gap-default\">\n\t\t\t\t\t<div class=\"has_eae_slider elementor-column elementor-col-100 elementor-top-column elementor-element elementor-element-c457b0f\" data-eae-slider=\"17507\" data-id=\"c457b0f\" data-element_type=\"column\" data-e-type=\"column\">\n\t\t\t<div class=\"elementor-widget-wrap elementor-element-populated\">\n\t\t\t\t\t\t<div class=\"elementor-element elementor-element-f96235d elementor-widget elementor-widget-text-editor\" data-id=\"f96235d\" data-element_type=\"widget\" data-e-type=\"widget\" data-widget_type=\"text-editor.default\">\n\t\t\t\t<div class=\"elementor-widget-container\">\n\t\t\t\t\t\t\t\t\t<p>Importantes reuniones educativas en el \u00e1mbito de la prevenci\u00f3n se encuentra realizando\u00a0<span style=\"color: var( --e-global-color-text );\">la Direcci\u00f3n de Seguridad P\u00fablica de Macul en distintos territorios de la comuna.<\/span><\/p>\t\t\t\t\t\t\t\t<\/div>\n\t\t\t\t<\/div>\n\t\t\t\t\t<\/div>\n\t\t<\/div>\n\t\t\t\t\t<\/div>\n\t\t<\/section>\n\t\t\t\t<section class=\"has_eae_slider elementor-section elementor-top-section elementor-element elementor-element-63db922 elementor-section-boxed elementor-section-height-default elementor-section-height-default\" data-eae-slider=\"33560\" data-id=\"63db922\" data-element_type=\"section\" data-e-type=\"section\">\n\t\t\t\t\t\t<div class=\"elementor-container elementor-column-gap-default\">\n\t\t\t\t\t<div class=\"has_eae_slider elementor-column elementor-col-50 elementor-top-column elementor-element elementor-element-de0509a\" data-eae-slider=\"79462\" data-id=\"de0509a\" data-element_type=\"column\" data-e-type=\"column\">\n\t\t\t<div class=\"elementor-widget-wrap elementor-element-populated\">\n\t\t\t\t\t\t<div class=\"elementor-element elementor-element-44f19f6 elementor-widget elementor-widget-text-editor\" data-id=\"44f19f6\" data-element_type=\"widget\" data-e-type=\"widget\" data-widget_type=\"text-editor.default\">\n\t\t\t\t<div class=\"elementor-widget-container\">\n\t\t\t\t\t\t\t\t\t<p>A trav\u00e9s de reuniones con vecinos en los territorios y jornadas de puerta a puerta, la Direcci\u00f3n de\u00a0<span style=\"color: var( --e-global-color-text );\">Seguridad P\u00fablica, est\u00e1 realizando un trabajo preventivo e informativo, con las organizaciones\u00a0<\/span><span style=\"color: var( --e-global-color-text );\">sociales de distintos sectores de la comuna.<\/span><\/p><p>Es as\u00ed como se llev\u00f3 a cabo una importante jornada informativa, que tuvo lugar en la Unidad\u00a0<span style=\"color: var( --e-global-color-text );\">Vecinal N\u00b0 9, de la Junta de Vecinos Villa Universidad Cat\u00f3lica, para dar a conocer a los vecinos y\u00a0<\/span><span style=\"color: var( --e-global-color-text );\">vecinas, los distintos servicios, orientaciones y alcances que se brindan a trav\u00e9s de esta importante\u00a0<\/span><span style=\"color: var( --e-global-color-text );\">Direcci\u00f3n.<\/span><\/p><p>Respondiendo a los requerimientos de los vecinos organizados, que pudieron contar con la\u00a0<span style=\"color: var( --e-global-color-text );\">presencia de inspectores y funcionarios, adem\u00e1s del Director del \u00e1rea Luis Urz\u00faa, entregando\u00a0<\/span><span style=\"color: var( --e-global-color-text );\">recomendaciones y estrategias bajo una mirada preventiva del delito. \u201cSabemos lo importante\u00a0<\/span><span style=\"color: var( --e-global-color-text );\">que es cuidarnos mutuamente, porque la seguridad la construimos juntos, seguiremos recorriendo\u00a0<\/span><span style=\"color: var( --e-global-color-text );\">nuestros barrios, escuchando y trabajando codo a codo con ustedes\u201d, precis\u00f3 Urz\u00faa.<\/span><\/p><p>Durante las actividades, profesionales de la Direcci\u00f3n detallaron y explicaron a cabalidad los\u00a0<span style=\"color: var( --e-global-color-text );\">alcances y servicios que brinda esta importante \u00e1rea municipal, tales como servicios del \u00e1rea de\u00a0<\/span><span style=\"color: var( --e-global-color-text );\">apoyo a v\u00edctimas de violencia intrafamiliar, de g\u00e9nero y delitos de violencia sexual. Asimismo, la\u00a0<\/span><span style=\"color: var( --e-global-color-text );\">Central de Televigilancia 1444, que opera las 24 horas, durante los 7 d\u00edas de la semana. Y, por\u00a0<\/span><span style=\"color: var( --e-global-color-text );\">supuesto, las labores preventivas y activas, desarrolladas por los inspectores municipales, a trav\u00e9s\u00a0<\/span><span style=\"color: var( --e-global-color-text );\">de patrullajes, fiscalizaciones, apoyo en emergencias y dem\u00e1s acciones.<\/span><\/p><p>La presidenta de la Junta de Vecinos, Susana P\u00e9rez, valor\u00f3 esta intervenci\u00f3n que fue de gran\u00a0<span style=\"color: var( --e-global-color-text );\">aporte para la comunidad. Una iniciativa que puede ser solicitada por los vecinos organizados\u00a0<\/span><span style=\"color: var( --e-global-color-text );\">directamente a trav\u00e9s de la Direcci\u00f3n de Seguridad P\u00fablica, ubicada en Arturo Goz\u00e1lvez 4315,\u00a0<\/span><span style=\"color: var( --e-global-color-text );\">fono: 228739237.\u00a0<\/span><\/p>\t\t\t\t\t\t\t\t<\/div>\n\t\t\t\t<\/div>\n\t\t\t\t\t<\/div>\n\t\t<\/div>\n\t\t\t\t<div class=\"has_eae_slider elementor-column elementor-col-50 elementor-top-column elementor-element elementor-element-53887ef\" data-eae-slider=\"14621\" data-id=\"53887ef\" data-element_type=\"column\" data-e-type=\"column\">\n\t\t\t<div class=\"elementor-widget-wrap elementor-element-populated\">\n\t\t\t\t\t\t<div class=\"elementor-element elementor-element-b0eb32e elementor-widget elementor-widget-image-gallery\" data-id=\"b0eb32e\" data-element_type=\"widget\" data-e-type=\"widget\" data-widget_type=\"image-gallery.default\">\n\t\t\t\t<div class=\"elementor-widget-container\">\n\t\t\t\t\t\t\t<div class=\"elementor-image-gallery\">\n\t\t\t<div id='gallery-1' class='gallery galleryid-42236 gallery-columns-2 gallery-size-full'><figure class='gallery-item'>\n\t\t\t<div class='gallery-icon landscape'>\n\t\t\t\t<a data-elementor-open-lightbox=\"yes\" data-elementor-lightbox-slideshow=\"b0eb32e\" data-e-action-hash=\"#elementor-action%3Aaction%3Dlightbox%26settings%3DeyJpZCI6NDIyMzksInVybCI6Imh0dHBzOlwvXC93d3cubXVuaW1hY3VsLmNsXC9wb3J0YWxudlwvd3AtY29udGVudFwvdXBsb2Fkc1wvMjAyNVwvMDdcLzZmMWU0Y2RhLWYwNjItNDYxZi1iYmYwLTRhNTI0MTIyNzQ3My1zY2FsZWQuanBlZyIsInNsaWRlc2hvdyI6ImIwZWIzMmUifQ%3D%3D\" href='https:\/\/www.munimacul.cl\/portalnv\/wp-content\/uploads\/2025\/07\/6f1e4cda-f062-461f-bbf0-4a5241227473-scaled.jpeg'><img loading=\"lazy\" decoding=\"async\" width=\"2560\" height=\"1920\" src=\"https:\/\/www.munimacul.cl\/portalnv\/wp-content\/uploads\/2025\/07\/6f1e4cda-f062-461f-bbf0-4a5241227473-scaled.jpeg\" class=\"attachment-full size-full\" alt=\"\" srcset=\"https:\/\/www.munimacul.cl\/portalnv\/wp-content\/uploads\/2025\/07\/6f1e4cda-f062-461f-bbf0-4a5241227473-scaled.jpeg 2560w, https:\/\/www.munimacul.cl\/portalnv\/wp-content\/uploads\/2025\/07\/6f1e4cda-f062-461f-bbf0-4a5241227473-300x225.jpeg 300w, https:\/\/www.munimacul.cl\/portalnv\/wp-content\/uploads\/2025\/07\/6f1e4cda-f062-461f-bbf0-4a5241227473-1024x768.jpeg 1024w, https:\/\/www.munimacul.cl\/portalnv\/wp-content\/uploads\/2025\/07\/6f1e4cda-f062-461f-bbf0-4a5241227473-768x576.jpeg 768w, https:\/\/www.munimacul.cl\/portalnv\/wp-content\/uploads\/2025\/07\/6f1e4cda-f062-461f-bbf0-4a5241227473-1536x1152.jpeg 1536w, https:\/\/www.munimacul.cl\/portalnv\/wp-content\/uploads\/2025\/07\/6f1e4cda-f062-461f-bbf0-4a5241227473-2048x1536.jpeg 2048w\" sizes=\"auto, (max-width: 2560px) 100vw, 2560px\" \/><\/a>\n\t\t\t<\/div><\/figure><figure class='gallery-item'>\n\t\t\t<div class='gallery-icon landscape'>\n\t\t\t\t<a data-elementor-open-lightbox=\"yes\" data-elementor-lightbox-slideshow=\"b0eb32e\" data-e-action-hash=\"#elementor-action%3Aaction%3Dlightbox%26settings%3DeyJpZCI6NDIyNDAsInVybCI6Imh0dHBzOlwvXC93d3cubXVuaW1hY3VsLmNsXC9wb3J0YWxudlwvd3AtY29udGVudFwvdXBsb2Fkc1wvMjAyNVwvMDdcLzUxYjE1ZGEzLTU5MWEtNGIwMi05NzIyLWM0Yjk0MmUwN2UzMC5qcGVnIiwic2xpZGVzaG93IjoiYjBlYjMyZSJ9\" href='https:\/\/www.munimacul.cl\/portalnv\/wp-content\/uploads\/2025\/07\/51b15da3-591a-4b02-9722-c4b942e07e30.jpeg'><img loading=\"lazy\" decoding=\"async\" width=\"1600\" height=\"1200\" src=\"https:\/\/www.munimacul.cl\/portalnv\/wp-content\/uploads\/2025\/07\/51b15da3-591a-4b02-9722-c4b942e07e30.jpeg\" class=\"attachment-full size-full\" alt=\"\" srcset=\"https:\/\/www.munimacul.cl\/portalnv\/wp-content\/uploads\/2025\/07\/51b15da3-591a-4b02-9722-c4b942e07e30.jpeg 1600w, https:\/\/www.munimacul.cl\/portalnv\/wp-content\/uploads\/2025\/07\/51b15da3-591a-4b02-9722-c4b942e07e30-300x225.jpeg 300w, https:\/\/www.munimacul.cl\/portalnv\/wp-content\/uploads\/2025\/07\/51b15da3-591a-4b02-9722-c4b942e07e30-1024x768.jpeg 1024w, https:\/\/www.munimacul.cl\/portalnv\/wp-content\/uploads\/2025\/07\/51b15da3-591a-4b02-9722-c4b942e07e30-768x576.jpeg 768w, https:\/\/www.munimacul.cl\/portalnv\/wp-content\/uploads\/2025\/07\/51b15da3-591a-4b02-9722-c4b942e07e30-1536x1152.jpeg 1536w\" sizes=\"auto, (max-width: 1600px) 100vw, 1600px\" \/><\/a>\n\t\t\t<\/div><\/figure><figure class='gallery-item'>\n\t\t\t<div class='gallery-icon landscape'>\n\t\t\t\t<a data-elementor-open-lightbox=\"yes\" data-elementor-lightbox-slideshow=\"b0eb32e\" data-e-action-hash=\"#elementor-action%3Aaction%3Dlightbox%26settings%3DeyJpZCI6NDIyNDEsInVybCI6Imh0dHBzOlwvXC93d3cubXVuaW1hY3VsLmNsXC9wb3J0YWxudlwvd3AtY29udGVudFwvdXBsb2Fkc1wvMjAyNVwvMDdcLzUxNGNjZmI3LTMyM2MtNDFjMy1hNWFkLWY4NTNmNjBhZDIzYS1zY2FsZWQuanBlZyIsInNsaWRlc2hvdyI6ImIwZWIzMmUifQ%3D%3D\" href='https:\/\/www.munimacul.cl\/portalnv\/wp-content\/uploads\/2025\/07\/514ccfb7-323c-41c3-a5ad-f853f60ad23a-scaled.jpeg'><img loading=\"lazy\" decoding=\"async\" width=\"2560\" height=\"1920\" src=\"https:\/\/www.munimacul.cl\/portalnv\/wp-content\/uploads\/2025\/07\/514ccfb7-323c-41c3-a5ad-f853f60ad23a-scaled.jpeg\" class=\"attachment-full size-full\" alt=\"\" srcset=\"https:\/\/www.munimacul.cl\/portalnv\/wp-content\/uploads\/2025\/07\/514ccfb7-323c-41c3-a5ad-f853f60ad23a-scaled.jpeg 2560w, https:\/\/www.munimacul.cl\/portalnv\/wp-content\/uploads\/2025\/07\/514ccfb7-323c-41c3-a5ad-f853f60ad23a-300x225.jpeg 300w, https:\/\/www.munimacul.cl\/portalnv\/wp-content\/uploads\/2025\/07\/514ccfb7-323c-41c3-a5ad-f853f60ad23a-1024x768.jpeg 1024w, https:\/\/www.munimacul.cl\/portalnv\/wp-content\/uploads\/2025\/07\/514ccfb7-323c-41c3-a5ad-f853f60ad23a-768x576.jpeg 768w, https:\/\/www.munimacul.cl\/portalnv\/wp-content\/uploads\/2025\/07\/514ccfb7-323c-41c3-a5ad-f853f60ad23a-1536x1152.jpeg 1536w, https:\/\/www.munimacul.cl\/portalnv\/wp-content\/uploads\/2025\/07\/514ccfb7-323c-41c3-a5ad-f853f60ad23a-2048x1536.jpeg 2048w\" sizes=\"auto, (max-width: 2560px) 100vw, 2560px\" \/><\/a>\n\t\t\t<\/div><\/figure><figure class='gallery-item'>\n\t\t\t<div class='gallery-icon landscape'>\n\t\t\t\t<a data-elementor-open-lightbox=\"yes\" data-elementor-lightbox-slideshow=\"b0eb32e\" data-e-action-hash=\"#elementor-action%3Aaction%3Dlightbox%26settings%3DeyJpZCI6NDIyNDIsInVybCI6Imh0dHBzOlwvXC93d3cubXVuaW1hY3VsLmNsXC9wb3J0YWxudlwvd3AtY29udGVudFwvdXBsb2Fkc1wvMjAyNVwvMDdcLzgzNjBkNGEyLWQ1N2QtNGQwOC1hNGMwLTQ5YjQ4Y2ZmNTBhYi1zY2FsZWQuanBlZyIsInNsaWRlc2hvdyI6ImIwZWIzMmUifQ%3D%3D\" href='https:\/\/www.munimacul.cl\/portalnv\/wp-content\/uploads\/2025\/07\/8360d4a2-d57d-4d08-a4c0-49b48cff50ab-scaled.jpeg'><img loading=\"lazy\" decoding=\"async\" width=\"2560\" height=\"1920\" src=\"https:\/\/www.munimacul.cl\/portalnv\/wp-content\/uploads\/2025\/07\/8360d4a2-d57d-4d08-a4c0-49b48cff50ab-scaled.jpeg\" class=\"attachment-full size-full\" alt=\"\" srcset=\"https:\/\/www.munimacul.cl\/portalnv\/wp-content\/uploads\/2025\/07\/8360d4a2-d57d-4d08-a4c0-49b48cff50ab-scaled.jpeg 2560w, https:\/\/www.munimacul.cl\/portalnv\/wp-content\/uploads\/2025\/07\/8360d4a2-d57d-4d08-a4c0-49b48cff50ab-300x225.jpeg 300w, https:\/\/www.munimacul.cl\/portalnv\/wp-content\/uploads\/2025\/07\/8360d4a2-d57d-4d08-a4c0-49b48cff50ab-1024x768.jpeg 1024w, https:\/\/www.munimacul.cl\/portalnv\/wp-content\/uploads\/2025\/07\/8360d4a2-d57d-4d08-a4c0-49b48cff50ab-768x576.jpeg 768w, https:\/\/www.munimacul.cl\/portalnv\/wp-content\/uploads\/2025\/07\/8360d4a2-d57d-4d08-a4c0-49b48cff50ab-1536x1152.jpeg 1536w, https:\/\/www.munimacul.cl\/portalnv\/wp-content\/uploads\/2025\/07\/8360d4a2-d57d-4d08-a4c0-49b48cff50ab-2048x1536.jpeg 2048w\" sizes=\"auto, (max-width: 2560px) 100vw, 2560px\" \/><\/a>\n\t\t\t<\/div><\/figure><figure class='gallery-item'>\n\t\t\t<div class='gallery-icon landscape'>\n\t\t\t\t<a data-elementor-open-lightbox=\"yes\" data-elementor-lightbox-slideshow=\"b0eb32e\" data-e-action-hash=\"#elementor-action%3Aaction%3Dlightbox%26settings%3DeyJpZCI6NDIyNDMsInVybCI6Imh0dHBzOlwvXC93d3cubXVuaW1hY3VsLmNsXC9wb3J0YWxudlwvd3AtY29udGVudFwvdXBsb2Fkc1wvMjAyNVwvMDdcLzE3OTY3OGIwLTUzMTQtNGUzMy1iNzFjLTAwYjFhMzRhMmJlZS1zY2FsZWQuanBlZyIsInNsaWRlc2hvdyI6ImIwZWIzMmUifQ%3D%3D\" href='https:\/\/www.munimacul.cl\/portalnv\/wp-content\/uploads\/2025\/07\/179678b0-5314-4e33-b71c-00b1a34a2bee-scaled.jpeg'><img loading=\"lazy\" decoding=\"async\" width=\"2560\" height=\"1920\" src=\"https:\/\/www.munimacul.cl\/portalnv\/wp-content\/uploads\/2025\/07\/179678b0-5314-4e33-b71c-00b1a34a2bee-scaled.jpeg\" class=\"attachment-full size-full\" alt=\"\" srcset=\"https:\/\/www.munimacul.cl\/portalnv\/wp-content\/uploads\/2025\/07\/179678b0-5314-4e33-b71c-00b1a34a2bee-scaled.jpeg 2560w, https:\/\/www.munimacul.cl\/portalnv\/wp-content\/uploads\/2025\/07\/179678b0-5314-4e33-b71c-00b1a34a2bee-300x225.jpeg 300w, https:\/\/www.munimacul.cl\/portalnv\/wp-content\/uploads\/2025\/07\/179678b0-5314-4e33-b71c-00b1a34a2bee-1024x768.jpeg 1024w, https:\/\/www.munimacul.cl\/portalnv\/wp-content\/uploads\/2025\/07\/179678b0-5314-4e33-b71c-00b1a34a2bee-768x576.jpeg 768w, https:\/\/www.munimacul.cl\/portalnv\/wp-content\/uploads\/2025\/07\/179678b0-5314-4e33-b71c-00b1a34a2bee-1536x1152.jpeg 1536w, https:\/\/www.munimacul.cl\/portalnv\/wp-content\/uploads\/2025\/07\/179678b0-5314-4e33-b71c-00b1a34a2bee-2048x1536.jpeg 2048w\" sizes=\"auto, (max-width: 2560px) 100vw, 2560px\" \/><\/a>\n\t\t\t<\/div><\/figure><figure class='gallery-item'>\n\t\t\t<div class='gallery-icon landscape'>\n\t\t\t\t<a data-elementor-open-lightbox=\"yes\" data-elementor-lightbox-slideshow=\"b0eb32e\" data-e-action-hash=\"#elementor-action%3Aaction%3Dlightbox%26settings%3DeyJpZCI6NDIyNDQsInVybCI6Imh0dHBzOlwvXC93d3cubXVuaW1hY3VsLmNsXC9wb3J0YWxudlwvd3AtY29udGVudFwvdXBsb2Fkc1wvMjAyNVwvMDdcL2E1ODExMGFhLTE0YjktNDI3Ny1hMWYyLTYyMzQ2ODNkMzNhMi1zY2FsZWQuanBlZyIsInNsaWRlc2hvdyI6ImIwZWIzMmUifQ%3D%3D\" href='https:\/\/www.munimacul.cl\/portalnv\/wp-content\/uploads\/2025\/07\/a58110aa-14b9-4277-a1f2-6234683d33a2-scaled.jpeg'><img loading=\"lazy\" decoding=\"async\" width=\"2560\" height=\"1920\" src=\"https:\/\/www.munimacul.cl\/portalnv\/wp-content\/uploads\/2025\/07\/a58110aa-14b9-4277-a1f2-6234683d33a2-scaled.jpeg\" class=\"attachment-full size-full\" alt=\"\" srcset=\"https:\/\/www.munimacul.cl\/portalnv\/wp-content\/uploads\/2025\/07\/a58110aa-14b9-4277-a1f2-6234683d33a2-scaled.jpeg 2560w, https:\/\/www.munimacul.cl\/portalnv\/wp-content\/uploads\/2025\/07\/a58110aa-14b9-4277-a1f2-6234683d33a2-300x225.jpeg 300w, https:\/\/www.munimacul.cl\/portalnv\/wp-content\/uploads\/2025\/07\/a58110aa-14b9-4277-a1f2-6234683d33a2-1024x768.jpeg 1024w, https:\/\/www.munimacul.cl\/portalnv\/wp-content\/uploads\/2025\/07\/a58110aa-14b9-4277-a1f2-6234683d33a2-768x576.jpeg 768w, https:\/\/www.munimacul.cl\/portalnv\/wp-content\/uploads\/2025\/07\/a58110aa-14b9-4277-a1f2-6234683d33a2-1536x1152.jpeg 1536w, https:\/\/www.munimacul.cl\/portalnv\/wp-content\/uploads\/2025\/07\/a58110aa-14b9-4277-a1f2-6234683d33a2-2048x1536.jpeg 2048w\" sizes=\"auto, (max-width: 2560px) 100vw, 2560px\" \/><\/a>\n\t\t\t<\/div><\/figure><figure class='gallery-item'>\n\t\t\t<div class='gallery-icon landscape'>\n\t\t\t\t<a data-elementor-open-lightbox=\"yes\" data-elementor-lightbox-slideshow=\"b0eb32e\" data-e-action-hash=\"#elementor-action%3Aaction%3Dlightbox%26settings%3DeyJpZCI6NDIyNDUsInVybCI6Imh0dHBzOlwvXC93d3cubXVuaW1hY3VsLmNsXC9wb3J0YWxudlwvd3AtY29udGVudFwvdXBsb2Fkc1wvMjAyNVwvMDdcL2VjMjI2N2ZkLTU1NGEtNDZjZS1iOGFjLTY2ZThiYWU3Y2IzMy5qcGVnIiwic2xpZGVzaG93IjoiYjBlYjMyZSJ9\" href='https:\/\/www.munimacul.cl\/portalnv\/wp-content\/uploads\/2025\/07\/ec2267fd-554a-46ce-b8ac-66e8bae7cb33.jpeg'><img loading=\"lazy\" decoding=\"async\" width=\"1600\" height=\"1200\" src=\"https:\/\/www.munimacul.cl\/portalnv\/wp-content\/uploads\/2025\/07\/ec2267fd-554a-46ce-b8ac-66e8bae7cb33.jpeg\" class=\"attachment-full size-full\" alt=\"\" srcset=\"https:\/\/www.munimacul.cl\/portalnv\/wp-content\/uploads\/2025\/07\/ec2267fd-554a-46ce-b8ac-66e8bae7cb33.jpeg 1600w, https:\/\/www.munimacul.cl\/portalnv\/wp-content\/uploads\/2025\/07\/ec2267fd-554a-46ce-b8ac-66e8bae7cb33-300x225.jpeg 300w, https:\/\/www.munimacul.cl\/portalnv\/wp-content\/uploads\/2025\/07\/ec2267fd-554a-46ce-b8ac-66e8bae7cb33-1024x768.jpeg 1024w, https:\/\/www.munimacul.cl\/portalnv\/wp-content\/uploads\/2025\/07\/ec2267fd-554a-46ce-b8ac-66e8bae7cb33-768x576.jpeg 768w, https:\/\/www.munimacul.cl\/portalnv\/wp-content\/uploads\/2025\/07\/ec2267fd-554a-46ce-b8ac-66e8bae7cb33-1536x1152.jpeg 1536w\" sizes=\"auto, (max-width: 1600px) 100vw, 1600px\" \/><\/a>\n\t\t\t<\/div><\/figure><figure class='gallery-item'>\n\t\t\t<div class='gallery-icon landscape'>\n\t\t\t\t<a data-elementor-open-lightbox=\"yes\" data-elementor-lightbox-slideshow=\"b0eb32e\" data-e-action-hash=\"#elementor-action%3Aaction%3Dlightbox%26settings%3DeyJpZCI6NDIyNDYsInVybCI6Imh0dHBzOlwvXC93d3cubXVuaW1hY3VsLmNsXC9wb3J0YWxudlwvd3AtY29udGVudFwvdXBsb2Fkc1wvMjAyNVwvMDdcL2Y5ZTNlNDg0LTI0MWUtNGQ5Ni05ODUzLTQzOGE3ODBkMWJhNS1zY2FsZWQuanBlZyIsInNsaWRlc2hvdyI6ImIwZWIzMmUifQ%3D%3D\" href='https:\/\/www.munimacul.cl\/portalnv\/wp-content\/uploads\/2025\/07\/f9e3e484-241e-4d96-9853-438a780d1ba5-scaled.jpeg'><img loading=\"lazy\" decoding=\"async\" width=\"2560\" height=\"1920\" src=\"https:\/\/www.munimacul.cl\/portalnv\/wp-content\/uploads\/2025\/07\/f9e3e484-241e-4d96-9853-438a780d1ba5-scaled.jpeg\" class=\"attachment-full size-full\" alt=\"\" srcset=\"https:\/\/www.munimacul.cl\/portalnv\/wp-content\/uploads\/2025\/07\/f9e3e484-241e-4d96-9853-438a780d1ba5-scaled.jpeg 2560w, https:\/\/www.munimacul.cl\/portalnv\/wp-content\/uploads\/2025\/07\/f9e3e484-241e-4d96-9853-438a780d1ba5-300x225.jpeg 300w, https:\/\/www.munimacul.cl\/portalnv\/wp-content\/uploads\/2025\/07\/f9e3e484-241e-4d96-9853-438a780d1ba5-1024x768.jpeg 1024w, https:\/\/www.munimacul.cl\/portalnv\/wp-content\/uploads\/2025\/07\/f9e3e484-241e-4d96-9853-438a780d1ba5-768x576.jpeg 768w, https:\/\/www.munimacul.cl\/portalnv\/wp-content\/uploads\/2025\/07\/f9e3e484-241e-4d96-9853-438a780d1ba5-1536x1152.jpeg 1536w, https:\/\/www.munimacul.cl\/portalnv\/wp-content\/uploads\/2025\/07\/f9e3e484-241e-4d96-9853-438a780d1ba5-2048x1536.jpeg 2048w\" sizes=\"auto, (max-width: 2560px) 100vw, 2560px\" \/><\/a>\n\t\t\t<\/div><\/figure>\n\t\t<\/div>\n\t\t<\/div>\n\t\t\t\t\t\t<\/div>\n\t\t\t\t<\/div>\n\t\t\t\t\t<\/div>\n\t\t<\/div>\n\t\t\t\t\t<\/div>\n\t\t<\/section>\n\t\t\t\t<\/div>\n\t\t","protected":false},"excerpt":{"rendered":"<p>Jornada Educativa y Preventiva de Seguridad en Villa Universidad Cat\u00f3lica Importantes reuniones educativas en el \u00e1mbito de la prevenci\u00f3n se encuentra realizando\u00a0la Direcci\u00f3n de Seguridad P\u00fablica de Macul en distintos territorios de la comuna. A trav\u00e9s de reuniones con vecinos en los territorios y jornadas de puerta a puerta, la Direcci\u00f3n de\u00a0Seguridad P\u00fablica, est\u00e1 realizando &#8230; <\/p>\n<p class=\"read-more-container\"><a title=\"Jornada Educativa y Preventiva de Seguridad en Villa Universidad Cat\u00f3lica\" class=\"read-more button\" href=\"https:\/\/www.munimacul.cl\/portalnv\/index.php\/2025\/07\/09\/jornada-educativa-y-preventiva-de-seguridad-en-villa-universidad-catolica\/#more-42236\" aria-label=\"Leer m\u00e1s sobre Jornada Educativa y Preventiva de Seguridad en Villa Universidad Cat\u00f3lica\">Read more<\/a><\/p>\n","protected":false},"author":1,"featured_media":42250,"comment_status":"closed","ping_status":"closed","sticky":false,"template":"","format":"standard","meta":{"footnotes":""},"categories":[7],"tags":[],"class_list":["post-42236","post","type-post","status-publish","format-standard","has-post-thumbnail","hentry","category-noticias"],"_links":{"self":[{"href":"https:\/\/www.munimacul.cl\/portalnv\/index.php\/wp-json\/wp\/v2\/posts\/42236","targetHints":{"allow":["GET"]}}],"collection":[{"href":"https:\/\/www.munimacul.cl\/portalnv\/index.php\/wp-json\/wp\/v2\/posts"}],"about":[{"href":"https:\/\/www.munimacul.cl\/portalnv\/index.php\/wp-json\/wp\/v2\/types\/post"}],"author":[{"embeddable":true,"href":"https:\/\/www.munimacul.cl\/portalnv\/index.php\/wp-json\/wp\/v2\/users\/1"}],"replies":[{"embeddable":true,"href":"https:\/\/www.munimacul.cl\/portalnv\/index.php\/wp-json\/wp\/v2\/comments?post=42236"}],"version-history":[{"count":5,"href":"https:\/\/www.munimacul.cl\/portalnv\/index.php\/wp-json\/wp\/v2\/posts\/42236\/revisions"}],"predecessor-version":[{"id":42251,"href":"https:\/\/www.munimacul.cl\/portalnv\/index.php\/wp-json\/wp\/v2\/posts\/42236\/revisions\/42251"}],"wp:featuredmedia":[{"embeddable":true,"href":"https:\/\/www.munimacul.cl\/portalnv\/index.php\/wp-json\/wp\/v2\/media\/42250"}],"wp:attachment":[{"href":"https:\/\/www.munimacul.cl\/portalnv\/index.php\/wp-json\/wp\/v2\/media?parent=42236"}],"wp:term":[{"taxonomy":"category","embeddable":true,"href":"https:\/\/www.munimacul.cl\/portalnv\/index.php\/wp-json\/wp\/v2\/categories?post=42236"},{"taxonomy":"post_tag","embeddable":true,"href":"https:\/\/www.munimacul.cl\/portalnv\/index.php\/wp-json\/wp\/v2\/tags?post=42236"}],"curies":[{"name":"wp","href":"https:\/\/api.w.org\/{rel}","templated":true}]}}