{"id":42252,"date":"2025-07-09T18:49:23","date_gmt":"2025-07-09T22:49:23","guid":{"rendered":"https:\/\/www.munimacul.cl\/portalnv\/?p=42252"},"modified":"2025-07-09T18:50:39","modified_gmt":"2025-07-09T22:50:39","slug":"escuelas-de-invierno-2025-vacaciones-con-deporte-y-entretencion-gratuita","status":"publish","type":"post","link":"https:\/\/www.munimacul.cl\/portalnv\/index.php\/2025\/07\/09\/escuelas-de-invierno-2025-vacaciones-con-deporte-y-entretencion-gratuita\/","title":{"rendered":"Escuelas de Invierno 2025: Vacaciones con deporte y entretenci\u00f3n gratuita"},"content":{"rendered":"\t\t<div data-elementor-type=\"wp-post\" data-elementor-id=\"42252\" class=\"elementor elementor-42252\" data-elementor-post-type=\"post\">\n\t\t\t\t\t\t<section class=\"has_eae_slider elementor-section elementor-top-section elementor-element elementor-element-58c533c elementor-section-boxed elementor-section-height-default elementor-section-height-default\" data-eae-slider=\"71934\" data-id=\"58c533c\" data-element_type=\"section\" data-e-type=\"section\">\n\t\t\t\t\t\t<div class=\"elementor-container elementor-column-gap-default\">\n\t\t\t\t\t<div class=\"has_eae_slider elementor-column elementor-col-100 elementor-top-column elementor-element elementor-element-5e0b4ed\" data-eae-slider=\"70386\" data-id=\"5e0b4ed\" data-element_type=\"column\" data-e-type=\"column\" data-settings=\"{&quot;background_background&quot;:&quot;classic&quot;}\">\n\t\t\t<div class=\"elementor-widget-wrap elementor-element-populated\">\n\t\t\t\t\t\t<div class=\"elementor-element elementor-element-89453b4 elementor-widget elementor-widget-heading\" data-id=\"89453b4\" data-element_type=\"widget\" data-e-type=\"widget\" data-widget_type=\"heading.default\">\n\t\t\t\t<div class=\"elementor-widget-container\">\n\t\t\t\t\t<h2 class=\"elementor-heading-title elementor-size-default\">Escuelas de Invierno 2025: Vacaciones con deporte y entretenci\u00f3n gratuita<\/h2>\t\t\t\t<\/div>\n\t\t\t\t<\/div>\n\t\t\t\t\t<\/div>\n\t\t<\/div>\n\t\t\t\t\t<\/div>\n\t\t<\/section>\n\t\t\t\t<section class=\"has_eae_slider elementor-section elementor-top-section elementor-element elementor-element-faae3ce elementor-section-boxed elementor-section-height-default elementor-section-height-default\" data-eae-slider=\"33164\" data-id=\"faae3ce\" data-element_type=\"section\" data-e-type=\"section\">\n\t\t\t\t\t\t<div class=\"elementor-container elementor-column-gap-default\">\n\t\t\t\t\t<div class=\"has_eae_slider elementor-column elementor-col-100 elementor-top-column elementor-element elementor-element-c457b0f\" data-eae-slider=\"53716\" data-id=\"c457b0f\" data-element_type=\"column\" data-e-type=\"column\">\n\t\t\t<div class=\"elementor-widget-wrap elementor-element-populated\">\n\t\t\t\t\t\t<div class=\"elementor-element elementor-element-f96235d elementor-widget elementor-widget-text-editor\" data-id=\"f96235d\" data-element_type=\"widget\" data-e-type=\"widget\" data-widget_type=\"text-editor.default\">\n\t\t\t\t<div class=\"elementor-widget-container\">\n\t\t\t\t\t\t\t\t\t<p>Un gran \u00e9xito, traducido en amplia convocatoria, resultaron las vacaciones de invierno\u00a0<span style=\"color: var( --e-global-color-text );\">preparadas por el Programa Municipal de Deportes de Macul. Durante dos semanas los\u00a0<\/span><span style=\"color: var( --e-global-color-text );\">m\u00e1s peque\u00f1os de la comuna participaron en los distintos talleres y actividades dirigidas a\u00a0<\/span><span style=\"color: var( --e-global-color-text );\">darle un sentido a los estudiantes secundarios.<\/span><\/p>\t\t\t\t\t\t\t\t<\/div>\n\t\t\t\t<\/div>\n\t\t\t\t\t<\/div>\n\t\t<\/div>\n\t\t\t\t\t<\/div>\n\t\t<\/section>\n\t\t\t\t<section class=\"has_eae_slider elementor-section elementor-top-section elementor-element elementor-element-63db922 elementor-section-boxed elementor-section-height-default elementor-section-height-default\" data-eae-slider=\"47692\" data-id=\"63db922\" data-element_type=\"section\" data-e-type=\"section\">\n\t\t\t\t\t\t<div class=\"elementor-container elementor-column-gap-default\">\n\t\t\t\t\t<div class=\"has_eae_slider elementor-column elementor-col-50 elementor-top-column elementor-element elementor-element-de0509a\" data-eae-slider=\"6051\" data-id=\"de0509a\" data-element_type=\"column\" data-e-type=\"column\">\n\t\t\t<div class=\"elementor-widget-wrap elementor-element-populated\">\n\t\t\t\t\t\t<div class=\"elementor-element elementor-element-44f19f6 elementor-widget__width-initial elementor-widget elementor-widget-text-editor\" data-id=\"44f19f6\" data-element_type=\"widget\" data-e-type=\"widget\" data-widget_type=\"text-editor.default\">\n\t\t\t\t<div class=\"elementor-widget-container\">\n\t\t\t\t\t\t\t\t\t<p>Con una asistencia semanal promedio de 350 ni\u00f1os, ni\u00f1as y adolescentes, las Escuelas de Invierno&nbsp;<span style=\"color: var( --e-global-color-text );\">fueron una masiva alternativa para los vecinos de Macul. Estas jornadas recreativas se convirtieron&nbsp;<\/span><span style=\"color: var( --e-global-color-text );\">en la alternativa m\u00e1s entretenida para estos d\u00edas, con el Gimnasio Municipal como principal centro&nbsp;<\/span><span style=\"color: var( --e-global-color-text );\">de operaciones.<\/span><\/p>\n<p>Las actividades se extendieron desde el 23 de junio, hasta el 4 de julio y comprendieron distintas&nbsp;<span style=\"color: var( --e-global-color-text );\">iniciativas seg\u00fan el segmento etario. Actividades grupales e individuales a trav\u00e9s de&nbsp;<\/span><span style=\"color: var( --e-global-color-text );\">din\u00e1micas&nbsp;<\/span><span style=\"color: var( --e-global-color-text );\">psicomotores, juegos y ejercicio f\u00edsico, juegos predeportivos, deportes colectivos, actividades&nbsp;<\/span><span style=\"color: var( --e-global-color-text );\">segmentadas a trav\u00e9s del ejercicio f\u00edsico, circuitos motrices y juegos predeportivos, entre otros.<\/span><\/p>\n<p>Esto persegu\u00eda distintos objetivos, como alinear un desarrollo integral, asociados con el&nbsp;<span style=\"color: var( --e-global-color-text );\">funcionamiento del espacio, cantidad de alumnos y reglas.&nbsp;<\/span><span style=\"color: var( --e-global-color-text );\">Para los ni\u00f1os y ni\u00f1as lo m\u00e1s importante fue la diversi\u00f3n, el compa\u00f1erismo y los buenos&nbsp;<\/span><span style=\"color: var( --e-global-color-text );\">momentos vividos en esta \u00e9poca vacacional, donde se pudo aplacar el fr\u00edo a trav\u00e9s de entretenidas&nbsp;<\/span><span style=\"color: var( --e-global-color-text );\">din\u00e1micas. El encargado del programa de deportes del Municipio, Isaac C\u00e1rcamo, agradeci\u00f3 al Club&nbsp;<\/span><span style=\"color: var( --e-global-color-text );\">Recrear Macul, que habilit\u00f3 sus espacios para actividades extraprogram\u00e1ticas que gran parte de&nbsp;<\/span><span style=\"color: var( --e-global-color-text );\">los ni\u00f1os realizaron en las piscinas temperadas del recinto.<\/span><\/p>\n<p>Asimismo, se valor\u00f3 la intervenci\u00f3n del Programa SENDA Previene y la Oficina de Protecci\u00f3n de&nbsp;<span style=\"color: var( --e-global-color-text );\">Derechos de la Infancia, adem\u00e1s de las charlas sobre seguridad vial, impartida por carabineras de&nbsp;<\/span><span style=\"color: var( --e-global-color-text );\">la de la Oficina de Integraci\u00f3n Comunitaria de la 46\u00aa Comisar\u00eda de Macul. Con motivo de&nbsp;<\/span><span style=\"color: var( --e-global-color-text );\">concientizar desde temprana edad sobre la responsabilidad de cuidarnos mutuamente en el&nbsp;<\/span><span style=\"color: var( --e-global-color-text );\">espacio p\u00fablico.<\/span><\/p>\n<p>\u00a1En Macul, los ni\u00f1os y ni\u00f1as saben de sana diversi\u00f3n en torno al deporte!<\/p>\t\t\t\t\t\t\t\t<\/div>\n\t\t\t\t<\/div>\n\t\t\t\t\t<\/div>\n\t\t<\/div>\n\t\t\t\t<div class=\"has_eae_slider elementor-column elementor-col-50 elementor-top-column elementor-element elementor-element-53887ef\" data-eae-slider=\"45114\" data-id=\"53887ef\" data-element_type=\"column\" data-e-type=\"column\">\n\t\t\t<div class=\"elementor-widget-wrap elementor-element-populated\">\n\t\t\t\t\t\t<div class=\"elementor-element elementor-element-b0eb32e elementor-widget elementor-widget-image-gallery\" data-id=\"b0eb32e\" data-element_type=\"widget\" data-e-type=\"widget\" data-widget_type=\"image-gallery.default\">\n\t\t\t\t<div class=\"elementor-widget-container\">\n\t\t\t\t\t\t\t<div class=\"elementor-image-gallery\">\n\t\t\t<div id='gallery-1' class='gallery galleryid-42252 gallery-columns-2 gallery-size-full'><figure class='gallery-item'>\n\t\t\t<div class='gallery-icon landscape'>\n\t\t\t\t<a data-elementor-open-lightbox=\"yes\" data-elementor-lightbox-slideshow=\"b0eb32e\" data-e-action-hash=\"#elementor-action%3Aaction%3Dlightbox%26settings%3DeyJpZCI6NDIyNTUsInVybCI6Imh0dHBzOlwvXC93d3cubXVuaW1hY3VsLmNsXC9wb3J0YWxudlwvd3AtY29udGVudFwvdXBsb2Fkc1wvMjAyNVwvMDdcLzFjYTE3OGE5LThjZWYtNDViNi1iNDMwLTNkNzBkZjYyN2U3Mi1zY2FsZWQuanBlZyIsInNsaWRlc2hvdyI6ImIwZWIzMmUifQ%3D%3D\" href='https:\/\/www.munimacul.cl\/portalnv\/wp-content\/uploads\/2025\/07\/1ca178a9-8cef-45b6-b430-3d70df627e72-scaled.jpeg'><img loading=\"lazy\" decoding=\"async\" width=\"2560\" height=\"1920\" src=\"https:\/\/www.munimacul.cl\/portalnv\/wp-content\/uploads\/2025\/07\/1ca178a9-8cef-45b6-b430-3d70df627e72-scaled.jpeg\" class=\"attachment-full size-full\" alt=\"\" srcset=\"https:\/\/www.munimacul.cl\/portalnv\/wp-content\/uploads\/2025\/07\/1ca178a9-8cef-45b6-b430-3d70df627e72-scaled.jpeg 2560w, https:\/\/www.munimacul.cl\/portalnv\/wp-content\/uploads\/2025\/07\/1ca178a9-8cef-45b6-b430-3d70df627e72-300x225.jpeg 300w, https:\/\/www.munimacul.cl\/portalnv\/wp-content\/uploads\/2025\/07\/1ca178a9-8cef-45b6-b430-3d70df627e72-1024x768.jpeg 1024w, https:\/\/www.munimacul.cl\/portalnv\/wp-content\/uploads\/2025\/07\/1ca178a9-8cef-45b6-b430-3d70df627e72-768x576.jpeg 768w, https:\/\/www.munimacul.cl\/portalnv\/wp-content\/uploads\/2025\/07\/1ca178a9-8cef-45b6-b430-3d70df627e72-1536x1152.jpeg 1536w, https:\/\/www.munimacul.cl\/portalnv\/wp-content\/uploads\/2025\/07\/1ca178a9-8cef-45b6-b430-3d70df627e72-2048x1536.jpeg 2048w\" sizes=\"auto, (max-width: 2560px) 100vw, 2560px\" \/><\/a>\n\t\t\t<\/div><\/figure><figure class='gallery-item'>\n\t\t\t<div class='gallery-icon portrait'>\n\t\t\t\t<a data-elementor-open-lightbox=\"yes\" data-elementor-lightbox-slideshow=\"b0eb32e\" data-e-action-hash=\"#elementor-action%3Aaction%3Dlightbox%26settings%3DeyJpZCI6NDIyNTYsInVybCI6Imh0dHBzOlwvXC93d3cubXVuaW1hY3VsLmNsXC9wb3J0YWxudlwvd3AtY29udGVudFwvdXBsb2Fkc1wvMjAyNVwvMDdcLzNkMDkyNjQ3LTA5MTMtNDI1Mi1hMTIwLTI0NThkNzMxMWMyZi5qcGVnIiwic2xpZGVzaG93IjoiYjBlYjMyZSJ9\" href='https:\/\/www.munimacul.cl\/portalnv\/wp-content\/uploads\/2025\/07\/3d092647-0913-4252-a120-2458d7311c2f.jpeg'><img loading=\"lazy\" decoding=\"async\" width=\"1080\" height=\"1191\" src=\"https:\/\/www.munimacul.cl\/portalnv\/wp-content\/uploads\/2025\/07\/3d092647-0913-4252-a120-2458d7311c2f.jpeg\" class=\"attachment-full size-full\" alt=\"\" srcset=\"https:\/\/www.munimacul.cl\/portalnv\/wp-content\/uploads\/2025\/07\/3d092647-0913-4252-a120-2458d7311c2f.jpeg 1080w, https:\/\/www.munimacul.cl\/portalnv\/wp-content\/uploads\/2025\/07\/3d092647-0913-4252-a120-2458d7311c2f-272x300.jpeg 272w, https:\/\/www.munimacul.cl\/portalnv\/wp-content\/uploads\/2025\/07\/3d092647-0913-4252-a120-2458d7311c2f-929x1024.jpeg 929w, https:\/\/www.munimacul.cl\/portalnv\/wp-content\/uploads\/2025\/07\/3d092647-0913-4252-a120-2458d7311c2f-768x847.jpeg 768w\" sizes=\"auto, (max-width: 1080px) 100vw, 1080px\" \/><\/a>\n\t\t\t<\/div><\/figure><figure class='gallery-item'>\n\t\t\t<div class='gallery-icon portrait'>\n\t\t\t\t<a data-elementor-open-lightbox=\"yes\" data-elementor-lightbox-slideshow=\"b0eb32e\" data-e-action-hash=\"#elementor-action%3Aaction%3Dlightbox%26settings%3DeyJpZCI6NDIyNTcsInVybCI6Imh0dHBzOlwvXC93d3cubXVuaW1hY3VsLmNsXC9wb3J0YWxudlwvd3AtY29udGVudFwvdXBsb2Fkc1wvMjAyNVwvMDdcLzUyYmVhZDkxLTk2ZTQtNDJjZi1iMDA1LTQyMjk5NGU0ZGIxZS1zY2FsZWQuanBlZyIsInNsaWRlc2hvdyI6ImIwZWIzMmUifQ%3D%3D\" href='https:\/\/www.munimacul.cl\/portalnv\/wp-content\/uploads\/2025\/07\/52bead91-96e4-42cf-b005-422994e4db1e-scaled.jpeg'><img loading=\"lazy\" decoding=\"async\" width=\"1920\" height=\"2560\" src=\"https:\/\/www.munimacul.cl\/portalnv\/wp-content\/uploads\/2025\/07\/52bead91-96e4-42cf-b005-422994e4db1e-scaled.jpeg\" class=\"attachment-full size-full\" alt=\"\" srcset=\"https:\/\/www.munimacul.cl\/portalnv\/wp-content\/uploads\/2025\/07\/52bead91-96e4-42cf-b005-422994e4db1e-scaled.jpeg 1920w, https:\/\/www.munimacul.cl\/portalnv\/wp-content\/uploads\/2025\/07\/52bead91-96e4-42cf-b005-422994e4db1e-225x300.jpeg 225w, https:\/\/www.munimacul.cl\/portalnv\/wp-content\/uploads\/2025\/07\/52bead91-96e4-42cf-b005-422994e4db1e-768x1024.jpeg 768w, https:\/\/www.munimacul.cl\/portalnv\/wp-content\/uploads\/2025\/07\/52bead91-96e4-42cf-b005-422994e4db1e-1152x1536.jpeg 1152w, https:\/\/www.munimacul.cl\/portalnv\/wp-content\/uploads\/2025\/07\/52bead91-96e4-42cf-b005-422994e4db1e-1536x2048.jpeg 1536w\" sizes=\"auto, (max-width: 1920px) 100vw, 1920px\" \/><\/a>\n\t\t\t<\/div><\/figure><figure class='gallery-item'>\n\t\t\t<div class='gallery-icon portrait'>\n\t\t\t\t<a data-elementor-open-lightbox=\"yes\" data-elementor-lightbox-slideshow=\"b0eb32e\" data-e-action-hash=\"#elementor-action%3Aaction%3Dlightbox%26settings%3DeyJpZCI6NDIyNTgsInVybCI6Imh0dHBzOlwvXC93d3cubXVuaW1hY3VsLmNsXC9wb3J0YWxudlwvd3AtY29udGVudFwvdXBsb2Fkc1wvMjAyNVwvMDdcLzg5ZTk5YTA1LWE2YjctNDgwYS05YTRkLTBmZTgwYzkxYzU0OC5qcGVnIiwic2xpZGVzaG93IjoiYjBlYjMyZSJ9\" href='https:\/\/www.munimacul.cl\/portalnv\/wp-content\/uploads\/2025\/07\/89e99a05-a6b7-480a-9a4d-0fe80c91c548.jpeg'><img loading=\"lazy\" decoding=\"async\" width=\"1080\" height=\"1207\" src=\"https:\/\/www.munimacul.cl\/portalnv\/wp-content\/uploads\/2025\/07\/89e99a05-a6b7-480a-9a4d-0fe80c91c548.jpeg\" class=\"attachment-full size-full\" alt=\"\" srcset=\"https:\/\/www.munimacul.cl\/portalnv\/wp-content\/uploads\/2025\/07\/89e99a05-a6b7-480a-9a4d-0fe80c91c548.jpeg 1080w, https:\/\/www.munimacul.cl\/portalnv\/wp-content\/uploads\/2025\/07\/89e99a05-a6b7-480a-9a4d-0fe80c91c548-268x300.jpeg 268w, https:\/\/www.munimacul.cl\/portalnv\/wp-content\/uploads\/2025\/07\/89e99a05-a6b7-480a-9a4d-0fe80c91c548-916x1024.jpeg 916w, https:\/\/www.munimacul.cl\/portalnv\/wp-content\/uploads\/2025\/07\/89e99a05-a6b7-480a-9a4d-0fe80c91c548-768x858.jpeg 768w\" sizes=\"auto, (max-width: 1080px) 100vw, 1080px\" \/><\/a>\n\t\t\t<\/div><\/figure><figure class='gallery-item'>\n\t\t\t<div class='gallery-icon portrait'>\n\t\t\t\t<a data-elementor-open-lightbox=\"yes\" data-elementor-lightbox-slideshow=\"b0eb32e\" data-e-action-hash=\"#elementor-action%3Aaction%3Dlightbox%26settings%3DeyJpZCI6NDIyNTksInVybCI6Imh0dHBzOlwvXC93d3cubXVuaW1hY3VsLmNsXC9wb3J0YWxudlwvd3AtY29udGVudFwvdXBsb2Fkc1wvMjAyNVwvMDdcLzQzMmZhOGUxLTFjM2UtNGM2My1iNjMyLWZkZDVhMjVjZWRhZC5qcGVnIiwic2xpZGVzaG93IjoiYjBlYjMyZSJ9\" href='https:\/\/www.munimacul.cl\/portalnv\/wp-content\/uploads\/2025\/07\/432fa8e1-1c3e-4c63-b632-fdd5a25cedad.jpeg'><img loading=\"lazy\" decoding=\"async\" width=\"1080\" height=\"1137\" src=\"https:\/\/www.munimacul.cl\/portalnv\/wp-content\/uploads\/2025\/07\/432fa8e1-1c3e-4c63-b632-fdd5a25cedad.jpeg\" class=\"attachment-full size-full\" alt=\"\" srcset=\"https:\/\/www.munimacul.cl\/portalnv\/wp-content\/uploads\/2025\/07\/432fa8e1-1c3e-4c63-b632-fdd5a25cedad.jpeg 1080w, https:\/\/www.munimacul.cl\/portalnv\/wp-content\/uploads\/2025\/07\/432fa8e1-1c3e-4c63-b632-fdd5a25cedad-285x300.jpeg 285w, https:\/\/www.munimacul.cl\/portalnv\/wp-content\/uploads\/2025\/07\/432fa8e1-1c3e-4c63-b632-fdd5a25cedad-973x1024.jpeg 973w, https:\/\/www.munimacul.cl\/portalnv\/wp-content\/uploads\/2025\/07\/432fa8e1-1c3e-4c63-b632-fdd5a25cedad-768x809.jpeg 768w\" sizes=\"auto, (max-width: 1080px) 100vw, 1080px\" \/><\/a>\n\t\t\t<\/div><\/figure><figure class='gallery-item'>\n\t\t\t<div class='gallery-icon landscape'>\n\t\t\t\t<a data-elementor-open-lightbox=\"yes\" data-elementor-lightbox-slideshow=\"b0eb32e\" data-e-action-hash=\"#elementor-action%3Aaction%3Dlightbox%26settings%3DeyJpZCI6NDIyNjAsInVybCI6Imh0dHBzOlwvXC93d3cubXVuaW1hY3VsLmNsXC9wb3J0YWxudlwvd3AtY29udGVudFwvdXBsb2Fkc1wvMjAyNVwvMDdcLzUyNjQ2MzU0LWY1NDQtNGRkMi1hM2YxLTg4MzI3YTZmNTQ3OC1zY2FsZWQuanBlZyIsInNsaWRlc2hvdyI6ImIwZWIzMmUifQ%3D%3D\" href='https:\/\/www.munimacul.cl\/portalnv\/wp-content\/uploads\/2025\/07\/52646354-f544-4dd2-a3f1-88327a6f5478-scaled.jpeg'><img loading=\"lazy\" decoding=\"async\" width=\"2560\" height=\"1920\" src=\"https:\/\/www.munimacul.cl\/portalnv\/wp-content\/uploads\/2025\/07\/52646354-f544-4dd2-a3f1-88327a6f5478-scaled.jpeg\" class=\"attachment-full size-full\" alt=\"\" srcset=\"https:\/\/www.munimacul.cl\/portalnv\/wp-content\/uploads\/2025\/07\/52646354-f544-4dd2-a3f1-88327a6f5478-scaled.jpeg 2560w, https:\/\/www.munimacul.cl\/portalnv\/wp-content\/uploads\/2025\/07\/52646354-f544-4dd2-a3f1-88327a6f5478-300x225.jpeg 300w, https:\/\/www.munimacul.cl\/portalnv\/wp-content\/uploads\/2025\/07\/52646354-f544-4dd2-a3f1-88327a6f5478-1024x768.jpeg 1024w, https:\/\/www.munimacul.cl\/portalnv\/wp-content\/uploads\/2025\/07\/52646354-f544-4dd2-a3f1-88327a6f5478-768x576.jpeg 768w, https:\/\/www.munimacul.cl\/portalnv\/wp-content\/uploads\/2025\/07\/52646354-f544-4dd2-a3f1-88327a6f5478-1536x1152.jpeg 1536w, https:\/\/www.munimacul.cl\/portalnv\/wp-content\/uploads\/2025\/07\/52646354-f544-4dd2-a3f1-88327a6f5478-2048x1536.jpeg 2048w\" sizes=\"auto, (max-width: 2560px) 100vw, 2560px\" \/><\/a>\n\t\t\t<\/div><\/figure><figure class='gallery-item'>\n\t\t\t<div class='gallery-icon portrait'>\n\t\t\t\t<a data-elementor-open-lightbox=\"yes\" data-elementor-lightbox-slideshow=\"b0eb32e\" data-e-action-hash=\"#elementor-action%3Aaction%3Dlightbox%26settings%3DeyJpZCI6NDIyNjEsInVybCI6Imh0dHBzOlwvXC93d3cubXVuaW1hY3VsLmNsXC9wb3J0YWxudlwvd3AtY29udGVudFwvdXBsb2Fkc1wvMjAyNVwvMDdcL2EzZWM0YTliLTc0YWItNDNhNi04ZGM0LTQ1YjZkYmNkZTgxNy5qcGVnIiwic2xpZGVzaG93IjoiYjBlYjMyZSJ9\" href='https:\/\/www.munimacul.cl\/portalnv\/wp-content\/uploads\/2025\/07\/a3ec4a9b-74ab-43a6-8dc4-45b6dbcde817.jpeg'><img loading=\"lazy\" decoding=\"async\" width=\"1080\" height=\"1260\" src=\"https:\/\/www.munimacul.cl\/portalnv\/wp-content\/uploads\/2025\/07\/a3ec4a9b-74ab-43a6-8dc4-45b6dbcde817.jpeg\" class=\"attachment-full size-full\" alt=\"\" srcset=\"https:\/\/www.munimacul.cl\/portalnv\/wp-content\/uploads\/2025\/07\/a3ec4a9b-74ab-43a6-8dc4-45b6dbcde817.jpeg 1080w, https:\/\/www.munimacul.cl\/portalnv\/wp-content\/uploads\/2025\/07\/a3ec4a9b-74ab-43a6-8dc4-45b6dbcde817-257x300.jpeg 257w, https:\/\/www.munimacul.cl\/portalnv\/wp-content\/uploads\/2025\/07\/a3ec4a9b-74ab-43a6-8dc4-45b6dbcde817-878x1024.jpeg 878w, https:\/\/www.munimacul.cl\/portalnv\/wp-content\/uploads\/2025\/07\/a3ec4a9b-74ab-43a6-8dc4-45b6dbcde817-768x896.jpeg 768w\" sizes=\"auto, (max-width: 1080px) 100vw, 1080px\" \/><\/a>\n\t\t\t<\/div><\/figure>\n\t\t<\/div>\n\t\t<\/div>\n\t\t\t\t\t\t<\/div>\n\t\t\t\t<\/div>\n\t\t\t\t\t<\/div>\n\t\t<\/div>\n\t\t\t\t\t<\/div>\n\t\t<\/section>\n\t\t\t\t<\/div>\n\t\t","protected":false},"excerpt":{"rendered":"<p>Escuelas de Invierno 2025: Vacaciones con deporte y entretenci\u00f3n gratuita Un gran \u00e9xito, traducido en amplia convocatoria, resultaron las vacaciones de invierno\u00a0preparadas por el Programa Municipal de Deportes de Macul. Durante dos semanas los\u00a0m\u00e1s peque\u00f1os de la comuna participaron en los distintos talleres y actividades dirigidas a\u00a0darle un sentido a los estudiantes secundarios. Con una &#8230; <\/p>\n<p class=\"read-more-container\"><a title=\"Escuelas de Invierno 2025: Vacaciones con deporte y entretenci\u00f3n gratuita\" class=\"read-more button\" href=\"https:\/\/www.munimacul.cl\/portalnv\/index.php\/2025\/07\/09\/escuelas-de-invierno-2025-vacaciones-con-deporte-y-entretencion-gratuita\/#more-42252\" aria-label=\"Leer m\u00e1s sobre Escuelas de Invierno 2025: Vacaciones con deporte y entretenci\u00f3n gratuita\">Read more<\/a><\/p>\n","protected":false},"author":1,"featured_media":42253,"comment_status":"closed","ping_status":"closed","sticky":false,"template":"","format":"standard","meta":{"footnotes":""},"categories":[7],"tags":[],"class_list":["post-42252","post","type-post","status-publish","format-standard","has-post-thumbnail","hentry","category-noticias"],"_links":{"self":[{"href":"https:\/\/www.munimacul.cl\/portalnv\/index.php\/wp-json\/wp\/v2\/posts\/42252","targetHints":{"allow":["GET"]}}],"collection":[{"href":"https:\/\/www.munimacul.cl\/portalnv\/index.php\/wp-json\/wp\/v2\/posts"}],"about":[{"href":"https:\/\/www.munimacul.cl\/portalnv\/index.php\/wp-json\/wp\/v2\/types\/post"}],"author":[{"embeddable":true,"href":"https:\/\/www.munimacul.cl\/portalnv\/index.php\/wp-json\/wp\/v2\/users\/1"}],"replies":[{"embeddable":true,"href":"https:\/\/www.munimacul.cl\/portalnv\/index.php\/wp-json\/wp\/v2\/comments?post=42252"}],"version-history":[{"count":4,"href":"https:\/\/www.munimacul.cl\/portalnv\/index.php\/wp-json\/wp\/v2\/posts\/42252\/revisions"}],"predecessor-version":[{"id":42264,"href":"https:\/\/www.munimacul.cl\/portalnv\/index.php\/wp-json\/wp\/v2\/posts\/42252\/revisions\/42264"}],"wp:featuredmedia":[{"embeddable":true,"href":"https:\/\/www.munimacul.cl\/portalnv\/index.php\/wp-json\/wp\/v2\/media\/42253"}],"wp:attachment":[{"href":"https:\/\/www.munimacul.cl\/portalnv\/index.php\/wp-json\/wp\/v2\/media?parent=42252"}],"wp:term":[{"taxonomy":"category","embeddable":true,"href":"https:\/\/www.munimacul.cl\/portalnv\/index.php\/wp-json\/wp\/v2\/categories?post=42252"},{"taxonomy":"post_tag","embeddable":true,"href":"https:\/\/www.munimacul.cl\/portalnv\/index.php\/wp-json\/wp\/v2\/tags?post=42252"}],"curies":[{"name":"wp","href":"https:\/\/api.w.org\/{rel}","templated":true}]}}