{"id":42265,"date":"2025-07-09T19:04:23","date_gmt":"2025-07-09T23:04:23","guid":{"rendered":"https:\/\/www.munimacul.cl\/portalnv\/?p=42265"},"modified":"2025-07-09T19:04:50","modified_gmt":"2025-07-09T23:04:50","slug":"calles-abiertas-con-sentido-conmemoramos-dia-de-la-prevencion-en-familia","status":"publish","type":"post","link":"https:\/\/www.munimacul.cl\/portalnv\/index.php\/2025\/07\/09\/calles-abiertas-con-sentido-conmemoramos-dia-de-la-prevencion-en-familia\/","title":{"rendered":"Calles Abiertas con sentido: Conmemoramos D\u00eda de la Prevenci\u00f3n en Familia"},"content":{"rendered":"\t\t<div data-elementor-type=\"wp-post\" data-elementor-id=\"42265\" class=\"elementor elementor-42265\" data-elementor-post-type=\"post\">\n\t\t\t\t\t\t<section class=\"has_eae_slider elementor-section elementor-top-section elementor-element elementor-element-58c533c elementor-section-boxed elementor-section-height-default elementor-section-height-default\" data-eae-slider=\"76330\" data-id=\"58c533c\" data-element_type=\"section\" data-e-type=\"section\">\n\t\t\t\t\t\t<div class=\"elementor-container elementor-column-gap-default\">\n\t\t\t\t\t<div class=\"has_eae_slider elementor-column elementor-col-100 elementor-top-column elementor-element elementor-element-5e0b4ed\" data-eae-slider=\"9513\" data-id=\"5e0b4ed\" data-element_type=\"column\" data-e-type=\"column\" data-settings=\"{&quot;background_background&quot;:&quot;classic&quot;}\">\n\t\t\t<div class=\"elementor-widget-wrap elementor-element-populated\">\n\t\t\t\t\t\t<div class=\"elementor-element elementor-element-89453b4 elementor-widget elementor-widget-heading\" data-id=\"89453b4\" data-element_type=\"widget\" data-e-type=\"widget\" data-widget_type=\"heading.default\">\n\t\t\t\t<div class=\"elementor-widget-container\">\n\t\t\t\t\t<h2 class=\"elementor-heading-title elementor-size-default\">Calles Abiertas con sentido: Conmemoramos D\u00eda de la Prevenci\u00f3n en Familia<\/h2>\t\t\t\t<\/div>\n\t\t\t\t<\/div>\n\t\t\t\t\t<\/div>\n\t\t<\/div>\n\t\t\t\t\t<\/div>\n\t\t<\/section>\n\t\t\t\t<section class=\"has_eae_slider elementor-section elementor-top-section elementor-element elementor-element-faae3ce elementor-section-boxed elementor-section-height-default elementor-section-height-default\" data-eae-slider=\"84597\" data-id=\"faae3ce\" data-element_type=\"section\" data-e-type=\"section\">\n\t\t\t\t\t\t<div class=\"elementor-container elementor-column-gap-default\">\n\t\t\t\t\t<div class=\"has_eae_slider elementor-column elementor-col-100 elementor-top-column elementor-element elementor-element-c457b0f\" data-eae-slider=\"43561\" data-id=\"c457b0f\" data-element_type=\"column\" data-e-type=\"column\">\n\t\t\t<div class=\"elementor-widget-wrap elementor-element-populated\">\n\t\t\t\t\t\t<div class=\"elementor-element elementor-element-f96235d elementor-widget elementor-widget-text-editor\" data-id=\"f96235d\" data-element_type=\"widget\" data-e-type=\"widget\" data-widget_type=\"text-editor.default\">\n\t\t\t\t<div class=\"elementor-widget-container\">\n\t\t\t\t\t\t\t\t\t<p>En Macul conmemoramos el D\u00eda de la Prevenci\u00f3n del Consumo de Alcohol y Otras Drogas,\u00a0<span style=\"color: var( --e-global-color-text );\">junto a nuestros usuarios y usuarias de todas las edades que cada domingo participan en\u00a0<\/span><span style=\"color: var( --e-global-color-text );\">Calles Abiertas Familiares. A trav\u00e9s de una jornada llena de actividades deportivas y\u00a0<\/span><span style=\"color: var( --e-global-color-text );\">recreativas, concientizamos de la importancia de prevenir.<\/span><\/p>\t\t\t\t\t\t\t\t<\/div>\n\t\t\t\t<\/div>\n\t\t\t\t\t<\/div>\n\t\t<\/div>\n\t\t\t\t\t<\/div>\n\t\t<\/section>\n\t\t\t\t<section class=\"has_eae_slider elementor-section elementor-top-section elementor-element elementor-element-63db922 elementor-section-boxed elementor-section-height-default elementor-section-height-default\" data-eae-slider=\"59932\" data-id=\"63db922\" data-element_type=\"section\" data-e-type=\"section\">\n\t\t\t\t\t\t<div class=\"elementor-container elementor-column-gap-default\">\n\t\t\t\t\t<div class=\"has_eae_slider elementor-column elementor-col-50 elementor-top-column elementor-element elementor-element-de0509a\" data-eae-slider=\"56921\" data-id=\"de0509a\" data-element_type=\"column\" data-e-type=\"column\">\n\t\t\t<div class=\"elementor-widget-wrap elementor-element-populated\">\n\t\t\t\t\t\t<div class=\"elementor-element elementor-element-44f19f6 elementor-widget__width-initial elementor-widget elementor-widget-text-editor\" data-id=\"44f19f6\" data-element_type=\"widget\" data-e-type=\"widget\" data-widget_type=\"text-editor.default\">\n\t\t\t\t<div class=\"elementor-widget-container\">\n\t\t\t\t\t\t\t\t\t<p>Los domingos en Macul est\u00e1n consagrados a la actividad f\u00edsica. Pero Calles Abiertas es tambi\u00e9n el\u00a0<span style=\"color: var( --e-global-color-text );\">espacio para realzar fechas y tem\u00e1ticas especiales. En esta oportunidad, conmemoramos el D\u00eda de\u00a0<\/span><span style=\"color: var( --e-global-color-text );\">la Prevenci\u00f3n en Familia, en un espacio cont\u00f3 con la participaci\u00f3n del Alcalde Eduardo Espinoza y\u00a0<\/span><span style=\"color: var( --e-global-color-text );\">el Director de SENDA de la RM, Eduardo Barros; consolidando el trabajo preventivo que realizamos\u00a0<\/span><span style=\"color: var( --e-global-color-text );\">en las distintas comunidades educativas, territoriales, laborales y a nivel familiar.<\/span><\/p><p>Esta actividad fue coordinada por el Programa Senda Previene de Macul, a cargo de Francisco\u00a0<span style=\"color: var( --e-global-color-text );\">Labra, con el objetivo de promover y fomentar la actividad f\u00edsica, como incentivo a la vida\u00a0<\/span><span style=\"color: var( --e-global-color-text );\">saludable, reconocido como un factor protector fundamental en el desarrollo integral de ni\u00f1os,\u00a0<\/span><span style=\"color: var( --e-global-color-text );\">ni\u00f1as y adolescentes del territorio comunal.<\/span><\/p><p>\u201cCreemos que estos espacios son fundamentales, ya que promueven distintos aspectos que\u00a0<span style=\"color: var( --e-global-color-text );\">nosotros d\u00eda a d\u00eda trabajamos, por nuestras comunidades, como son la vida saludable, la actividad\u00a0<\/span><span style=\"color: var( --e-global-color-text );\">f\u00edsica, sana utilizaci\u00f3n de espacios p\u00fablicos, el desarrollarse en entornos protectores. Tanto en\u00a0<\/span><span style=\"color: var( --e-global-color-text );\">escuelas, comunidades, espacios laborales y tambi\u00e9n con la familia, a trav\u00e9s del programa de\u00a0<\/span><span style=\"color: var( --e-global-color-text );\">parentalidad\u201d, precis\u00f3 Labra.<\/span><\/p><p>Asimismo, se agradeci\u00f3 la participaci\u00f3n de las autoridades, que le dieron realce a este tipo de\u00a0<span style=\"color: var( --e-global-color-text );\">jornadas, \u201cpara que nuestros vecinos conozcan de cerca el trabajo articulado desde la\u00a0<\/span><span style=\"color: var( --e-global-color-text );\">municipalidad junto con el nivel centraly que promuevan estas iniciativas desde las pol\u00edticas\u00a0<\/span><span style=\"color: var( --e-global-color-text );\">p\u00fablicas en favor de la comunidad\u201d, complement\u00f3 el Encargado Comunal de Senda Previene.<\/span><\/p><p>El Departamento de Deportes de la Municipalidad de Macul, implementa durante los domingos\u00a0<span style=\"color: var( --e-global-color-text );\">decada semana el proyecto \u201cCalles Abiertas\u201d el cual apertura Av. Macul en un tramo determinado\u00a0<\/span><span style=\"color: var( --e-global-color-text );\">para larealizaci\u00f3n de actividad f\u00edsica variada en donde habitualmente se realiza el tr\u00e1nsito\u00a0<\/span><span style=\"color: var( --e-global-color-text );\">vehicular. Es as\u00ed,que en consideraci\u00f3n que dicho programa funciona de manera estable en la\u00a0<\/span><span style=\"color: var( --e-global-color-text );\">comuna, es que para el d\u00eda 06 de julio durante la ma\u00f1ana se proyecta que las calles abiertas sean\u00a0<\/span><span style=\"color: var( --e-global-color-text );\">un espacio para que ni\u00f1os, ni\u00f1as y adolescentes con sus familias, puedan reunirse en torno al\u00a0<\/span><span style=\"color: var( --e-global-color-text );\">deporte para participar de una actividad donde la comunidad de Macul se compromete a la vida\u00a0<\/span><span style=\"color: var( --e-global-color-text );\">saludable y libre del consumo de sustancias.<\/span><\/p><p>Diversas actividades para toda la familia, juegos, baile entretenido, yoga, actividades l\u00fadicas,\u00a0<span style=\"color: var( --e-global-color-text );\">stands informativos y de hidrataci\u00f3n para pasar una excelente jornada incentivando el deporte y la\u00a0<\/span><span style=\"color: var( --e-global-color-text );\">actividad f\u00edsica como un pilar fundamental en la prevenci\u00f3n<\/span><\/p><p>Av. Quilin #3248, 2\u00b0Piso, DIDECO &#8211; Departamento de Programas Sociales<\/p><p>Fono: 228739185-228739186<\/p><p>Correo: <span style=\"color: #0000ff;\"><a style=\"color: #0000ff;\" href=\"mailto: previene@munimacul.cl\"><b>previene@munimacul.cl<\/b><\/a><\/span><\/p>\t\t\t\t\t\t\t\t<\/div>\n\t\t\t\t<\/div>\n\t\t\t\t\t<\/div>\n\t\t<\/div>\n\t\t\t\t<div class=\"has_eae_slider elementor-column elementor-col-50 elementor-top-column elementor-element elementor-element-53887ef\" data-eae-slider=\"67479\" data-id=\"53887ef\" data-element_type=\"column\" data-e-type=\"column\">\n\t\t\t<div class=\"elementor-widget-wrap elementor-element-populated\">\n\t\t\t\t\t\t<div class=\"elementor-element elementor-element-b0eb32e elementor-widget elementor-widget-image-gallery\" data-id=\"b0eb32e\" data-element_type=\"widget\" data-e-type=\"widget\" data-widget_type=\"image-gallery.default\">\n\t\t\t\t<div class=\"elementor-widget-container\">\n\t\t\t\t\t\t\t<div class=\"elementor-image-gallery\">\n\t\t\t<div id='gallery-1' class='gallery galleryid-42265 gallery-columns-2 gallery-size-full'><figure class='gallery-item'>\n\t\t\t<div class='gallery-icon portrait'>\n\t\t\t\t<a data-elementor-open-lightbox=\"yes\" data-elementor-lightbox-slideshow=\"b0eb32e\" data-e-action-hash=\"#elementor-action%3Aaction%3Dlightbox%26settings%3DeyJpZCI6NDIyNjksInVybCI6Imh0dHBzOlwvXC93d3cubXVuaW1hY3VsLmNsXC9wb3J0YWxudlwvd3AtY29udGVudFwvdXBsb2Fkc1wvMjAyNVwvMDdcLzFmNjQzYjVhLTlhYWUtNGEwZS04YmNkLTQ4NmMyYWM2OTJmNi1zY2FsZWQuanBlZyIsInNsaWRlc2hvdyI6ImIwZWIzMmUifQ%3D%3D\" href='https:\/\/www.munimacul.cl\/portalnv\/wp-content\/uploads\/2025\/07\/1f643b5a-9aae-4a0e-8bcd-486c2ac692f6-scaled.jpeg'><img loading=\"lazy\" decoding=\"async\" width=\"1440\" height=\"2560\" src=\"https:\/\/www.munimacul.cl\/portalnv\/wp-content\/uploads\/2025\/07\/1f643b5a-9aae-4a0e-8bcd-486c2ac692f6-scaled.jpeg\" class=\"attachment-full size-full\" alt=\"\" srcset=\"https:\/\/www.munimacul.cl\/portalnv\/wp-content\/uploads\/2025\/07\/1f643b5a-9aae-4a0e-8bcd-486c2ac692f6-scaled.jpeg 1440w, https:\/\/www.munimacul.cl\/portalnv\/wp-content\/uploads\/2025\/07\/1f643b5a-9aae-4a0e-8bcd-486c2ac692f6-169x300.jpeg 169w, https:\/\/www.munimacul.cl\/portalnv\/wp-content\/uploads\/2025\/07\/1f643b5a-9aae-4a0e-8bcd-486c2ac692f6-576x1024.jpeg 576w, https:\/\/www.munimacul.cl\/portalnv\/wp-content\/uploads\/2025\/07\/1f643b5a-9aae-4a0e-8bcd-486c2ac692f6-768x1365.jpeg 768w, https:\/\/www.munimacul.cl\/portalnv\/wp-content\/uploads\/2025\/07\/1f643b5a-9aae-4a0e-8bcd-486c2ac692f6-864x1536.jpeg 864w, https:\/\/www.munimacul.cl\/portalnv\/wp-content\/uploads\/2025\/07\/1f643b5a-9aae-4a0e-8bcd-486c2ac692f6-1152x2048.jpeg 1152w\" sizes=\"auto, (max-width: 1440px) 100vw, 1440px\" \/><\/a>\n\t\t\t<\/div><\/figure><figure class='gallery-item'>\n\t\t\t<div class='gallery-icon portrait'>\n\t\t\t\t<a data-elementor-open-lightbox=\"yes\" data-elementor-lightbox-slideshow=\"b0eb32e\" data-e-action-hash=\"#elementor-action%3Aaction%3Dlightbox%26settings%3DeyJpZCI6NDIyNzAsInVybCI6Imh0dHBzOlwvXC93d3cubXVuaW1hY3VsLmNsXC9wb3J0YWxudlwvd3AtY29udGVudFwvdXBsb2Fkc1wvMjAyNVwvMDdcLzZlMTRlOTkyLWQxNTEtNDMzNy1iMzQzLWMxMTMzNjljZmQyNS5qcGVnIiwic2xpZGVzaG93IjoiYjBlYjMyZSJ9\" href='https:\/\/www.munimacul.cl\/portalnv\/wp-content\/uploads\/2025\/07\/6e14e992-d151-4337-b343-c113369cfd25.jpeg'><img loading=\"lazy\" decoding=\"async\" width=\"932\" height=\"1063\" src=\"https:\/\/www.munimacul.cl\/portalnv\/wp-content\/uploads\/2025\/07\/6e14e992-d151-4337-b343-c113369cfd25.jpeg\" class=\"attachment-full size-full\" alt=\"\" srcset=\"https:\/\/www.munimacul.cl\/portalnv\/wp-content\/uploads\/2025\/07\/6e14e992-d151-4337-b343-c113369cfd25.jpeg 932w, https:\/\/www.munimacul.cl\/portalnv\/wp-content\/uploads\/2025\/07\/6e14e992-d151-4337-b343-c113369cfd25-263x300.jpeg 263w, https:\/\/www.munimacul.cl\/portalnv\/wp-content\/uploads\/2025\/07\/6e14e992-d151-4337-b343-c113369cfd25-898x1024.jpeg 898w, https:\/\/www.munimacul.cl\/portalnv\/wp-content\/uploads\/2025\/07\/6e14e992-d151-4337-b343-c113369cfd25-768x876.jpeg 768w\" sizes=\"auto, (max-width: 932px) 100vw, 932px\" \/><\/a>\n\t\t\t<\/div><\/figure><figure class='gallery-item'>\n\t\t\t<div class='gallery-icon portrait'>\n\t\t\t\t<a data-elementor-open-lightbox=\"yes\" data-elementor-lightbox-slideshow=\"b0eb32e\" data-e-action-hash=\"#elementor-action%3Aaction%3Dlightbox%26settings%3DeyJpZCI6NDIyNzEsInVybCI6Imh0dHBzOlwvXC93d3cubXVuaW1hY3VsLmNsXC9wb3J0YWxudlwvd3AtY29udGVudFwvdXBsb2Fkc1wvMjAyNVwvMDdcLzc1OWQ4Zjc2LTY1NzYtNGUwMC05MzM3LTEwM2U4MDQ4MTk2NS1zY2FsZWQuanBlZyIsInNsaWRlc2hvdyI6ImIwZWIzMmUifQ%3D%3D\" href='https:\/\/www.munimacul.cl\/portalnv\/wp-content\/uploads\/2025\/07\/759d8f76-6576-4e00-9337-103e80481965-scaled.jpeg'><img loading=\"lazy\" decoding=\"async\" width=\"1440\" height=\"2560\" src=\"https:\/\/www.munimacul.cl\/portalnv\/wp-content\/uploads\/2025\/07\/759d8f76-6576-4e00-9337-103e80481965-scaled.jpeg\" class=\"attachment-full size-full\" alt=\"\" srcset=\"https:\/\/www.munimacul.cl\/portalnv\/wp-content\/uploads\/2025\/07\/759d8f76-6576-4e00-9337-103e80481965-scaled.jpeg 1440w, https:\/\/www.munimacul.cl\/portalnv\/wp-content\/uploads\/2025\/07\/759d8f76-6576-4e00-9337-103e80481965-169x300.jpeg 169w, https:\/\/www.munimacul.cl\/portalnv\/wp-content\/uploads\/2025\/07\/759d8f76-6576-4e00-9337-103e80481965-576x1024.jpeg 576w, https:\/\/www.munimacul.cl\/portalnv\/wp-content\/uploads\/2025\/07\/759d8f76-6576-4e00-9337-103e80481965-768x1365.jpeg 768w, https:\/\/www.munimacul.cl\/portalnv\/wp-content\/uploads\/2025\/07\/759d8f76-6576-4e00-9337-103e80481965-864x1536.jpeg 864w, https:\/\/www.munimacul.cl\/portalnv\/wp-content\/uploads\/2025\/07\/759d8f76-6576-4e00-9337-103e80481965-1152x2048.jpeg 1152w\" sizes=\"auto, (max-width: 1440px) 100vw, 1440px\" \/><\/a>\n\t\t\t<\/div><\/figure><figure class='gallery-item'>\n\t\t\t<div class='gallery-icon portrait'>\n\t\t\t\t<a data-elementor-open-lightbox=\"yes\" data-elementor-lightbox-slideshow=\"b0eb32e\" data-e-action-hash=\"#elementor-action%3Aaction%3Dlightbox%26settings%3DeyJpZCI6NDIyNzIsInVybCI6Imh0dHBzOlwvXC93d3cubXVuaW1hY3VsLmNsXC9wb3J0YWxudlwvd3AtY29udGVudFwvdXBsb2Fkc1wvMjAyNVwvMDdcLzIyMTdmYWZlLTY5MjUtNDVmYS1iNTRiLTM1MTM4OWI3MmQ5Ni5qcGVnIiwic2xpZGVzaG93IjoiYjBlYjMyZSJ9\" href='https:\/\/www.munimacul.cl\/portalnv\/wp-content\/uploads\/2025\/07\/2217fafe-6925-45fa-b54b-351389b72d96.jpeg'><img loading=\"lazy\" decoding=\"async\" width=\"880\" height=\"1114\" src=\"https:\/\/www.munimacul.cl\/portalnv\/wp-content\/uploads\/2025\/07\/2217fafe-6925-45fa-b54b-351389b72d96.jpeg\" class=\"attachment-full size-full\" alt=\"\" srcset=\"https:\/\/www.munimacul.cl\/portalnv\/wp-content\/uploads\/2025\/07\/2217fafe-6925-45fa-b54b-351389b72d96.jpeg 880w, https:\/\/www.munimacul.cl\/portalnv\/wp-content\/uploads\/2025\/07\/2217fafe-6925-45fa-b54b-351389b72d96-237x300.jpeg 237w, https:\/\/www.munimacul.cl\/portalnv\/wp-content\/uploads\/2025\/07\/2217fafe-6925-45fa-b54b-351389b72d96-809x1024.jpeg 809w, https:\/\/www.munimacul.cl\/portalnv\/wp-content\/uploads\/2025\/07\/2217fafe-6925-45fa-b54b-351389b72d96-768x972.jpeg 768w\" sizes=\"auto, (max-width: 880px) 100vw, 880px\" \/><\/a>\n\t\t\t<\/div><\/figure><figure class='gallery-item'>\n\t\t\t<div class='gallery-icon portrait'>\n\t\t\t\t<a data-elementor-open-lightbox=\"yes\" data-elementor-lightbox-slideshow=\"b0eb32e\" data-e-action-hash=\"#elementor-action%3Aaction%3Dlightbox%26settings%3DeyJpZCI6NDIyNzMsInVybCI6Imh0dHBzOlwvXC93d3cubXVuaW1hY3VsLmNsXC9wb3J0YWxudlwvd3AtY29udGVudFwvdXBsb2Fkc1wvMjAyNVwvMDdcLzM4OTNiYThlLTdiN2YtNDgxZC1hMzc4LTA2Mjc4NzdiOTk4ZC1zY2FsZWQuanBlZyIsInNsaWRlc2hvdyI6ImIwZWIzMmUifQ%3D%3D\" href='https:\/\/www.munimacul.cl\/portalnv\/wp-content\/uploads\/2025\/07\/3893ba8e-7b7f-481d-a378-0627877b998d-scaled.jpeg'><img loading=\"lazy\" decoding=\"async\" width=\"1440\" height=\"2560\" src=\"https:\/\/www.munimacul.cl\/portalnv\/wp-content\/uploads\/2025\/07\/3893ba8e-7b7f-481d-a378-0627877b998d-scaled.jpeg\" class=\"attachment-full size-full\" alt=\"\" srcset=\"https:\/\/www.munimacul.cl\/portalnv\/wp-content\/uploads\/2025\/07\/3893ba8e-7b7f-481d-a378-0627877b998d-scaled.jpeg 1440w, https:\/\/www.munimacul.cl\/portalnv\/wp-content\/uploads\/2025\/07\/3893ba8e-7b7f-481d-a378-0627877b998d-169x300.jpeg 169w, https:\/\/www.munimacul.cl\/portalnv\/wp-content\/uploads\/2025\/07\/3893ba8e-7b7f-481d-a378-0627877b998d-576x1024.jpeg 576w, https:\/\/www.munimacul.cl\/portalnv\/wp-content\/uploads\/2025\/07\/3893ba8e-7b7f-481d-a378-0627877b998d-768x1365.jpeg 768w, https:\/\/www.munimacul.cl\/portalnv\/wp-content\/uploads\/2025\/07\/3893ba8e-7b7f-481d-a378-0627877b998d-864x1536.jpeg 864w, https:\/\/www.munimacul.cl\/portalnv\/wp-content\/uploads\/2025\/07\/3893ba8e-7b7f-481d-a378-0627877b998d-1152x2048.jpeg 1152w\" sizes=\"auto, (max-width: 1440px) 100vw, 1440px\" \/><\/a>\n\t\t\t<\/div><\/figure><figure class='gallery-item'>\n\t\t\t<div class='gallery-icon landscape'>\n\t\t\t\t<a data-elementor-open-lightbox=\"yes\" data-elementor-lightbox-slideshow=\"b0eb32e\" data-e-action-hash=\"#elementor-action%3Aaction%3Dlightbox%26settings%3DeyJpZCI6NDIyNzQsInVybCI6Imh0dHBzOlwvXC93d3cubXVuaW1hY3VsLmNsXC9wb3J0YWxudlwvd3AtY29udGVudFwvdXBsb2Fkc1wvMjAyNVwvMDdcL2Y3ZDAxYmNlLTNjY2ItNDAwZC05MDAyLTllMzdkMjQwYjU1Ny1zY2FsZWQuanBlZyIsInNsaWRlc2hvdyI6ImIwZWIzMmUifQ%3D%3D\" href='https:\/\/www.munimacul.cl\/portalnv\/wp-content\/uploads\/2025\/07\/f7d01bce-3ccb-400d-9002-9e37d240b557-scaled.jpeg'><img loading=\"lazy\" decoding=\"async\" width=\"2560\" height=\"1440\" src=\"https:\/\/www.munimacul.cl\/portalnv\/wp-content\/uploads\/2025\/07\/f7d01bce-3ccb-400d-9002-9e37d240b557-scaled.jpeg\" class=\"attachment-full size-full\" alt=\"\" srcset=\"https:\/\/www.munimacul.cl\/portalnv\/wp-content\/uploads\/2025\/07\/f7d01bce-3ccb-400d-9002-9e37d240b557-scaled.jpeg 2560w, https:\/\/www.munimacul.cl\/portalnv\/wp-content\/uploads\/2025\/07\/f7d01bce-3ccb-400d-9002-9e37d240b557-300x169.jpeg 300w, https:\/\/www.munimacul.cl\/portalnv\/wp-content\/uploads\/2025\/07\/f7d01bce-3ccb-400d-9002-9e37d240b557-1024x576.jpeg 1024w, https:\/\/www.munimacul.cl\/portalnv\/wp-content\/uploads\/2025\/07\/f7d01bce-3ccb-400d-9002-9e37d240b557-768x432.jpeg 768w, https:\/\/www.munimacul.cl\/portalnv\/wp-content\/uploads\/2025\/07\/f7d01bce-3ccb-400d-9002-9e37d240b557-1536x864.jpeg 1536w, https:\/\/www.munimacul.cl\/portalnv\/wp-content\/uploads\/2025\/07\/f7d01bce-3ccb-400d-9002-9e37d240b557-2048x1152.jpeg 2048w\" sizes=\"auto, (max-width: 2560px) 100vw, 2560px\" \/><\/a>\n\t\t\t<\/div><\/figure>\n\t\t<\/div>\n\t\t<\/div>\n\t\t\t\t\t\t<\/div>\n\t\t\t\t<\/div>\n\t\t\t\t\t<\/div>\n\t\t<\/div>\n\t\t\t\t\t<\/div>\n\t\t<\/section>\n\t\t\t\t<\/div>\n\t\t","protected":false},"excerpt":{"rendered":"<p>Calles Abiertas con sentido: Conmemoramos D\u00eda de la Prevenci\u00f3n en Familia En Macul conmemoramos el D\u00eda de la Prevenci\u00f3n del Consumo de Alcohol y Otras Drogas,\u00a0junto a nuestros usuarios y usuarias de todas las edades que cada domingo participan en\u00a0Calles Abiertas Familiares. A trav\u00e9s de una jornada llena de actividades deportivas y\u00a0recreativas, concientizamos de la &#8230; <\/p>\n<p class=\"read-more-container\"><a title=\"Calles Abiertas con sentido: Conmemoramos D\u00eda de la Prevenci\u00f3n en Familia\" class=\"read-more button\" href=\"https:\/\/www.munimacul.cl\/portalnv\/index.php\/2025\/07\/09\/calles-abiertas-con-sentido-conmemoramos-dia-de-la-prevencion-en-familia\/#more-42265\" aria-label=\"Leer m\u00e1s sobre Calles Abiertas con sentido: Conmemoramos D\u00eda de la Prevenci\u00f3n en Familia\">Read more<\/a><\/p>\n","protected":false},"author":1,"featured_media":42267,"comment_status":"closed","ping_status":"closed","sticky":false,"template":"","format":"standard","meta":{"footnotes":""},"categories":[7],"tags":[],"class_list":["post-42265","post","type-post","status-publish","format-standard","has-post-thumbnail","hentry","category-noticias"],"_links":{"self":[{"href":"https:\/\/www.munimacul.cl\/portalnv\/index.php\/wp-json\/wp\/v2\/posts\/42265","targetHints":{"allow":["GET"]}}],"collection":[{"href":"https:\/\/www.munimacul.cl\/portalnv\/index.php\/wp-json\/wp\/v2\/posts"}],"about":[{"href":"https:\/\/www.munimacul.cl\/portalnv\/index.php\/wp-json\/wp\/v2\/types\/post"}],"author":[{"embeddable":true,"href":"https:\/\/www.munimacul.cl\/portalnv\/index.php\/wp-json\/wp\/v2\/users\/1"}],"replies":[{"embeddable":true,"href":"https:\/\/www.munimacul.cl\/portalnv\/index.php\/wp-json\/wp\/v2\/comments?post=42265"}],"version-history":[{"count":4,"href":"https:\/\/www.munimacul.cl\/portalnv\/index.php\/wp-json\/wp\/v2\/posts\/42265\/revisions"}],"predecessor-version":[{"id":42277,"href":"https:\/\/www.munimacul.cl\/portalnv\/index.php\/wp-json\/wp\/v2\/posts\/42265\/revisions\/42277"}],"wp:featuredmedia":[{"embeddable":true,"href":"https:\/\/www.munimacul.cl\/portalnv\/index.php\/wp-json\/wp\/v2\/media\/42267"}],"wp:attachment":[{"href":"https:\/\/www.munimacul.cl\/portalnv\/index.php\/wp-json\/wp\/v2\/media?parent=42265"}],"wp:term":[{"taxonomy":"category","embeddable":true,"href":"https:\/\/www.munimacul.cl\/portalnv\/index.php\/wp-json\/wp\/v2\/categories?post=42265"},{"taxonomy":"post_tag","embeddable":true,"href":"https:\/\/www.munimacul.cl\/portalnv\/index.php\/wp-json\/wp\/v2\/tags?post=42265"}],"curies":[{"name":"wp","href":"https:\/\/api.w.org\/{rel}","templated":true}]}}