{"id":45211,"date":"2026-01-21T10:08:30","date_gmt":"2026-01-21T13:08:30","guid":{"rendered":"https:\/\/www.munimacul.cl\/portalnv\/?p=45211"},"modified":"2026-01-21T10:11:10","modified_gmt":"2026-01-21T13:11:10","slug":"orquesta-municipal-de-macul-presenta-conciertos-educativos-y-gratuitos-en-los-barrios","status":"publish","type":"post","link":"https:\/\/www.munimacul.cl\/portalnv\/index.php\/2026\/01\/21\/orquesta-municipal-de-macul-presenta-conciertos-educativos-y-gratuitos-en-los-barrios\/","title":{"rendered":"Orquesta Municipal de Macul presenta conciertos educativos y gratuitos en los barrios"},"content":{"rendered":"\t\t<div data-elementor-type=\"wp-post\" data-elementor-id=\"45211\" class=\"elementor elementor-45211\" data-elementor-post-type=\"post\">\n\t\t\t\t\t\t<section class=\"has_eae_slider elementor-section elementor-top-section elementor-element elementor-element-58c533c elementor-section-boxed elementor-section-height-default elementor-section-height-default\" data-eae-slider=\"18778\" data-id=\"58c533c\" data-element_type=\"section\" data-e-type=\"section\">\n\t\t\t\t\t\t<div class=\"elementor-container elementor-column-gap-default\">\n\t\t\t\t\t<div class=\"has_eae_slider elementor-column elementor-col-100 elementor-top-column elementor-element elementor-element-5e0b4ed\" data-eae-slider=\"61014\" data-id=\"5e0b4ed\" data-element_type=\"column\" data-e-type=\"column\" data-settings=\"{&quot;background_background&quot;:&quot;classic&quot;}\">\n\t\t\t<div class=\"elementor-widget-wrap elementor-element-populated\">\n\t\t\t\t\t\t<div class=\"elementor-element elementor-element-89453b4 elementor-widget elementor-widget-heading\" data-id=\"89453b4\" data-element_type=\"widget\" data-e-type=\"widget\" data-widget_type=\"heading.default\">\n\t\t\t\t<div class=\"elementor-widget-container\">\n\t\t\t\t\t<h2 class=\"elementor-heading-title elementor-size-default\">Orquesta Municipal de Macul presenta conciertos educativos y gratuitos en los barrios<\/h2>\t\t\t\t<\/div>\n\t\t\t\t<\/div>\n\t\t\t\t\t<\/div>\n\t\t<\/div>\n\t\t\t\t\t<\/div>\n\t\t<\/section>\n\t\t\t\t<section class=\"has_eae_slider elementor-section elementor-top-section elementor-element elementor-element-22b5406 elementor-section-boxed elementor-section-height-default elementor-section-height-default\" data-eae-slider=\"98413\" data-id=\"22b5406\" data-element_type=\"section\" data-e-type=\"section\">\n\t\t\t\t\t\t<div class=\"elementor-container elementor-column-gap-default\">\n\t\t\t\t\t<div class=\"has_eae_slider elementor-column elementor-col-100 elementor-top-column elementor-element elementor-element-8f09edf\" data-eae-slider=\"8898\" data-id=\"8f09edf\" data-element_type=\"column\" data-e-type=\"column\">\n\t\t\t<div class=\"elementor-widget-wrap elementor-element-populated\">\n\t\t\t\t\t\t<div class=\"elementor-element elementor-element-b7031bd elementor-widget elementor-widget-text-editor\" data-id=\"b7031bd\" data-element_type=\"widget\" data-e-type=\"widget\" data-widget_type=\"text-editor.default\">\n\t\t\t\t<div class=\"elementor-widget-container\">\n\t\t\t\t\t\t\t\t\t<p><b>En su compromiso permanente con el bienestar de la comunidad, la Municipalidad de Macul, a trav\u00e9s de su Departamento de Cultura, dio inicio a una serie de conciertos educativos y gratuitos en distintos sectores de la comuna, orientados a garantizar el acceso equitativo a la cultura y a fortalecer la vida c\u00edvica en los espacios p\u00fablicos.<\/b><\/p>\t\t\t\t\t\t\t\t<\/div>\n\t\t\t\t<\/div>\n\t\t\t\t\t<\/div>\n\t\t<\/div>\n\t\t\t\t\t<\/div>\n\t\t<\/section>\n\t\t\t\t<section class=\"has_eae_slider elementor-section elementor-top-section elementor-element elementor-element-63db922 elementor-section-boxed elementor-section-height-default elementor-section-height-default\" data-eae-slider=\"39619\" data-id=\"63db922\" data-element_type=\"section\" data-e-type=\"section\">\n\t\t\t\t\t\t<div class=\"elementor-container elementor-column-gap-default\">\n\t\t\t\t\t<div class=\"has_eae_slider elementor-column elementor-col-50 elementor-top-column elementor-element elementor-element-de0509a\" data-eae-slider=\"21407\" data-id=\"de0509a\" data-element_type=\"column\" data-e-type=\"column\">\n\t\t\t<div class=\"elementor-widget-wrap elementor-element-populated\">\n\t\t\t\t\t\t<div class=\"elementor-element elementor-element-44f19f6 elementor-widget__width-initial elementor-drop-cap-yes elementor-drop-cap-view-default elementor-widget elementor-widget-text-editor\" data-id=\"44f19f6\" data-element_type=\"widget\" data-e-type=\"widget\" data-settings=\"{&quot;drop_cap&quot;:&quot;yes&quot;}\" data-widget_type=\"text-editor.default\">\n\t\t\t\t<div class=\"elementor-widget-container\">\n\t\t\t\t\t\t\t\t\t<p><span style=\"font-weight: 400;\">La iniciativa comenz\u00f3 el 2 de enero con un concierto educativo de la Orquesta Municipal de Macul (OMAC) en la Plaza Arabia, actividad que reuni\u00f3 a vecinas y vecinos de distintas edades en torno a una experiencia musical de car\u00e1cter formativo. La presentaci\u00f3n permiti\u00f3 acercar el quehacer de la orquesta municipal a la comunidad, dando a conocer diversos instrumentos, estilos musicales y procesos pedag\u00f3gicos, en un formato abierto y accesible para toda la ciudadan\u00eda.<\/span><\/p><p><span style=\"font-weight: 400;\">El programa continu\u00f3 el 3 de enero en la Villa Bancaria Santa Elena y se extender\u00e1 durante el mes de enero en otros barrios de la comuna. Estas actividades forman parte de una planificaci\u00f3n cultural, que busca consolidar el uso del espacio p\u00fablico como un bien com\u00fan, destinado al encuentro ciudadano, la convivencia respetuosa y el acceso a expresiones art\u00edsticas de calidad.<\/span><\/p><p><span style=\"font-weight: 400;\">Desde el municipio destacaron que todas las actividades son completamente gratuitas, y reiteraron su llamado a informarse a trav\u00e9s de sus canales oficiales y a participar activamente en las pr\u00f3ximas actividades culturales que se desarrollar\u00e1n en distintos puntos del territorio comunal.<\/span><\/p><h4><span style=\"font-weight: 400;\">Conciertos educativos de la Orquesta Municipal de Macul<\/span><\/h4><ul><li style=\"font-weight: 400;\" aria-level=\"1\"><b>Plaza Arabia:<\/b><span style=\"font-weight: 400;\"> 02 de enero \u2013 20:00 hrs<\/span><\/li><li style=\"font-weight: 400;\" aria-level=\"1\"><b>Villa Santa Elena:<\/b><span style=\"font-weight: 400;\"> 03 de enero \u2013 20:00 hrs<\/span><\/li><li style=\"font-weight: 400;\" aria-level=\"1\"><b>Villa R\u00edo Licura:<\/b><span style=\"font-weight: 400;\"> 09 de enero \u2013 20:00 hrs<\/span><\/li><li style=\"font-weight: 400;\" aria-level=\"1\"><b>Villa Macul (Plaza Juan Renz):<\/b><span style=\"font-weight: 400;\"> 10 de enero \u2013 20:00 hrs<\/span><\/li><\/ul>\t\t\t\t\t\t\t\t<\/div>\n\t\t\t\t<\/div>\n\t\t\t\t\t<\/div>\n\t\t<\/div>\n\t\t\t\t<div class=\"has_eae_slider elementor-column elementor-col-50 elementor-top-column elementor-element elementor-element-53887ef\" data-eae-slider=\"71225\" data-id=\"53887ef\" data-element_type=\"column\" data-e-type=\"column\">\n\t\t\t<div class=\"elementor-widget-wrap elementor-element-populated\">\n\t\t\t\t\t\t<div class=\"elementor-element elementor-element-cdbf1ef elementor-widget elementor-widget-gallery\" data-id=\"cdbf1ef\" data-element_type=\"widget\" data-e-type=\"widget\" data-settings=\"{&quot;columns&quot;:2,&quot;gallery_layout&quot;:&quot;masonry&quot;,&quot;gap&quot;:{&quot;unit&quot;:&quot;px&quot;,&quot;size&quot;:5,&quot;sizes&quot;:[]},&quot;image_hover_animation&quot;:&quot;grow&quot;,&quot;lazyload&quot;:&quot;yes&quot;,&quot;columns_tablet&quot;:2,&quot;columns_mobile&quot;:1,&quot;gap_tablet&quot;:{&quot;unit&quot;:&quot;px&quot;,&quot;size&quot;:10,&quot;sizes&quot;:[]},&quot;gap_mobile&quot;:{&quot;unit&quot;:&quot;px&quot;,&quot;size&quot;:10,&quot;sizes&quot;:[]},&quot;link_to&quot;:&quot;file&quot;,&quot;overlay_background&quot;:&quot;yes&quot;,&quot;content_hover_animation&quot;:&quot;fade-in&quot;}\" data-widget_type=\"gallery.default\">\n\t\t\t\t<div class=\"elementor-widget-container\">\n\t\t\t\t\t\t\t<div class=\"elementor-gallery__container\">\n\t\t\t\t\t\t\t<a class=\"e-gallery-item elementor-gallery-item elementor-animated-content\" href=\"https:\/\/www.munimacul.cl\/portalnv\/wp-content\/uploads\/2026\/01\/WhatsApp-Image-2026-01-05-at-12.43.49-PM-scaled.jpeg\" data-elementor-open-lightbox=\"yes\" data-elementor-lightbox-slideshow=\"cdbf1ef\" data-e-action-hash=\"#elementor-action%3Aaction%3Dlightbox%26settings%3DeyJpZCI6NDUyMTQsInVybCI6Imh0dHBzOlwvXC93d3cubXVuaW1hY3VsLmNsXC9wb3J0YWxudlwvd3AtY29udGVudFwvdXBsb2Fkc1wvMjAyNlwvMDFcL1doYXRzQXBwLUltYWdlLTIwMjYtMDEtMDUtYXQtMTIuNDMuNDktUE0tc2NhbGVkLmpwZWciLCJzbGlkZXNob3ciOiJjZGJmMWVmIn0%3D\">\n\t\t\t\t\t<div class=\"e-gallery-image elementor-gallery-item__image\" data-thumbnail=\"https:\/\/www.munimacul.cl\/portalnv\/wp-content\/uploads\/2026\/01\/WhatsApp-Image-2026-01-05-at-12.43.49-PM-scaled.jpeg\" data-width=\"1440\" data-height=\"2560\" aria-label=\"\" role=\"img\" ><\/div>\n\t\t\t\t\t\t\t\t\t\t\t<div class=\"elementor-gallery-item__overlay\"><\/div>\n\t\t\t\t\t\t\t\t\t\t\t\t\t\t<\/a>\n\t\t\t\t\t\t\t<a class=\"e-gallery-item elementor-gallery-item elementor-animated-content\" href=\"https:\/\/www.munimacul.cl\/portalnv\/wp-content\/uploads\/2026\/01\/WhatsApp-Image-2026-01-05-at-12.43.57-PM-scaled.jpeg\" data-elementor-open-lightbox=\"yes\" data-elementor-lightbox-slideshow=\"cdbf1ef\" data-e-action-hash=\"#elementor-action%3Aaction%3Dlightbox%26settings%3DeyJpZCI6NDUyMTUsInVybCI6Imh0dHBzOlwvXC93d3cubXVuaW1hY3VsLmNsXC9wb3J0YWxudlwvd3AtY29udGVudFwvdXBsb2Fkc1wvMjAyNlwvMDFcL1doYXRzQXBwLUltYWdlLTIwMjYtMDEtMDUtYXQtMTIuNDMuNTctUE0tc2NhbGVkLmpwZWciLCJzbGlkZXNob3ciOiJjZGJmMWVmIn0%3D\">\n\t\t\t\t\t<div class=\"e-gallery-image elementor-gallery-item__image\" data-thumbnail=\"https:\/\/www.munimacul.cl\/portalnv\/wp-content\/uploads\/2026\/01\/WhatsApp-Image-2026-01-05-at-12.43.57-PM-scaled.jpeg\" data-width=\"1440\" data-height=\"2560\" aria-label=\"\" role=\"img\" ><\/div>\n\t\t\t\t\t\t\t\t\t\t\t<div class=\"elementor-gallery-item__overlay\"><\/div>\n\t\t\t\t\t\t\t\t\t\t\t\t\t\t<\/a>\n\t\t\t\t\t\t\t<a class=\"e-gallery-item elementor-gallery-item elementor-animated-content\" href=\"https:\/\/www.munimacul.cl\/portalnv\/wp-content\/uploads\/2026\/01\/WhatsApp-Image-2026-01-05-at-12.43.38-PM-scaled.jpeg\" data-elementor-open-lightbox=\"yes\" data-elementor-lightbox-slideshow=\"cdbf1ef\" data-e-action-hash=\"#elementor-action%3Aaction%3Dlightbox%26settings%3DeyJpZCI6NDUyMTYsInVybCI6Imh0dHBzOlwvXC93d3cubXVuaW1hY3VsLmNsXC9wb3J0YWxudlwvd3AtY29udGVudFwvdXBsb2Fkc1wvMjAyNlwvMDFcL1doYXRzQXBwLUltYWdlLTIwMjYtMDEtMDUtYXQtMTIuNDMuMzgtUE0tc2NhbGVkLmpwZWciLCJzbGlkZXNob3ciOiJjZGJmMWVmIn0%3D\">\n\t\t\t\t\t<div class=\"e-gallery-image elementor-gallery-item__image\" data-thumbnail=\"https:\/\/www.munimacul.cl\/portalnv\/wp-content\/uploads\/2026\/01\/WhatsApp-Image-2026-01-05-at-12.43.38-PM-scaled.jpeg\" data-width=\"1440\" data-height=\"2560\" aria-label=\"\" role=\"img\" ><\/div>\n\t\t\t\t\t\t\t\t\t\t\t<div class=\"elementor-gallery-item__overlay\"><\/div>\n\t\t\t\t\t\t\t\t\t\t\t\t\t\t<\/a>\n\t\t\t\t\t\t\t<a class=\"e-gallery-item elementor-gallery-item elementor-animated-content\" href=\"https:\/\/www.munimacul.cl\/portalnv\/wp-content\/uploads\/2026\/01\/5181dbbe-7031-46cf-9294-643d4295d340.jpg\" data-elementor-open-lightbox=\"yes\" data-elementor-lightbox-slideshow=\"cdbf1ef\" data-e-action-hash=\"#elementor-action%3Aaction%3Dlightbox%26settings%3DeyJpZCI6NDUyMTcsInVybCI6Imh0dHBzOlwvXC93d3cubXVuaW1hY3VsLmNsXC9wb3J0YWxudlwvd3AtY29udGVudFwvdXBsb2Fkc1wvMjAyNlwvMDFcLzUxODFkYmJlLTcwMzEtNDZjZi05Mjk0LTY0M2Q0Mjk1ZDM0MC5qcGciLCJzbGlkZXNob3ciOiJjZGJmMWVmIn0%3D\">\n\t\t\t\t\t<div class=\"e-gallery-image elementor-gallery-item__image\" data-thumbnail=\"https:\/\/www.munimacul.cl\/portalnv\/wp-content\/uploads\/2026\/01\/5181dbbe-7031-46cf-9294-643d4295d340.jpg\" data-width=\"1034\" data-height=\"1600\" aria-label=\"\" role=\"img\" ><\/div>\n\t\t\t\t\t\t\t\t\t\t\t<div class=\"elementor-gallery-item__overlay\"><\/div>\n\t\t\t\t\t\t\t\t\t\t\t\t\t\t<\/a>\n\t\t\t\t\t\t\t<a class=\"e-gallery-item elementor-gallery-item elementor-animated-content\" href=\"https:\/\/www.munimacul.cl\/portalnv\/wp-content\/uploads\/2026\/01\/WhatsApp-Image-2026-01-05-at-12.43.13-PM-1-1-scaled.jpeg\" data-elementor-open-lightbox=\"yes\" data-elementor-lightbox-slideshow=\"cdbf1ef\" data-e-action-hash=\"#elementor-action%3Aaction%3Dlightbox%26settings%3DeyJpZCI6NDUyMTgsInVybCI6Imh0dHBzOlwvXC93d3cubXVuaW1hY3VsLmNsXC9wb3J0YWxudlwvd3AtY29udGVudFwvdXBsb2Fkc1wvMjAyNlwvMDFcL1doYXRzQXBwLUltYWdlLTIwMjYtMDEtMDUtYXQtMTIuNDMuMTMtUE0tMS0xLXNjYWxlZC5qcGVnIiwic2xpZGVzaG93IjoiY2RiZjFlZiJ9\">\n\t\t\t\t\t<div class=\"e-gallery-image elementor-gallery-item__image\" data-thumbnail=\"https:\/\/www.munimacul.cl\/portalnv\/wp-content\/uploads\/2026\/01\/WhatsApp-Image-2026-01-05-at-12.43.13-PM-1-1-scaled.jpeg\" data-width=\"2560\" data-height=\"1440\" aria-label=\"\" role=\"img\" ><\/div>\n\t\t\t\t\t\t\t\t\t\t\t<div class=\"elementor-gallery-item__overlay\"><\/div>\n\t\t\t\t\t\t\t\t\t\t\t\t\t\t<\/a>\n\t\t\t\t\t<\/div>\n\t\t\t\t\t<\/div>\n\t\t\t\t<\/div>\n\t\t\t\t\t<\/div>\n\t\t<\/div>\n\t\t\t\t\t<\/div>\n\t\t<\/section>\n\t\t\t\t<\/div>\n\t\t","protected":false},"excerpt":{"rendered":"<p>Orquesta Municipal de Macul presenta conciertos educativos y gratuitos en los barrios En su compromiso permanente con el bienestar de la comunidad, la Municipalidad de Macul, a trav\u00e9s de su Departamento de Cultura, dio inicio a una serie de conciertos educativos y gratuitos en distintos sectores de la comuna, orientados a garantizar el acceso equitativo &#8230; <\/p>\n<p class=\"read-more-container\"><a title=\"Orquesta Municipal de Macul presenta conciertos educativos y gratuitos en los barrios\" class=\"read-more button\" href=\"https:\/\/www.munimacul.cl\/portalnv\/index.php\/2026\/01\/21\/orquesta-municipal-de-macul-presenta-conciertos-educativos-y-gratuitos-en-los-barrios\/#more-45211\" aria-label=\"Leer m\u00e1s sobre Orquesta Municipal de Macul presenta conciertos educativos y gratuitos en los barrios\">Read more<\/a><\/p>\n","protected":false},"author":1,"featured_media":45212,"comment_status":"closed","ping_status":"closed","sticky":false,"template":"","format":"standard","meta":{"footnotes":""},"categories":[7],"tags":[],"class_list":["post-45211","post","type-post","status-publish","format-standard","has-post-thumbnail","hentry","category-noticias"],"_links":{"self":[{"href":"https:\/\/www.munimacul.cl\/portalnv\/index.php\/wp-json\/wp\/v2\/posts\/45211","targetHints":{"allow":["GET"]}}],"collection":[{"href":"https:\/\/www.munimacul.cl\/portalnv\/index.php\/wp-json\/wp\/v2\/posts"}],"about":[{"href":"https:\/\/www.munimacul.cl\/portalnv\/index.php\/wp-json\/wp\/v2\/types\/post"}],"author":[{"embeddable":true,"href":"https:\/\/www.munimacul.cl\/portalnv\/index.php\/wp-json\/wp\/v2\/users\/1"}],"replies":[{"embeddable":true,"href":"https:\/\/www.munimacul.cl\/portalnv\/index.php\/wp-json\/wp\/v2\/comments?post=45211"}],"version-history":[{"count":4,"href":"https:\/\/www.munimacul.cl\/portalnv\/index.php\/wp-json\/wp\/v2\/posts\/45211\/revisions"}],"predecessor-version":[{"id":45221,"href":"https:\/\/www.munimacul.cl\/portalnv\/index.php\/wp-json\/wp\/v2\/posts\/45211\/revisions\/45221"}],"wp:featuredmedia":[{"embeddable":true,"href":"https:\/\/www.munimacul.cl\/portalnv\/index.php\/wp-json\/wp\/v2\/media\/45212"}],"wp:attachment":[{"href":"https:\/\/www.munimacul.cl\/portalnv\/index.php\/wp-json\/wp\/v2\/media?parent=45211"}],"wp:term":[{"taxonomy":"category","embeddable":true,"href":"https:\/\/www.munimacul.cl\/portalnv\/index.php\/wp-json\/wp\/v2\/categories?post=45211"},{"taxonomy":"post_tag","embeddable":true,"href":"https:\/\/www.munimacul.cl\/portalnv\/index.php\/wp-json\/wp\/v2\/tags?post=45211"}],"curies":[{"name":"wp","href":"https:\/\/api.w.org\/{rel}","templated":true}]}}