{"id":45222,"date":"2026-01-21T10:15:24","date_gmt":"2026-01-21T13:15:24","guid":{"rendered":"https:\/\/www.munimacul.cl\/portalnv\/?p=45222"},"modified":"2026-01-21T10:17:29","modified_gmt":"2026-01-21T13:17:29","slug":"asume-nuevo-comisario-de-carabineros-en-macul","status":"publish","type":"post","link":"https:\/\/www.munimacul.cl\/portalnv\/index.php\/2026\/01\/21\/asume-nuevo-comisario-de-carabineros-en-macul\/","title":{"rendered":"Asume nuevo Comisario de Carabineros en Macul"},"content":{"rendered":"\t\t<div data-elementor-type=\"wp-post\" data-elementor-id=\"45222\" class=\"elementor elementor-45222\" data-elementor-post-type=\"post\">\n\t\t\t\t\t\t<section class=\"has_eae_slider elementor-section elementor-top-section elementor-element elementor-element-58c533c elementor-section-boxed elementor-section-height-default elementor-section-height-default\" data-eae-slider=\"91730\" data-id=\"58c533c\" data-element_type=\"section\" data-e-type=\"section\">\n\t\t\t\t\t\t<div class=\"elementor-container elementor-column-gap-default\">\n\t\t\t\t\t<div class=\"has_eae_slider elementor-column elementor-col-100 elementor-top-column elementor-element elementor-element-5e0b4ed\" data-eae-slider=\"203\" data-id=\"5e0b4ed\" data-element_type=\"column\" data-e-type=\"column\" data-settings=\"{&quot;background_background&quot;:&quot;classic&quot;}\">\n\t\t\t<div class=\"elementor-widget-wrap elementor-element-populated\">\n\t\t\t\t\t\t<div class=\"elementor-element elementor-element-89453b4 elementor-widget elementor-widget-heading\" data-id=\"89453b4\" data-element_type=\"widget\" data-e-type=\"widget\" data-widget_type=\"heading.default\">\n\t\t\t\t<div class=\"elementor-widget-container\">\n\t\t\t\t\t<h2 class=\"elementor-heading-title elementor-size-default\">Asume nuevo Comisario de Carabineros en Macul\n<\/h2>\t\t\t\t<\/div>\n\t\t\t\t<\/div>\n\t\t\t\t\t<\/div>\n\t\t<\/div>\n\t\t\t\t\t<\/div>\n\t\t<\/section>\n\t\t\t\t<section class=\"has_eae_slider elementor-section elementor-top-section elementor-element elementor-element-22b5406 elementor-section-boxed elementor-section-height-default elementor-section-height-default\" data-eae-slider=\"73154\" data-id=\"22b5406\" data-element_type=\"section\" data-e-type=\"section\">\n\t\t\t\t\t\t<div class=\"elementor-container elementor-column-gap-default\">\n\t\t\t\t\t<div class=\"has_eae_slider elementor-column elementor-col-100 elementor-top-column elementor-element elementor-element-8f09edf\" data-eae-slider=\"8594\" data-id=\"8f09edf\" data-element_type=\"column\" data-e-type=\"column\">\n\t\t\t<div class=\"elementor-widget-wrap elementor-element-populated\">\n\t\t\t\t\t\t<div class=\"elementor-element elementor-element-b7031bd elementor-widget elementor-widget-text-editor\" data-id=\"b7031bd\" data-element_type=\"widget\" data-e-type=\"widget\" data-widget_type=\"text-editor.default\">\n\t\t\t\t<div class=\"elementor-widget-container\">\n\t\t\t\t\t\t\t\t\t<p><b>Se\u00a0 realiz\u00f3 la ceremonia oficial de cambio de mando de la 46\u00aa Comisar\u00eda de Macul, instancia que cont\u00f3 con la presencia de nuestro Alcalde, Eduardo Espinoza, autoridades locales y representantes de Carabineros de Chile. En la ocasi\u00f3n, asumi\u00f3 como nuevo comisario Gonzalo D\u00edaz, quien toma el relevo del comisario Claudio Medina, dando inicio a una nueva etapa en la labor policial de nuestra comuna.<\/b><\/p>\t\t\t\t\t\t\t\t<\/div>\n\t\t\t\t<\/div>\n\t\t\t\t\t<\/div>\n\t\t<\/div>\n\t\t\t\t\t<\/div>\n\t\t<\/section>\n\t\t\t\t<section class=\"has_eae_slider elementor-section elementor-top-section elementor-element elementor-element-63db922 elementor-section-boxed elementor-section-height-default elementor-section-height-default\" data-eae-slider=\"33715\" data-id=\"63db922\" data-element_type=\"section\" data-e-type=\"section\">\n\t\t\t\t\t\t<div class=\"elementor-container elementor-column-gap-default\">\n\t\t\t\t\t<div class=\"has_eae_slider elementor-column elementor-col-50 elementor-top-column elementor-element elementor-element-de0509a\" data-eae-slider=\"76275\" data-id=\"de0509a\" data-element_type=\"column\" data-e-type=\"column\">\n\t\t\t<div class=\"elementor-widget-wrap elementor-element-populated\">\n\t\t\t\t\t\t<div class=\"elementor-element elementor-element-44f19f6 elementor-widget__width-initial elementor-drop-cap-yes elementor-drop-cap-view-default elementor-widget elementor-widget-text-editor\" data-id=\"44f19f6\" data-element_type=\"widget\" data-e-type=\"widget\" data-settings=\"{&quot;drop_cap&quot;:&quot;yes&quot;}\" data-widget_type=\"text-editor.default\">\n\t\t\t\t<div class=\"elementor-widget-container\">\n\t\t\t\t\t\t\t\t\t<p><span style=\"font-weight: 400;\">Este cambio de mando representa un hito relevante para Macul, ya que la coordinaci\u00f3n y el trabajo conjunto entre el municipio, Carabineros y la comunidad son fundamentales para seguir avanzando en materia de seguridad y prevenci\u00f3n del delito.\u00a0<\/span><\/p><p><span style=\"font-weight: 400;\">En ese contexto, el alcalde Eduardo Espinoza destac\u00f3 la importancia de fortalecer la colaboraci\u00f3n institucional y reafirm\u00f3 el compromiso del municipio con el bienestar y la tranquilidad de las vecinas y vecinos.\u00a0 Al respecto, destac\u00f3 que entre febrero y octubre de 2025 se logr\u00f3 una importante baja de un 52<\/span><span style=\"font-weight: 400;\">,8% en los delitos de portonazos. Mientras que los delitos de alta connotaci\u00f3n se redujeron en un 5,1%, durante el mismo per\u00edodo.<\/span><\/p><p><span style=\"font-weight: 400;\">Las autoridades desearon gran \u00e9xito al comisario Gonzalo D\u00edaz en este nuevo desaf\u00edo, con la convicci\u00f3n de que su liderazgo y experiencia ser\u00e1n claves para continuar reforzando las estrategias de seguridad en el territorio y mantener una cercan\u00eda permanente con la comunidad.<\/span><\/p><p><span style=\"font-weight: 400;\">Asimismo, se agradeci\u00f3 al comisario Claudio Medina por su destacado trabajo durante su gesti\u00f3n y el servicio constante a las comunidades.\u00a0<\/span><\/p><p><span style=\"font-weight: 400;\">Como municipio, reafirmamos nuestro compromiso de seguir trabajando de manera coordinada y colaborativa, impulsando acciones que permitan construir una comuna m\u00e1s segura, solidaria y tranquila para todos y todas.<\/span><\/p><p><span style=\"font-weight: 400;\">\u00a1Seguimos trabajando unidos por una Macul m\u00e1s segura!<\/span><\/p>\t\t\t\t\t\t\t\t<\/div>\n\t\t\t\t<\/div>\n\t\t\t\t\t<\/div>\n\t\t<\/div>\n\t\t\t\t<div class=\"has_eae_slider elementor-column elementor-col-50 elementor-top-column elementor-element elementor-element-53887ef\" data-eae-slider=\"72940\" data-id=\"53887ef\" data-element_type=\"column\" data-e-type=\"column\">\n\t\t\t<div class=\"elementor-widget-wrap elementor-element-populated\">\n\t\t\t\t\t\t<div class=\"elementor-element elementor-element-cdbf1ef elementor-widget elementor-widget-gallery\" data-id=\"cdbf1ef\" data-element_type=\"widget\" data-e-type=\"widget\" data-settings=\"{&quot;columns&quot;:2,&quot;gallery_layout&quot;:&quot;masonry&quot;,&quot;gap&quot;:{&quot;unit&quot;:&quot;px&quot;,&quot;size&quot;:5,&quot;sizes&quot;:[]},&quot;image_hover_animation&quot;:&quot;grow&quot;,&quot;lazyload&quot;:&quot;yes&quot;,&quot;columns_tablet&quot;:2,&quot;columns_mobile&quot;:1,&quot;gap_tablet&quot;:{&quot;unit&quot;:&quot;px&quot;,&quot;size&quot;:10,&quot;sizes&quot;:[]},&quot;gap_mobile&quot;:{&quot;unit&quot;:&quot;px&quot;,&quot;size&quot;:10,&quot;sizes&quot;:[]},&quot;link_to&quot;:&quot;file&quot;,&quot;overlay_background&quot;:&quot;yes&quot;,&quot;content_hover_animation&quot;:&quot;fade-in&quot;}\" data-widget_type=\"gallery.default\">\n\t\t\t\t<div class=\"elementor-widget-container\">\n\t\t\t\t\t\t\t<div class=\"elementor-gallery__container\">\n\t\t\t\t\t\t\t<a class=\"e-gallery-item elementor-gallery-item elementor-animated-content\" href=\"https:\/\/www.munimacul.cl\/portalnv\/wp-content\/uploads\/2026\/01\/771071d5-10c3-4c11-a2f5-1b2c88cb812c.jpg\" data-elementor-open-lightbox=\"yes\" data-elementor-lightbox-slideshow=\"cdbf1ef\" data-e-action-hash=\"#elementor-action%3Aaction%3Dlightbox%26settings%3DeyJpZCI6NDUyMjUsInVybCI6Imh0dHBzOlwvXC93d3cubXVuaW1hY3VsLmNsXC9wb3J0YWxudlwvd3AtY29udGVudFwvdXBsb2Fkc1wvMjAyNlwvMDFcLzc3MTA3MWQ1LTEwYzMtNGMxMS1hMmY1LTFiMmM4OGNiODEyYy5qcGciLCJzbGlkZXNob3ciOiJjZGJmMWVmIn0%3D\">\n\t\t\t\t\t<div class=\"e-gallery-image elementor-gallery-item__image\" data-thumbnail=\"https:\/\/www.munimacul.cl\/portalnv\/wp-content\/uploads\/2026\/01\/771071d5-10c3-4c11-a2f5-1b2c88cb812c.jpg\" data-width=\"1080\" data-height=\"1112\" aria-label=\"\" role=\"img\" ><\/div>\n\t\t\t\t\t\t\t\t\t\t\t<div class=\"elementor-gallery-item__overlay\"><\/div>\n\t\t\t\t\t\t\t\t\t\t\t\t\t\t<\/a>\n\t\t\t\t\t\t\t<a class=\"e-gallery-item elementor-gallery-item elementor-animated-content\" href=\"https:\/\/www.munimacul.cl\/portalnv\/wp-content\/uploads\/2026\/01\/ad7cc8a1-ca31-45c7-9275-acae197dfede.jpg\" data-elementor-open-lightbox=\"yes\" data-elementor-lightbox-slideshow=\"cdbf1ef\" data-e-action-hash=\"#elementor-action%3Aaction%3Dlightbox%26settings%3DeyJpZCI6NDUyMjYsInVybCI6Imh0dHBzOlwvXC93d3cubXVuaW1hY3VsLmNsXC9wb3J0YWxudlwvd3AtY29udGVudFwvdXBsb2Fkc1wvMjAyNlwvMDFcL2FkN2NjOGExLWNhMzEtNDVjNy05Mjc1LWFjYWUxOTdkZmVkZS5qcGciLCJzbGlkZXNob3ciOiJjZGJmMWVmIn0%3D\">\n\t\t\t\t\t<div class=\"e-gallery-image elementor-gallery-item__image\" data-thumbnail=\"https:\/\/www.munimacul.cl\/portalnv\/wp-content\/uploads\/2026\/01\/ad7cc8a1-ca31-45c7-9275-acae197dfede.jpg\" data-width=\"1080\" data-height=\"1144\" aria-label=\"\" role=\"img\" ><\/div>\n\t\t\t\t\t\t\t\t\t\t\t<div class=\"elementor-gallery-item__overlay\"><\/div>\n\t\t\t\t\t\t\t\t\t\t\t\t\t\t<\/a>\n\t\t\t\t\t\t\t<a class=\"e-gallery-item elementor-gallery-item elementor-animated-content\" href=\"https:\/\/www.munimacul.cl\/portalnv\/wp-content\/uploads\/2026\/01\/8910717f-6a2e-4bec-957c-c62a7c713a73.jpg\" data-elementor-open-lightbox=\"yes\" data-elementor-lightbox-slideshow=\"cdbf1ef\" data-e-action-hash=\"#elementor-action%3Aaction%3Dlightbox%26settings%3DeyJpZCI6NDUyMjcsInVybCI6Imh0dHBzOlwvXC93d3cubXVuaW1hY3VsLmNsXC9wb3J0YWxudlwvd3AtY29udGVudFwvdXBsb2Fkc1wvMjAyNlwvMDFcLzg5MTA3MTdmLTZhMmUtNGJlYy05NTdjLWM2MmE3YzcxM2E3My5qcGciLCJzbGlkZXNob3ciOiJjZGJmMWVmIn0%3D\">\n\t\t\t\t\t<div class=\"e-gallery-image elementor-gallery-item__image\" data-thumbnail=\"https:\/\/www.munimacul.cl\/portalnv\/wp-content\/uploads\/2026\/01\/8910717f-6a2e-4bec-957c-c62a7c713a73.jpg\" data-width=\"900\" data-height=\"1600\" aria-label=\"\" role=\"img\" ><\/div>\n\t\t\t\t\t\t\t\t\t\t\t<div class=\"elementor-gallery-item__overlay\"><\/div>\n\t\t\t\t\t\t\t\t\t\t\t\t\t\t<\/a>\n\t\t\t\t\t\t\t<a class=\"e-gallery-item elementor-gallery-item elementor-animated-content\" href=\"https:\/\/www.munimacul.cl\/portalnv\/wp-content\/uploads\/2026\/01\/8bf10540-2f00-4ec4-9759-b06661679664.jpg\" data-elementor-open-lightbox=\"yes\" data-elementor-lightbox-slideshow=\"cdbf1ef\" data-e-action-hash=\"#elementor-action%3Aaction%3Dlightbox%26settings%3DeyJpZCI6NDUyMjgsInVybCI6Imh0dHBzOlwvXC93d3cubXVuaW1hY3VsLmNsXC9wb3J0YWxudlwvd3AtY29udGVudFwvdXBsb2Fkc1wvMjAyNlwvMDFcLzhiZjEwNTQwLTJmMDAtNGVjNC05NzU5LWIwNjY2MTY3OTY2NC5qcGciLCJzbGlkZXNob3ciOiJjZGJmMWVmIn0%3D\">\n\t\t\t\t\t<div class=\"e-gallery-image elementor-gallery-item__image\" data-thumbnail=\"https:\/\/www.munimacul.cl\/portalnv\/wp-content\/uploads\/2026\/01\/8bf10540-2f00-4ec4-9759-b06661679664.jpg\" data-width=\"1080\" data-height=\"1091\" aria-label=\"\" role=\"img\" ><\/div>\n\t\t\t\t\t\t\t\t\t\t\t<div class=\"elementor-gallery-item__overlay\"><\/div>\n\t\t\t\t\t\t\t\t\t\t\t\t\t\t<\/a>\n\t\t\t\t\t\t\t<a class=\"e-gallery-item elementor-gallery-item elementor-animated-content\" href=\"https:\/\/www.munimacul.cl\/portalnv\/wp-content\/uploads\/2026\/01\/342caa53-f6ba-4bba-afa6-6e2c30b5e944-1.jpg\" data-elementor-open-lightbox=\"yes\" data-elementor-lightbox-slideshow=\"cdbf1ef\" data-e-action-hash=\"#elementor-action%3Aaction%3Dlightbox%26settings%3DeyJpZCI6NDUyMjksInVybCI6Imh0dHBzOlwvXC93d3cubXVuaW1hY3VsLmNsXC9wb3J0YWxudlwvd3AtY29udGVudFwvdXBsb2Fkc1wvMjAyNlwvMDFcLzM0MmNhYTUzLWY2YmEtNGJiYS1hZmE2LTZlMmMzMGI1ZTk0NC0xLmpwZyIsInNsaWRlc2hvdyI6ImNkYmYxZWYifQ%3D%3D\">\n\t\t\t\t\t<div class=\"e-gallery-image elementor-gallery-item__image\" data-thumbnail=\"https:\/\/www.munimacul.cl\/portalnv\/wp-content\/uploads\/2026\/01\/342caa53-f6ba-4bba-afa6-6e2c30b5e944-1.jpg\" data-width=\"1600\" data-height=\"900\" aria-label=\"\" role=\"img\" ><\/div>\n\t\t\t\t\t\t\t\t\t\t\t<div class=\"elementor-gallery-item__overlay\"><\/div>\n\t\t\t\t\t\t\t\t\t\t\t\t\t\t<\/a>\n\t\t\t\t\t<\/div>\n\t\t\t\t\t<\/div>\n\t\t\t\t<\/div>\n\t\t\t\t\t<\/div>\n\t\t<\/div>\n\t\t\t\t\t<\/div>\n\t\t<\/section>\n\t\t\t\t<\/div>\n\t\t","protected":false},"excerpt":{"rendered":"<p>Asume nuevo Comisario de Carabineros en Macul Se\u00a0 realiz\u00f3 la ceremonia oficial de cambio de mando de la 46\u00aa Comisar\u00eda de Macul, instancia que cont\u00f3 con la presencia de nuestro Alcalde, Eduardo Espinoza, autoridades locales y representantes de Carabineros de Chile. En la ocasi\u00f3n, asumi\u00f3 como nuevo comisario Gonzalo D\u00edaz, quien toma el relevo del &#8230; <\/p>\n<p class=\"read-more-container\"><a title=\"Asume nuevo Comisario de Carabineros en Macul\" class=\"read-more button\" href=\"https:\/\/www.munimacul.cl\/portalnv\/index.php\/2026\/01\/21\/asume-nuevo-comisario-de-carabineros-en-macul\/#more-45222\" aria-label=\"Leer m\u00e1s sobre Asume nuevo Comisario de Carabineros en Macul\">Read more<\/a><\/p>\n","protected":false},"author":1,"featured_media":45223,"comment_status":"closed","ping_status":"closed","sticky":false,"template":"","format":"standard","meta":{"footnotes":""},"categories":[7],"tags":[],"class_list":["post-45222","post","type-post","status-publish","format-standard","has-post-thumbnail","hentry","category-noticias"],"_links":{"self":[{"href":"https:\/\/www.munimacul.cl\/portalnv\/index.php\/wp-json\/wp\/v2\/posts\/45222","targetHints":{"allow":["GET"]}}],"collection":[{"href":"https:\/\/www.munimacul.cl\/portalnv\/index.php\/wp-json\/wp\/v2\/posts"}],"about":[{"href":"https:\/\/www.munimacul.cl\/portalnv\/index.php\/wp-json\/wp\/v2\/types\/post"}],"author":[{"embeddable":true,"href":"https:\/\/www.munimacul.cl\/portalnv\/index.php\/wp-json\/wp\/v2\/users\/1"}],"replies":[{"embeddable":true,"href":"https:\/\/www.munimacul.cl\/portalnv\/index.php\/wp-json\/wp\/v2\/comments?post=45222"}],"version-history":[{"count":4,"href":"https:\/\/www.munimacul.cl\/portalnv\/index.php\/wp-json\/wp\/v2\/posts\/45222\/revisions"}],"predecessor-version":[{"id":45232,"href":"https:\/\/www.munimacul.cl\/portalnv\/index.php\/wp-json\/wp\/v2\/posts\/45222\/revisions\/45232"}],"wp:featuredmedia":[{"embeddable":true,"href":"https:\/\/www.munimacul.cl\/portalnv\/index.php\/wp-json\/wp\/v2\/media\/45223"}],"wp:attachment":[{"href":"https:\/\/www.munimacul.cl\/portalnv\/index.php\/wp-json\/wp\/v2\/media?parent=45222"}],"wp:term":[{"taxonomy":"category","embeddable":true,"href":"https:\/\/www.munimacul.cl\/portalnv\/index.php\/wp-json\/wp\/v2\/categories?post=45222"},{"taxonomy":"post_tag","embeddable":true,"href":"https:\/\/www.munimacul.cl\/portalnv\/index.php\/wp-json\/wp\/v2\/tags?post=45222"}],"curies":[{"name":"wp","href":"https:\/\/api.w.org\/{rel}","templated":true}]}}