{"id":45234,"date":"2026-01-21T10:39:48","date_gmt":"2026-01-21T13:39:48","guid":{"rendered":"https:\/\/www.munimacul.cl\/portalnv\/?p=45234"},"modified":"2026-01-21T10:41:46","modified_gmt":"2026-01-21T13:41:46","slug":"ballet-folclorico-alma-chilena-acerca-la-danza-a-los-barrios-de-macul-y-fortalece-la-vida-en-comunidad","status":"publish","type":"post","link":"https:\/\/www.munimacul.cl\/portalnv\/index.php\/2026\/01\/21\/ballet-folclorico-alma-chilena-acerca-la-danza-a-los-barrios-de-macul-y-fortalece-la-vida-en-comunidad\/","title":{"rendered":"Ballet folcl\u00f3rico \u201cAlma Chilena\u201d acerca la danza a los barrios de Macul y fortalece la vida en comunidad"},"content":{"rendered":"\t\t<div data-elementor-type=\"wp-post\" data-elementor-id=\"45234\" class=\"elementor elementor-45234\" data-elementor-post-type=\"post\">\n\t\t\t\t\t\t<section class=\"has_eae_slider elementor-section elementor-top-section elementor-element elementor-element-58c533c elementor-section-boxed elementor-section-height-default elementor-section-height-default\" data-eae-slider=\"82838\" data-id=\"58c533c\" data-element_type=\"section\" data-e-type=\"section\">\n\t\t\t\t\t\t<div class=\"elementor-container elementor-column-gap-default\">\n\t\t\t\t\t<div class=\"has_eae_slider elementor-column elementor-col-100 elementor-top-column elementor-element elementor-element-5e0b4ed\" data-eae-slider=\"9460\" data-id=\"5e0b4ed\" data-element_type=\"column\" data-e-type=\"column\" data-settings=\"{&quot;background_background&quot;:&quot;classic&quot;}\">\n\t\t\t<div class=\"elementor-widget-wrap elementor-element-populated\">\n\t\t\t\t\t\t<div class=\"elementor-element elementor-element-89453b4 elementor-widget elementor-widget-heading\" data-id=\"89453b4\" data-element_type=\"widget\" data-e-type=\"widget\" data-widget_type=\"heading.default\">\n\t\t\t\t<div class=\"elementor-widget-container\">\n\t\t\t\t\t<h2 class=\"elementor-heading-title elementor-size-default\">Ballet folcl\u00f3rico \u201cAlma Chilena\u201d acerca la danza a los barrios de Macul y fortalece la vida en comunidad<\/h2>\t\t\t\t<\/div>\n\t\t\t\t<\/div>\n\t\t\t\t\t<\/div>\n\t\t<\/div>\n\t\t\t\t\t<\/div>\n\t\t<\/section>\n\t\t\t\t<section class=\"has_eae_slider elementor-section elementor-top-section elementor-element elementor-element-22b5406 elementor-section-boxed elementor-section-height-default elementor-section-height-default\" data-eae-slider=\"17460\" data-id=\"22b5406\" data-element_type=\"section\" data-e-type=\"section\">\n\t\t\t\t\t\t<div class=\"elementor-container elementor-column-gap-default\">\n\t\t\t\t\t<div class=\"has_eae_slider elementor-column elementor-col-100 elementor-top-column elementor-element elementor-element-8f09edf\" data-eae-slider=\"2934\" data-id=\"8f09edf\" data-element_type=\"column\" data-e-type=\"column\">\n\t\t\t<div class=\"elementor-widget-wrap elementor-element-populated\">\n\t\t\t\t\t\t<div class=\"elementor-element elementor-element-b7031bd elementor-widget elementor-widget-text-editor\" data-id=\"b7031bd\" data-element_type=\"widget\" data-e-type=\"widget\" data-widget_type=\"text-editor.default\">\n\t\t\t\t<div class=\"elementor-widget-container\">\n\t\t\t\t\t\t\t\t\t<p><b>Con una presentaci\u00f3n abierta y pensada para toda la familia, el ballet folcl\u00f3rico <i>\u201cAlma Chilena\u201d<\/i> realiz\u00f3 una nueva muestra art\u00edstica en la comuna de Macul, reafirmando su compromiso con la difusi\u00f3n de las tradiciones chilenas y el fortalecimiento de la vida comunitaria en los barrios. La actividad se desarroll\u00f3 el mi\u00e9rcoles 8 de enero en la Multicancha Villa Fundaci\u00f3n de Macul, y cont\u00f3 con la participaci\u00f3n de autoridades locales, vecinos y vecinas de todas las edades.<\/b><\/p>\t\t\t\t\t\t\t\t<\/div>\n\t\t\t\t<\/div>\n\t\t\t\t\t<\/div>\n\t\t<\/div>\n\t\t\t\t\t<\/div>\n\t\t<\/section>\n\t\t\t\t<section class=\"has_eae_slider elementor-section elementor-top-section elementor-element elementor-element-63db922 elementor-section-boxed elementor-section-height-default elementor-section-height-default\" data-eae-slider=\"93623\" data-id=\"63db922\" data-element_type=\"section\" data-e-type=\"section\">\n\t\t\t\t\t\t<div class=\"elementor-container elementor-column-gap-default\">\n\t\t\t\t\t<div class=\"has_eae_slider elementor-column elementor-col-50 elementor-top-column elementor-element elementor-element-de0509a\" data-eae-slider=\"62110\" data-id=\"de0509a\" data-element_type=\"column\" data-e-type=\"column\">\n\t\t\t<div class=\"elementor-widget-wrap elementor-element-populated\">\n\t\t\t\t\t\t<div class=\"elementor-element elementor-element-44f19f6 elementor-widget__width-initial elementor-drop-cap-yes elementor-drop-cap-view-default elementor-widget elementor-widget-text-editor\" data-id=\"44f19f6\" data-element_type=\"widget\" data-e-type=\"widget\" data-settings=\"{&quot;drop_cap&quot;:&quot;yes&quot;}\" data-widget_type=\"text-editor.default\">\n\t\t\t\t<div class=\"elementor-widget-container\">\n\t\t\t\t\t\t\t\t\t<p><span style=\"font-weight: 400;\">El evento reuni\u00f3 a las categor\u00edas infantil y adulta del ballet, quienes presentaron una selecci\u00f3n de cuadros folcl\u00f3ricos que recorrieron los bailes t\u00edpicos desde el norte hasta el centro sur de Chile. Esta propuesta art\u00edstica puso en valor la diversidad del folclore nacional y acerc\u00f3 la cultura a los espacios cotidianos del barrio, promoviendo el encuentro familiar y el uso de los espacios p\u00fablicos como lugares de convivencia y expresi\u00f3n cultural.<\/span><\/p><p><span style=\"font-weight: 400;\">Durante la actividad, el alcalde Eduardo Espinoza Gaete agradeci\u00f3 la asistencia de la comunidad, destacando que \u201cla realizaci\u00f3n de actividades culturales en los territorios cobra verdadero sentido cuando existe una participaci\u00f3n activa de vecinos y vecinas\u201d. Asimismo, subray\u00f3 la importancia de fortalecer la comuna como un espacio familiar y cercano, a trav\u00e9s del trabajo conjunto con juntas de vecinos y organizaciones territoriales, fundamentales para fomentar el encuentro, la colaboraci\u00f3n y el desarrollo integral de los barrios.<\/span><\/p><p><span style=\"font-weight: 400;\">De igual manera, se reconoci\u00f3 la destacada labor de los directores del ballet folcl\u00f3rico, la concejala Ximena Zuleta y El\u00edas Sep\u00falveda, quienes han impulsado esta iniciativa cultural con un fuerte sello comunitario y formativo.<\/span><\/p><p><span style=\"font-weight: 400;\">Finalmente, desde la organizaci\u00f3n se extendi\u00f3 una invitaci\u00f3n a toda la comunidad a participar en las pr\u00f3ximas presentaciones que se realizar\u00e1n durante el mes de enero en distintos sectores de la comuna. La informaci\u00f3n y detalles de estas actividades ser\u00e1n difundidos a trav\u00e9s de las redes sociales municipales, reforzando el compromiso de Macul con una comuna activa, cultural y pensada para las familias.<\/span><\/p>\t\t\t\t\t\t\t\t<\/div>\n\t\t\t\t<\/div>\n\t\t\t\t\t<\/div>\n\t\t<\/div>\n\t\t\t\t<div class=\"has_eae_slider elementor-column elementor-col-50 elementor-top-column elementor-element elementor-element-53887ef\" data-eae-slider=\"92065\" data-id=\"53887ef\" data-element_type=\"column\" data-e-type=\"column\">\n\t\t\t<div class=\"elementor-widget-wrap elementor-element-populated\">\n\t\t\t\t\t\t<div class=\"elementor-element elementor-element-cdbf1ef elementor-widget elementor-widget-gallery\" data-id=\"cdbf1ef\" data-element_type=\"widget\" data-e-type=\"widget\" data-settings=\"{&quot;columns&quot;:2,&quot;gallery_layout&quot;:&quot;masonry&quot;,&quot;gap&quot;:{&quot;unit&quot;:&quot;px&quot;,&quot;size&quot;:5,&quot;sizes&quot;:[]},&quot;image_hover_animation&quot;:&quot;grow&quot;,&quot;lazyload&quot;:&quot;yes&quot;,&quot;columns_tablet&quot;:2,&quot;columns_mobile&quot;:1,&quot;gap_tablet&quot;:{&quot;unit&quot;:&quot;px&quot;,&quot;size&quot;:10,&quot;sizes&quot;:[]},&quot;gap_mobile&quot;:{&quot;unit&quot;:&quot;px&quot;,&quot;size&quot;:10,&quot;sizes&quot;:[]},&quot;link_to&quot;:&quot;file&quot;,&quot;overlay_background&quot;:&quot;yes&quot;,&quot;content_hover_animation&quot;:&quot;fade-in&quot;}\" data-widget_type=\"gallery.default\">\n\t\t\t\t<div class=\"elementor-widget-container\">\n\t\t\t\t\t\t\t<div class=\"elementor-gallery__container\">\n\t\t\t\t\t\t\t<a class=\"e-gallery-item elementor-gallery-item elementor-animated-content\" href=\"https:\/\/www.munimacul.cl\/portalnv\/wp-content\/uploads\/2026\/01\/WhatsApp-Image-2026-01-09-at-12.35.50-PM.jpeg\" data-elementor-open-lightbox=\"yes\" data-elementor-lightbox-slideshow=\"cdbf1ef\" data-e-action-hash=\"#elementor-action%3Aaction%3Dlightbox%26settings%3DeyJpZCI6NDUyMzcsInVybCI6Imh0dHBzOlwvXC93d3cubXVuaW1hY3VsLmNsXC9wb3J0YWxudlwvd3AtY29udGVudFwvdXBsb2Fkc1wvMjAyNlwvMDFcL1doYXRzQXBwLUltYWdlLTIwMjYtMDEtMDktYXQtMTIuMzUuNTAtUE0uanBlZyIsInNsaWRlc2hvdyI6ImNkYmYxZWYifQ%3D%3D\">\n\t\t\t\t\t<div class=\"e-gallery-image elementor-gallery-item__image\" data-thumbnail=\"https:\/\/www.munimacul.cl\/portalnv\/wp-content\/uploads\/2026\/01\/WhatsApp-Image-2026-01-09-at-12.35.50-PM.jpeg\" data-width=\"1280\" data-height=\"720\" aria-label=\"\" role=\"img\" ><\/div>\n\t\t\t\t\t\t\t\t\t\t\t<div class=\"elementor-gallery-item__overlay\"><\/div>\n\t\t\t\t\t\t\t\t\t\t\t\t\t\t<\/a>\n\t\t\t\t\t\t\t<a class=\"e-gallery-item elementor-gallery-item elementor-animated-content\" href=\"https:\/\/www.munimacul.cl\/portalnv\/wp-content\/uploads\/2026\/01\/WhatsApp-Image-2026-01-09-at-12.35.50-PM-1.jpeg\" data-elementor-open-lightbox=\"yes\" data-elementor-lightbox-slideshow=\"cdbf1ef\" data-e-action-hash=\"#elementor-action%3Aaction%3Dlightbox%26settings%3DeyJpZCI6NDUyMzgsInVybCI6Imh0dHBzOlwvXC93d3cubXVuaW1hY3VsLmNsXC9wb3J0YWxudlwvd3AtY29udGVudFwvdXBsb2Fkc1wvMjAyNlwvMDFcL1doYXRzQXBwLUltYWdlLTIwMjYtMDEtMDktYXQtMTIuMzUuNTAtUE0tMS5qcGVnIiwic2xpZGVzaG93IjoiY2RiZjFlZiJ9\">\n\t\t\t\t\t<div class=\"e-gallery-image elementor-gallery-item__image\" data-thumbnail=\"https:\/\/www.munimacul.cl\/portalnv\/wp-content\/uploads\/2026\/01\/WhatsApp-Image-2026-01-09-at-12.35.50-PM-1.jpeg\" data-width=\"960\" data-height=\"1280\" aria-label=\"\" role=\"img\" ><\/div>\n\t\t\t\t\t\t\t\t\t\t\t<div class=\"elementor-gallery-item__overlay\"><\/div>\n\t\t\t\t\t\t\t\t\t\t\t\t\t\t<\/a>\n\t\t\t\t\t\t\t<a class=\"e-gallery-item elementor-gallery-item elementor-animated-content\" href=\"https:\/\/www.munimacul.cl\/portalnv\/wp-content\/uploads\/2026\/01\/WhatsApp-Image-2026-01-09-at-12.35.49-PM-1-1.jpeg\" data-elementor-open-lightbox=\"yes\" data-elementor-lightbox-slideshow=\"cdbf1ef\" data-e-action-hash=\"#elementor-action%3Aaction%3Dlightbox%26settings%3DeyJpZCI6NDUyMzksInVybCI6Imh0dHBzOlwvXC93d3cubXVuaW1hY3VsLmNsXC9wb3J0YWxudlwvd3AtY29udGVudFwvdXBsb2Fkc1wvMjAyNlwvMDFcL1doYXRzQXBwLUltYWdlLTIwMjYtMDEtMDktYXQtMTIuMzUuNDktUE0tMS0xLmpwZWciLCJzbGlkZXNob3ciOiJjZGJmMWVmIn0%3D\">\n\t\t\t\t\t<div class=\"e-gallery-image elementor-gallery-item__image\" data-thumbnail=\"https:\/\/www.munimacul.cl\/portalnv\/wp-content\/uploads\/2026\/01\/WhatsApp-Image-2026-01-09-at-12.35.49-PM-1-1.jpeg\" data-width=\"1280\" data-height=\"720\" aria-label=\"\" role=\"img\" ><\/div>\n\t\t\t\t\t\t\t\t\t\t\t<div class=\"elementor-gallery-item__overlay\"><\/div>\n\t\t\t\t\t\t\t\t\t\t\t\t\t\t<\/a>\n\t\t\t\t\t\t\t<a class=\"e-gallery-item elementor-gallery-item elementor-animated-content\" href=\"https:\/\/www.munimacul.cl\/portalnv\/wp-content\/uploads\/2026\/01\/WhatsApp-Image-2026-01-09-at-12.35.49-PM-2-1.jpeg\" data-elementor-open-lightbox=\"yes\" data-elementor-lightbox-slideshow=\"cdbf1ef\" data-e-action-hash=\"#elementor-action%3Aaction%3Dlightbox%26settings%3DeyJpZCI6NDUyNDAsInVybCI6Imh0dHBzOlwvXC93d3cubXVuaW1hY3VsLmNsXC9wb3J0YWxudlwvd3AtY29udGVudFwvdXBsb2Fkc1wvMjAyNlwvMDFcL1doYXRzQXBwLUltYWdlLTIwMjYtMDEtMDktYXQtMTIuMzUuNDktUE0tMi0xLmpwZWciLCJzbGlkZXNob3ciOiJjZGJmMWVmIn0%3D\">\n\t\t\t\t\t<div class=\"e-gallery-image elementor-gallery-item__image\" data-thumbnail=\"https:\/\/www.munimacul.cl\/portalnv\/wp-content\/uploads\/2026\/01\/WhatsApp-Image-2026-01-09-at-12.35.49-PM-2-1.jpeg\" data-width=\"1280\" data-height=\"720\" aria-label=\"\" role=\"img\" ><\/div>\n\t\t\t\t\t\t\t\t\t\t\t<div class=\"elementor-gallery-item__overlay\"><\/div>\n\t\t\t\t\t\t\t\t\t\t\t\t\t\t<\/a>\n\t\t\t\t\t<\/div>\n\t\t\t\t\t<\/div>\n\t\t\t\t<\/div>\n\t\t\t\t\t<\/div>\n\t\t<\/div>\n\t\t\t\t\t<\/div>\n\t\t<\/section>\n\t\t\t\t<\/div>\n\t\t","protected":false},"excerpt":{"rendered":"<p>Ballet folcl\u00f3rico \u201cAlma Chilena\u201d acerca la danza a los barrios de Macul y fortalece la vida en comunidad Con una presentaci\u00f3n abierta y pensada para toda la familia, el ballet folcl\u00f3rico \u201cAlma Chilena\u201d realiz\u00f3 una nueva muestra art\u00edstica en la comuna de Macul, reafirmando su compromiso con la difusi\u00f3n de las tradiciones chilenas y el &#8230; <\/p>\n<p class=\"read-more-container\"><a title=\"Ballet folcl\u00f3rico \u201cAlma Chilena\u201d acerca la danza a los barrios de Macul y fortalece la vida en comunidad\" class=\"read-more button\" href=\"https:\/\/www.munimacul.cl\/portalnv\/index.php\/2026\/01\/21\/ballet-folclorico-alma-chilena-acerca-la-danza-a-los-barrios-de-macul-y-fortalece-la-vida-en-comunidad\/#more-45234\" aria-label=\"Leer m\u00e1s sobre Ballet folcl\u00f3rico \u201cAlma Chilena\u201d acerca la danza a los barrios de Macul y fortalece la vida en comunidad\">Read more<\/a><\/p>\n","protected":false},"author":1,"featured_media":45235,"comment_status":"closed","ping_status":"closed","sticky":false,"template":"","format":"standard","meta":{"footnotes":""},"categories":[7],"tags":[],"class_list":["post-45234","post","type-post","status-publish","format-standard","has-post-thumbnail","hentry","category-noticias"],"_links":{"self":[{"href":"https:\/\/www.munimacul.cl\/portalnv\/index.php\/wp-json\/wp\/v2\/posts\/45234","targetHints":{"allow":["GET"]}}],"collection":[{"href":"https:\/\/www.munimacul.cl\/portalnv\/index.php\/wp-json\/wp\/v2\/posts"}],"about":[{"href":"https:\/\/www.munimacul.cl\/portalnv\/index.php\/wp-json\/wp\/v2\/types\/post"}],"author":[{"embeddable":true,"href":"https:\/\/www.munimacul.cl\/portalnv\/index.php\/wp-json\/wp\/v2\/users\/1"}],"replies":[{"embeddable":true,"href":"https:\/\/www.munimacul.cl\/portalnv\/index.php\/wp-json\/wp\/v2\/comments?post=45234"}],"version-history":[{"count":4,"href":"https:\/\/www.munimacul.cl\/portalnv\/index.php\/wp-json\/wp\/v2\/posts\/45234\/revisions"}],"predecessor-version":[{"id":45243,"href":"https:\/\/www.munimacul.cl\/portalnv\/index.php\/wp-json\/wp\/v2\/posts\/45234\/revisions\/45243"}],"wp:featuredmedia":[{"embeddable":true,"href":"https:\/\/www.munimacul.cl\/portalnv\/index.php\/wp-json\/wp\/v2\/media\/45235"}],"wp:attachment":[{"href":"https:\/\/www.munimacul.cl\/portalnv\/index.php\/wp-json\/wp\/v2\/media?parent=45234"}],"wp:term":[{"taxonomy":"category","embeddable":true,"href":"https:\/\/www.munimacul.cl\/portalnv\/index.php\/wp-json\/wp\/v2\/categories?post=45234"},{"taxonomy":"post_tag","embeddable":true,"href":"https:\/\/www.munimacul.cl\/portalnv\/index.php\/wp-json\/wp\/v2\/tags?post=45234"}],"curies":[{"name":"wp","href":"https:\/\/api.w.org\/{rel}","templated":true}]}}