{"id":45295,"date":"2026-01-22T16:28:43","date_gmt":"2026-01-22T19:28:43","guid":{"rendered":"https:\/\/www.munimacul.cl\/portalnv\/?p=45295"},"modified":"2026-01-22T16:31:15","modified_gmt":"2026-01-22T19:31:15","slug":"conoce-las-jornadas-recreativas-veraniegas-de-macul-2026","status":"publish","type":"post","link":"https:\/\/www.munimacul.cl\/portalnv\/index.php\/2026\/01\/22\/conoce-las-jornadas-recreativas-veraniegas-de-macul-2026\/","title":{"rendered":"Conoce las jornadas recreativas veraniegas de Macul 2026"},"content":{"rendered":"\t\t<div data-elementor-type=\"wp-post\" data-elementor-id=\"45295\" class=\"elementor elementor-45295\" data-elementor-post-type=\"post\">\n\t\t\t\t\t\t<section class=\"has_eae_slider elementor-section elementor-top-section elementor-element elementor-element-58c533c elementor-section-boxed elementor-section-height-default elementor-section-height-default\" data-eae-slider=\"78677\" data-id=\"58c533c\" data-element_type=\"section\" data-e-type=\"section\">\n\t\t\t\t\t\t<div class=\"elementor-container elementor-column-gap-default\">\n\t\t\t\t\t<div class=\"has_eae_slider elementor-column elementor-col-100 elementor-top-column elementor-element elementor-element-5e0b4ed\" data-eae-slider=\"69319\" data-id=\"5e0b4ed\" data-element_type=\"column\" data-e-type=\"column\" data-settings=\"{&quot;background_background&quot;:&quot;classic&quot;}\">\n\t\t\t<div class=\"elementor-widget-wrap elementor-element-populated\">\n\t\t\t\t\t\t<div class=\"elementor-element elementor-element-89453b4 elementor-widget elementor-widget-heading\" data-id=\"89453b4\" data-element_type=\"widget\" data-e-type=\"widget\" data-widget_type=\"heading.default\">\n\t\t\t\t<div class=\"elementor-widget-container\">\n\t\t\t\t\t<h2 class=\"elementor-heading-title elementor-size-default\">Conoce las jornadas recreativas veraniegas<br>de Macul 2026<\/h2>\t\t\t\t<\/div>\n\t\t\t\t<\/div>\n\t\t\t\t\t<\/div>\n\t\t<\/div>\n\t\t\t\t\t<\/div>\n\t\t<\/section>\n\t\t\t\t<section class=\"has_eae_slider elementor-section elementor-top-section elementor-element elementor-element-22b5406 elementor-section-boxed elementor-section-height-default elementor-section-height-default\" data-eae-slider=\"84890\" data-id=\"22b5406\" data-element_type=\"section\" data-e-type=\"section\">\n\t\t\t\t\t\t<div class=\"elementor-container elementor-column-gap-default\">\n\t\t\t\t\t<div class=\"has_eae_slider elementor-column elementor-col-100 elementor-top-column elementor-element elementor-element-8f09edf\" data-eae-slider=\"29727\" data-id=\"8f09edf\" data-element_type=\"column\" data-e-type=\"column\">\n\t\t\t<div class=\"elementor-widget-wrap elementor-element-populated\">\n\t\t\t\t\t\t<div class=\"elementor-element elementor-element-b7031bd elementor-widget elementor-widget-text-editor\" data-id=\"b7031bd\" data-element_type=\"widget\" data-e-type=\"widget\" data-widget_type=\"text-editor.default\">\n\t\t\t\t<div class=\"elementor-widget-container\">\n\t\t\t\t\t\t\t\t\t<p><b>Macul inicia el verano 2026 con una variada parrilla de actividades pensadas para compartir en familia y fortalecer la vida comunitaria en los distintos barrios de la comuna. La programaci\u00f3n incluye propuestas recreativas, deportivas y culturales para todas las edades.<\/b><\/p>\t\t\t\t\t\t\t\t<\/div>\n\t\t\t\t<\/div>\n\t\t\t\t\t<\/div>\n\t\t<\/div>\n\t\t\t\t\t<\/div>\n\t\t<\/section>\n\t\t\t\t<section class=\"has_eae_slider elementor-section elementor-top-section elementor-element elementor-element-63db922 elementor-section-boxed elementor-section-height-default elementor-section-height-default\" data-eae-slider=\"80087\" data-id=\"63db922\" data-element_type=\"section\" data-e-type=\"section\">\n\t\t\t\t\t\t<div class=\"elementor-container elementor-column-gap-default\">\n\t\t\t\t\t<div class=\"has_eae_slider elementor-column elementor-col-50 elementor-top-column elementor-element elementor-element-de0509a\" data-eae-slider=\"22230\" data-id=\"de0509a\" data-element_type=\"column\" data-e-type=\"column\">\n\t\t\t<div class=\"elementor-widget-wrap elementor-element-populated\">\n\t\t\t\t\t\t<div class=\"elementor-element elementor-element-44f19f6 elementor-widget__width-initial elementor-drop-cap-yes elementor-drop-cap-view-default elementor-widget elementor-widget-text-editor\" data-id=\"44f19f6\" data-element_type=\"widget\" data-e-type=\"widget\" data-settings=\"{&quot;drop_cap&quot;:&quot;yes&quot;}\" data-widget_type=\"text-editor.default\">\n\t\t\t\t<div class=\"elementor-widget-container\">\n\t\t\t\t\t\t\t\t\t<p><b>Escuelas de Verano en tu Barrio<\/b><span style=\"font-weight: 400;\"><br \/><\/span><span style=\"font-weight: 400;\">Hasta el 13 de febrero, ni\u00f1as y ni\u00f1os participan de las Escuelas de Verano, con actividades recreativas y formativas, de lunes a viernes, entre las 10:00 y 13:00 horas, en siete puntos de la comuna: Gimnasio Municipal, Complejo Deportivo Iv\u00e1n Zamorano, Violeta Parra, Espacio Macul, Campo Lindo, Cancha Barrio Alto y Parque Castillo Ur\u00edzar.<\/span><\/p><p><b>Deporte y vida saludable<\/b><span style=\"font-weight: 400;\"><br \/><\/span><span style=\"font-weight: 400;\">La programaci\u00f3n contempla 27 talleres deportivos en diversas disciplinas, distribuidos en distintos sectores de la comuna, fomentando la actividad f\u00edsica y los h\u00e1bitos saludables entre vecinas y vecinos.<\/span><\/p><p><b>Cultura en los barrios<\/b><span style=\"font-weight: 400;\"><br \/><\/span><span style=\"font-weight: 400;\">La Escuela de Teatro de Macul llevar\u00e1 su espect\u00e1culo directamente a los barrios, presentando la obra <\/span><i><span style=\"font-weight: 400;\">\u201c<\/span><\/i><b><i>La Princesa y el Sapo<\/i><\/b><i><span style=\"font-weight: 400;\">\u201d<\/span><\/i><span style=\"font-weight: 400;\">, los d\u00edas 30 y 31 de enero y 7 de febrero, a las 21:00 horas, en Parque Castillo Ur\u00edzar con 10 Norte, Plaza Halley y Benito Rebolledo con Froil\u00e1n Roa, respectivamente.<\/span><span style=\"font-weight: 400;\"><br \/><\/span><span style=\"font-weight: 400;\">A esto se suman nuevos talleres de literatura y poes\u00eda, adem\u00e1s de presentaciones del Ballet Folcl\u00f3rico Alma Chilena y la Compa\u00f1\u00eda Folcl\u00f3rica Wallmapu, destacadas agrupaciones de trayectoria nacional.<\/span><\/p><p><b>Piscinazos y panoramas familiares<\/b><span style=\"font-weight: 400;\"><br \/><\/span><span style=\"font-weight: 400;\">Como cada verano, se realizar\u00e1n los tradicionales <\/span><i><span style=\"font-weight: 400;\">Piscinazos en tu Barrio<\/span><\/i><span style=\"font-weight: 400;\"> y funcionar\u00e1n las piscinas recreativas en Espacio Macul y Villa Campo Lindo, de martes a s\u00e1bado, entre las 12:00 y 19:00 horas.<\/span><\/p><p><span style=\"font-weight: 400;\">La programaci\u00f3n se complementa con cine para personas mayores, tardes de cine infantil y el Taller Circoteca.<\/span><\/p><p><span style=\"font-weight: 400;\">La Municipalidad de Macul invita a toda la comunidad a ser parte de un verano lleno de encuentro, recreaci\u00f3n y actividades pensadas para disfrutar en familia.<\/span><\/p>\t\t\t\t\t\t\t\t<\/div>\n\t\t\t\t<\/div>\n\t\t\t\t\t<\/div>\n\t\t<\/div>\n\t\t\t\t<div class=\"has_eae_slider elementor-column elementor-col-50 elementor-top-column elementor-element elementor-element-53887ef\" data-eae-slider=\"35326\" data-id=\"53887ef\" data-element_type=\"column\" data-e-type=\"column\">\n\t\t\t<div class=\"elementor-widget-wrap elementor-element-populated\">\n\t\t\t\t\t\t<div class=\"elementor-element elementor-element-cdbf1ef elementor-widget elementor-widget-gallery\" data-id=\"cdbf1ef\" data-element_type=\"widget\" data-e-type=\"widget\" data-settings=\"{&quot;columns&quot;:2,&quot;gallery_layout&quot;:&quot;masonry&quot;,&quot;gap&quot;:{&quot;unit&quot;:&quot;px&quot;,&quot;size&quot;:5,&quot;sizes&quot;:[]},&quot;image_hover_animation&quot;:&quot;grow&quot;,&quot;lazyload&quot;:&quot;yes&quot;,&quot;columns_tablet&quot;:2,&quot;columns_mobile&quot;:1,&quot;gap_tablet&quot;:{&quot;unit&quot;:&quot;px&quot;,&quot;size&quot;:10,&quot;sizes&quot;:[]},&quot;gap_mobile&quot;:{&quot;unit&quot;:&quot;px&quot;,&quot;size&quot;:10,&quot;sizes&quot;:[]},&quot;link_to&quot;:&quot;file&quot;,&quot;overlay_background&quot;:&quot;yes&quot;,&quot;content_hover_animation&quot;:&quot;fade-in&quot;}\" data-widget_type=\"gallery.default\">\n\t\t\t\t<div class=\"elementor-widget-container\">\n\t\t\t\t\t\t\t<div class=\"elementor-gallery__container\">\n\t\t\t\t\t\t\t<a class=\"e-gallery-item elementor-gallery-item elementor-animated-content\" href=\"https:\/\/www.munimacul.cl\/portalnv\/wp-content\/uploads\/2026\/01\/IMG-20260122-WA0057.jpg.jpeg\" data-elementor-open-lightbox=\"yes\" data-elementor-lightbox-slideshow=\"cdbf1ef\" data-e-action-hash=\"#elementor-action%3Aaction%3Dlightbox%26settings%3DeyJpZCI6NDUyOTksInVybCI6Imh0dHBzOlwvXC93d3cubXVuaW1hY3VsLmNsXC9wb3J0YWxudlwvd3AtY29udGVudFwvdXBsb2Fkc1wvMjAyNlwvMDFcL0lNRy0yMDI2MDEyMi1XQTAwNTcuanBnLmpwZWciLCJzbGlkZXNob3ciOiJjZGJmMWVmIn0%3D\">\n\t\t\t\t\t<div class=\"e-gallery-image elementor-gallery-item__image\" data-thumbnail=\"https:\/\/www.munimacul.cl\/portalnv\/wp-content\/uploads\/2026\/01\/IMG-20260122-WA0057.jpg.jpeg\" data-width=\"1200\" data-height=\"1600\" aria-label=\"\" role=\"img\" ><\/div>\n\t\t\t\t\t\t\t\t\t\t\t<div class=\"elementor-gallery-item__overlay\"><\/div>\n\t\t\t\t\t\t\t\t\t\t\t\t\t\t<\/a>\n\t\t\t\t\t\t\t<a class=\"e-gallery-item elementor-gallery-item elementor-animated-content\" href=\"https:\/\/www.munimacul.cl\/portalnv\/wp-content\/uploads\/2026\/01\/IMG-20260109-WA0062.jpg-1.jpeg\" data-elementor-open-lightbox=\"yes\" data-elementor-lightbox-slideshow=\"cdbf1ef\" data-e-action-hash=\"#elementor-action%3Aaction%3Dlightbox%26settings%3DeyJpZCI6NDUzMDUsInVybCI6Imh0dHBzOlwvXC93d3cubXVuaW1hY3VsLmNsXC9wb3J0YWxudlwvd3AtY29udGVudFwvdXBsb2Fkc1wvMjAyNlwvMDFcL0lNRy0yMDI2MDEwOS1XQTAwNjIuanBnLTEuanBlZyIsInNsaWRlc2hvdyI6ImNkYmYxZWYifQ%3D%3D\">\n\t\t\t\t\t<div class=\"e-gallery-image elementor-gallery-item__image\" data-thumbnail=\"https:\/\/www.munimacul.cl\/portalnv\/wp-content\/uploads\/2026\/01\/IMG-20260109-WA0062.jpg-1.jpeg\" data-width=\"1600\" data-height=\"900\" aria-label=\"\" role=\"img\" ><\/div>\n\t\t\t\t\t\t\t\t\t\t\t<div class=\"elementor-gallery-item__overlay\"><\/div>\n\t\t\t\t\t\t\t\t\t\t\t\t\t\t<\/a>\n\t\t\t\t\t\t\t<a class=\"e-gallery-item elementor-gallery-item elementor-animated-content\" href=\"https:\/\/www.munimacul.cl\/portalnv\/wp-content\/uploads\/2026\/01\/20260122_120916.jpg-scaled.jpeg\" data-elementor-open-lightbox=\"yes\" data-elementor-lightbox-slideshow=\"cdbf1ef\" data-e-action-hash=\"#elementor-action%3Aaction%3Dlightbox%26settings%3DeyJpZCI6NDUzMDAsInVybCI6Imh0dHBzOlwvXC93d3cubXVuaW1hY3VsLmNsXC9wb3J0YWxudlwvd3AtY29udGVudFwvdXBsb2Fkc1wvMjAyNlwvMDFcLzIwMjYwMTIyXzEyMDkxNi5qcGctc2NhbGVkLmpwZWciLCJzbGlkZXNob3ciOiJjZGJmMWVmIn0%3D\">\n\t\t\t\t\t<div class=\"e-gallery-image elementor-gallery-item__image\" data-thumbnail=\"https:\/\/www.munimacul.cl\/portalnv\/wp-content\/uploads\/2026\/01\/20260122_120916.jpg-scaled.jpeg\" data-width=\"2560\" data-height=\"1183\" aria-label=\"\" role=\"img\" ><\/div>\n\t\t\t\t\t\t\t\t\t\t\t<div class=\"elementor-gallery-item__overlay\"><\/div>\n\t\t\t\t\t\t\t\t\t\t\t\t\t\t<\/a>\n\t\t\t\t\t\t\t<a class=\"e-gallery-item elementor-gallery-item elementor-animated-content\" href=\"https:\/\/www.munimacul.cl\/portalnv\/wp-content\/uploads\/2026\/01\/20260122_121048.jpg-1-scaled.jpeg\" data-elementor-open-lightbox=\"yes\" data-elementor-lightbox-slideshow=\"cdbf1ef\" data-e-action-hash=\"#elementor-action%3Aaction%3Dlightbox%26settings%3DeyJpZCI6NDUzMDMsInVybCI6Imh0dHBzOlwvXC93d3cubXVuaW1hY3VsLmNsXC9wb3J0YWxudlwvd3AtY29udGVudFwvdXBsb2Fkc1wvMjAyNlwvMDFcLzIwMjYwMTIyXzEyMTA0OC5qcGctMS1zY2FsZWQuanBlZyIsInNsaWRlc2hvdyI6ImNkYmYxZWYifQ%3D%3D\">\n\t\t\t\t\t<div class=\"e-gallery-image elementor-gallery-item__image\" data-thumbnail=\"https:\/\/www.munimacul.cl\/portalnv\/wp-content\/uploads\/2026\/01\/20260122_121048.jpg-1-scaled.jpeg\" data-width=\"2560\" data-height=\"1183\" aria-label=\"\" role=\"img\" ><\/div>\n\t\t\t\t\t\t\t\t\t\t\t<div class=\"elementor-gallery-item__overlay\"><\/div>\n\t\t\t\t\t\t\t\t\t\t\t\t\t\t<\/a>\n\t\t\t\t\t\t\t<a class=\"e-gallery-item elementor-gallery-item elementor-animated-content\" href=\"https:\/\/www.munimacul.cl\/portalnv\/wp-content\/uploads\/2026\/01\/20260122_121758.jpg-scaled.jpeg\" data-elementor-open-lightbox=\"yes\" data-elementor-lightbox-slideshow=\"cdbf1ef\" data-e-action-hash=\"#elementor-action%3Aaction%3Dlightbox%26settings%3DeyJpZCI6NDUzMDEsInVybCI6Imh0dHBzOlwvXC93d3cubXVuaW1hY3VsLmNsXC9wb3J0YWxudlwvd3AtY29udGVudFwvdXBsb2Fkc1wvMjAyNlwvMDFcLzIwMjYwMTIyXzEyMTc1OC5qcGctc2NhbGVkLmpwZWciLCJzbGlkZXNob3ciOiJjZGJmMWVmIn0%3D\">\n\t\t\t\t\t<div class=\"e-gallery-image elementor-gallery-item__image\" data-thumbnail=\"https:\/\/www.munimacul.cl\/portalnv\/wp-content\/uploads\/2026\/01\/20260122_121758.jpg-scaled.jpeg\" data-width=\"1183\" data-height=\"2560\" aria-label=\"\" role=\"img\" ><\/div>\n\t\t\t\t\t\t\t\t\t\t\t<div class=\"elementor-gallery-item__overlay\"><\/div>\n\t\t\t\t\t\t\t\t\t\t\t\t\t\t<\/a>\n\t\t\t\t\t\t\t<a class=\"e-gallery-item elementor-gallery-item elementor-animated-content\" href=\"https:\/\/www.munimacul.cl\/portalnv\/wp-content\/uploads\/2026\/01\/20260116_103423.jpg-1-scaled.jpeg\" data-elementor-open-lightbox=\"yes\" data-elementor-lightbox-slideshow=\"cdbf1ef\" data-e-action-hash=\"#elementor-action%3Aaction%3Dlightbox%26settings%3DeyJpZCI6NDUzMDQsInVybCI6Imh0dHBzOlwvXC93d3cubXVuaW1hY3VsLmNsXC9wb3J0YWxudlwvd3AtY29udGVudFwvdXBsb2Fkc1wvMjAyNlwvMDFcLzIwMjYwMTE2XzEwMzQyMy5qcGctMS1zY2FsZWQuanBlZyIsInNsaWRlc2hvdyI6ImNkYmYxZWYifQ%3D%3D\">\n\t\t\t\t\t<div class=\"e-gallery-image elementor-gallery-item__image\" data-thumbnail=\"https:\/\/www.munimacul.cl\/portalnv\/wp-content\/uploads\/2026\/01\/20260116_103423.jpg-1-scaled.jpeg\" data-width=\"2560\" data-height=\"1183\" aria-label=\"\" role=\"img\" ><\/div>\n\t\t\t\t\t\t\t\t\t\t\t<div class=\"elementor-gallery-item__overlay\"><\/div>\n\t\t\t\t\t\t\t\t\t\t\t\t\t\t<\/a>\n\t\t\t\t\t\t\t<a class=\"e-gallery-item elementor-gallery-item elementor-animated-content\" href=\"https:\/\/www.munimacul.cl\/portalnv\/wp-content\/uploads\/2026\/01\/IMG-20260113-WA0024.jpg.jpeg\" data-elementor-open-lightbox=\"yes\" data-elementor-lightbox-slideshow=\"cdbf1ef\" data-e-action-hash=\"#elementor-action%3Aaction%3Dlightbox%26settings%3DeyJpZCI6NDUzMDIsInVybCI6Imh0dHBzOlwvXC93d3cubXVuaW1hY3VsLmNsXC9wb3J0YWxudlwvd3AtY29udGVudFwvdXBsb2Fkc1wvMjAyNlwvMDFcL0lNRy0yMDI2MDExMy1XQTAwMjQuanBnLmpwZWciLCJzbGlkZXNob3ciOiJjZGJmMWVmIn0%3D\">\n\t\t\t\t\t<div class=\"e-gallery-image elementor-gallery-item__image\" data-thumbnail=\"https:\/\/www.munimacul.cl\/portalnv\/wp-content\/uploads\/2026\/01\/IMG-20260113-WA0024.jpg.jpeg\" data-width=\"1200\" data-height=\"1600\" aria-label=\"\" role=\"img\" ><\/div>\n\t\t\t\t\t\t\t\t\t\t\t<div class=\"elementor-gallery-item__overlay\"><\/div>\n\t\t\t\t\t\t\t\t\t\t\t\t\t\t<\/a>\n\t\t\t\t\t<\/div>\n\t\t\t\t\t<\/div>\n\t\t\t\t<\/div>\n\t\t\t\t\t<\/div>\n\t\t<\/div>\n\t\t\t\t\t<\/div>\n\t\t<\/section>\n\t\t\t\t<\/div>\n\t\t","protected":false},"excerpt":{"rendered":"<p>Conoce las jornadas recreativas veraniegasde Macul 2026 Macul inicia el verano 2026 con una variada parrilla de actividades pensadas para compartir en familia y fortalecer la vida comunitaria en los distintos barrios de la comuna. La programaci\u00f3n incluye propuestas recreativas, deportivas y culturales para todas las edades. Escuelas de Verano en tu BarrioHasta el 13 &#8230; <\/p>\n<p class=\"read-more-container\"><a title=\"Conoce las jornadas recreativas veraniegas de Macul 2026\" class=\"read-more button\" href=\"https:\/\/www.munimacul.cl\/portalnv\/index.php\/2026\/01\/22\/conoce-las-jornadas-recreativas-veraniegas-de-macul-2026\/#more-45295\" aria-label=\"Leer m\u00e1s sobre Conoce las jornadas recreativas veraniegas de Macul 2026\">Read more<\/a><\/p>\n","protected":false},"author":1,"featured_media":45297,"comment_status":"closed","ping_status":"closed","sticky":false,"template":"","format":"standard","meta":{"footnotes":""},"categories":[7],"tags":[],"class_list":["post-45295","post","type-post","status-publish","format-standard","has-post-thumbnail","hentry","category-noticias"],"_links":{"self":[{"href":"https:\/\/www.munimacul.cl\/portalnv\/index.php\/wp-json\/wp\/v2\/posts\/45295","targetHints":{"allow":["GET"]}}],"collection":[{"href":"https:\/\/www.munimacul.cl\/portalnv\/index.php\/wp-json\/wp\/v2\/posts"}],"about":[{"href":"https:\/\/www.munimacul.cl\/portalnv\/index.php\/wp-json\/wp\/v2\/types\/post"}],"author":[{"embeddable":true,"href":"https:\/\/www.munimacul.cl\/portalnv\/index.php\/wp-json\/wp\/v2\/users\/1"}],"replies":[{"embeddable":true,"href":"https:\/\/www.munimacul.cl\/portalnv\/index.php\/wp-json\/wp\/v2\/comments?post=45295"}],"version-history":[{"count":4,"href":"https:\/\/www.munimacul.cl\/portalnv\/index.php\/wp-json\/wp\/v2\/posts\/45295\/revisions"}],"predecessor-version":[{"id":45308,"href":"https:\/\/www.munimacul.cl\/portalnv\/index.php\/wp-json\/wp\/v2\/posts\/45295\/revisions\/45308"}],"wp:featuredmedia":[{"embeddable":true,"href":"https:\/\/www.munimacul.cl\/portalnv\/index.php\/wp-json\/wp\/v2\/media\/45297"}],"wp:attachment":[{"href":"https:\/\/www.munimacul.cl\/portalnv\/index.php\/wp-json\/wp\/v2\/media?parent=45295"}],"wp:term":[{"taxonomy":"category","embeddable":true,"href":"https:\/\/www.munimacul.cl\/portalnv\/index.php\/wp-json\/wp\/v2\/categories?post=45295"},{"taxonomy":"post_tag","embeddable":true,"href":"https:\/\/www.munimacul.cl\/portalnv\/index.php\/wp-json\/wp\/v2\/tags?post=45295"}],"curies":[{"name":"wp","href":"https:\/\/api.w.org\/{rel}","templated":true}]}}