{"id":46965,"date":"2026-04-28T15:32:13","date_gmt":"2026-04-28T19:32:13","guid":{"rendered":"https:\/\/www.munimacul.cl\/portalnv\/?p=46965"},"modified":"2026-04-28T15:36:35","modified_gmt":"2026-04-28T19:36:35","slug":"macul-alcalde-espinoza-informa-fallo-en-compra-conjunta-de-vales-de-gas-y-mantiene-compromiso-con-las-familias-vulnerables","status":"publish","type":"post","link":"https:\/\/www.munimacul.cl\/portalnv\/index.php\/2026\/04\/28\/macul-alcalde-espinoza-informa-fallo-en-compra-conjunta-de-vales-de-gas-y-mantiene-compromiso-con-las-familias-vulnerables\/","title":{"rendered":"Macul: Alcalde Espinoza informa fallo en compra conjunta de vales de gas y mantiene compromiso con las familias vulnerables"},"content":{"rendered":"\t\t<div data-elementor-type=\"wp-post\" data-elementor-id=\"46965\" class=\"elementor elementor-46965\" data-elementor-post-type=\"post\">\n\t\t\t\t\t\t<section class=\"has_eae_slider elementor-section elementor-top-section elementor-element elementor-element-58c533c elementor-section-boxed elementor-section-height-default elementor-section-height-default\" data-eae-slider=\"51046\" data-id=\"58c533c\" data-element_type=\"section\" data-e-type=\"section\">\n\t\t\t\t\t\t<div class=\"elementor-container elementor-column-gap-default\">\n\t\t\t\t\t<div class=\"has_eae_slider elementor-column elementor-col-100 elementor-top-column elementor-element elementor-element-5e0b4ed\" data-eae-slider=\"66953\" data-id=\"5e0b4ed\" data-element_type=\"column\" data-e-type=\"column\" data-settings=\"{&quot;background_background&quot;:&quot;classic&quot;}\">\n\t\t\t<div class=\"elementor-widget-wrap elementor-element-populated\">\n\t\t\t\t\t\t<div class=\"elementor-element elementor-element-89453b4 elementor-widget elementor-widget-heading\" data-id=\"89453b4\" data-element_type=\"widget\" data-e-type=\"widget\" data-widget_type=\"heading.default\">\n\t\t\t\t<div class=\"elementor-widget-container\">\n\t\t\t\t\t<h2 class=\"elementor-heading-title elementor-size-default\">Macul: Alcalde Espinoza informa fallo en compra conjunta de vales de gas y mantiene\ncompromiso con las familias vulnerables<\/h2>\t\t\t\t<\/div>\n\t\t\t\t<\/div>\n\t\t\t\t\t<\/div>\n\t\t<\/div>\n\t\t\t\t\t<\/div>\n\t\t<\/section>\n\t\t\t\t<section class=\"has_eae_slider elementor-section elementor-top-section elementor-element elementor-element-22b5406 elementor-section-boxed elementor-section-height-default elementor-section-height-default\" data-eae-slider=\"74225\" data-id=\"22b5406\" data-element_type=\"section\" data-e-type=\"section\">\n\t\t\t\t\t\t<div class=\"elementor-container elementor-column-gap-default\">\n\t\t\t\t\t<div class=\"has_eae_slider elementor-column elementor-col-100 elementor-top-column elementor-element elementor-element-8f09edf\" data-eae-slider=\"28723\" data-id=\"8f09edf\" data-element_type=\"column\" data-e-type=\"column\">\n\t\t\t<div class=\"elementor-widget-wrap elementor-element-populated\">\n\t\t\t\t\t\t<div class=\"elementor-element elementor-element-b7031bd elementor-widget elementor-widget-text-editor\" data-id=\"b7031bd\" data-element_type=\"widget\" data-e-type=\"widget\" data-widget_type=\"text-editor.default\">\n\t\t\t\t<div class=\"elementor-widget-container\">\n\t\t\t\t\t\t\t\t\t<p>La iniciativa que reun\u00eda a seis comunas no pudo materializarse, ya que las ofertas superaron el precio de referencia. La municipalidad de Macul priorizar\u00e1 una soluci\u00f3n\u00a0aut\u00f3noma para garantizar el suministro y mantendr\u00e1 el apoyo a las familias\u00a0vulnerables en 2026.<\/p>\t\t\t\t\t\t\t\t<\/div>\n\t\t\t\t<\/div>\n\t\t\t\t\t<\/div>\n\t\t<\/div>\n\t\t\t\t\t<\/div>\n\t\t<\/section>\n\t\t\t\t<section class=\"has_eae_slider elementor-section elementor-top-section elementor-element elementor-element-63db922 elementor-section-boxed elementor-section-height-default elementor-section-height-default\" data-eae-slider=\"78956\" data-id=\"63db922\" data-element_type=\"section\" data-e-type=\"section\">\n\t\t\t\t\t\t<div class=\"elementor-container elementor-column-gap-default\">\n\t\t\t\t\t<div class=\"has_eae_slider elementor-column elementor-col-50 elementor-top-column elementor-element elementor-element-de0509a\" data-eae-slider=\"52596\" data-id=\"de0509a\" data-element_type=\"column\" data-e-type=\"column\">\n\t\t\t<div class=\"elementor-widget-wrap elementor-element-populated\">\n\t\t\t\t\t\t<div class=\"elementor-element elementor-element-44f19f6 elementor-widget__width-initial elementor-drop-cap-yes elementor-drop-cap-view-default elementor-widget elementor-widget-text-editor\" data-id=\"44f19f6\" data-element_type=\"widget\" data-e-type=\"widget\" data-settings=\"{&quot;drop_cap&quot;:&quot;yes&quot;}\" data-widget_type=\"text-editor.default\">\n\t\t\t\t<div class=\"elementor-widget-container\">\n\t\t\t\t\t\t\t\t\t<p>La primera compra conjunta de vales de gas impulsada por las seis municipalidades La Florida, Paine, Renca, Rancagua, Coltauco y Macul fue declarada desierta cuando las&nbsp;ofertas presentadas superaron los valores disponibles en el Convenio Marco,&nbsp;encendiendo alertas sobre el funcionamiento del mercado y el impacto en futuras&nbsp;adquisiciones colectivas; la operaci\u00f3n, que buscaba adquirir cerca de 500 mil vales de<br>gas para aprovechar econom\u00edas de escala, termin\u00f3 poniendo en pausa la compra&nbsp;conjunta al exceder el costo m\u00e1ximo previsto, subrayando la necesidad de condiciones&nbsp;de mercado m\u00e1s favorables para futuras adquisiciones intermunicipales.<br><br>El alcalde de Macul, Eduardo Espinoza dijo \u201clamentamos no haber podido realizar la compra en conjunto con las cinco municipalidades; la compra a gran escala promet\u00eda&nbsp;reducir el precio final, pero ese ahorro no se logr\u00f3 y las ofertas recibidas estuvieron en&nbsp;l\u00ednea con las condiciones actuales del mercado, lo que hizo imposible la compra&nbsp;conjunta. Por ello, estamos trabajando en una soluci\u00f3n aut\u00f3noma y urgente para&nbsp;asegurar la seguridad y el servicio a nuestras vecinas y vecinos.\u201c<br><br>\u201cNuestro foco sigue siendo las familias m\u00e1s vulnerables, y nuestro compromiso es con&nbsp;los vecinos de Macul. Es por eso que se mantendremos vigente la entrega de vales de&nbsp;gas para este a\u00f1o 2026, con un aumento del 55 % respecto del a\u00f1o anterior\u201d dijo el&nbsp;edil de Macul.<br><br>\u201cSi bien la licitaci\u00f3n en conjunto con los otros municipios no se concret\u00f3, creemos que&nbsp;debemos seguir impulsando iniciativas de este tipo, sobre todo porque son proyectos e&nbsp;ideas que van en directo beneficio de nuestros vecinos m\u00e1s vulnerables.\u201c dijo Espinoza.<br><br>Aunque el esfuerzo de compra conjunta no prosper\u00f3, la administraci\u00f3n de Macul reitera su compromiso de apoyar a las familias vulnerables y garantizar el suministro&nbsp;de gas para 2026, con un incremento significativo en la cobertura. Se explorar\u00e1n&nbsp;nuevas rondas de compras intermunicipales cuando las condiciones del mercado sean&nbsp;favorables y se buscar\u00e1n soluciones aut\u00f3nomas para asegurar la seguridad y calidad&nbsp;del servicio en la comuna.<\/p>\t\t\t\t\t\t\t\t<\/div>\n\t\t\t\t<\/div>\n\t\t\t\t\t<\/div>\n\t\t<\/div>\n\t\t\t\t<div class=\"has_eae_slider elementor-column elementor-col-50 elementor-top-column elementor-element elementor-element-53887ef\" data-eae-slider=\"739\" data-id=\"53887ef\" data-element_type=\"column\" data-e-type=\"column\">\n\t\t\t<div class=\"elementor-widget-wrap elementor-element-populated\">\n\t\t\t\t\t\t<div class=\"elementor-element elementor-element-cdbf1ef elementor-widget__width-initial elementor-widget elementor-widget-gallery\" data-id=\"cdbf1ef\" data-element_type=\"widget\" data-e-type=\"widget\" data-settings=\"{&quot;columns&quot;:1,&quot;gallery_layout&quot;:&quot;masonry&quot;,&quot;gap&quot;:{&quot;unit&quot;:&quot;px&quot;,&quot;size&quot;:5,&quot;sizes&quot;:[]},&quot;image_hover_animation&quot;:&quot;grow&quot;,&quot;lazyload&quot;:&quot;yes&quot;,&quot;columns_tablet&quot;:2,&quot;columns_mobile&quot;:1,&quot;gap_tablet&quot;:{&quot;unit&quot;:&quot;px&quot;,&quot;size&quot;:10,&quot;sizes&quot;:[]},&quot;gap_mobile&quot;:{&quot;unit&quot;:&quot;px&quot;,&quot;size&quot;:10,&quot;sizes&quot;:[]},&quot;link_to&quot;:&quot;file&quot;,&quot;overlay_background&quot;:&quot;yes&quot;,&quot;content_hover_animation&quot;:&quot;fade-in&quot;}\" data-widget_type=\"gallery.default\">\n\t\t\t\t<div class=\"elementor-widget-container\">\n\t\t\t\t\t\t\t<div class=\"elementor-gallery__container\">\n\t\t\t\t\t\t\t<a class=\"e-gallery-item elementor-gallery-item elementor-animated-content\" href=\"https:\/\/www.munimacul.cl\/portalnv\/wp-content\/uploads\/2026\/04\/WhatsApp-Image-2026-04-28-at-13.30.15-1.jpeg\" data-elementor-open-lightbox=\"yes\" data-elementor-lightbox-slideshow=\"cdbf1ef\" data-e-action-hash=\"#elementor-action%3Aaction%3Dlightbox%26settings%3DeyJpZCI6NDY5NjcsInVybCI6Imh0dHBzOlwvXC93d3cubXVuaW1hY3VsLmNsXC9wb3J0YWxudlwvd3AtY29udGVudFwvdXBsb2Fkc1wvMjAyNlwvMDRcL1doYXRzQXBwLUltYWdlLTIwMjYtMDQtMjgtYXQtMTMuMzAuMTUtMS5qcGVnIiwic2xpZGVzaG93IjoiY2RiZjFlZiJ9\">\n\t\t\t\t\t<div class=\"e-gallery-image elementor-gallery-item__image\" data-thumbnail=\"https:\/\/www.munimacul.cl\/portalnv\/wp-content\/uploads\/2026\/04\/WhatsApp-Image-2026-04-28-at-13.30.15-1.jpeg\" data-width=\"1600\" data-height=\"1200\" aria-label=\"\" role=\"img\" ><\/div>\n\t\t\t\t\t\t\t\t\t\t\t<div class=\"elementor-gallery-item__overlay\"><\/div>\n\t\t\t\t\t\t\t\t\t\t\t\t\t\t<\/a>\n\t\t\t\t\t<\/div>\n\t\t\t\t\t<\/div>\n\t\t\t\t<\/div>\n\t\t\t\t\t<\/div>\n\t\t<\/div>\n\t\t\t\t\t<\/div>\n\t\t<\/section>\n\t\t\t\t<\/div>\n\t\t","protected":false},"excerpt":{"rendered":"<p>Macul: Alcalde Espinoza informa fallo en compra conjunta de vales de gas y mantiene compromiso con las familias vulnerables La iniciativa que reun\u00eda a seis comunas no pudo materializarse, ya que las ofertas superaron el precio de referencia. La municipalidad de Macul priorizar\u00e1 una soluci\u00f3n\u00a0aut\u00f3noma para garantizar el suministro y mantendr\u00e1 el apoyo a las &#8230; <\/p>\n<p class=\"read-more-container\"><a title=\"Macul: Alcalde Espinoza informa fallo en compra conjunta de vales de gas y mantiene compromiso con las familias vulnerables\" class=\"read-more button\" href=\"https:\/\/www.munimacul.cl\/portalnv\/index.php\/2026\/04\/28\/macul-alcalde-espinoza-informa-fallo-en-compra-conjunta-de-vales-de-gas-y-mantiene-compromiso-con-las-familias-vulnerables\/#more-46965\" aria-label=\"Leer m\u00e1s sobre Macul: Alcalde Espinoza informa fallo en compra conjunta de vales de gas y mantiene compromiso con las familias vulnerables\">Read more<\/a><\/p>\n","protected":false},"author":1,"featured_media":46966,"comment_status":"closed","ping_status":"closed","sticky":false,"template":"","format":"standard","meta":{"footnotes":""},"categories":[7],"tags":[],"class_list":["post-46965","post","type-post","status-publish","format-standard","has-post-thumbnail","hentry","category-noticias"],"_links":{"self":[{"href":"https:\/\/www.munimacul.cl\/portalnv\/index.php\/wp-json\/wp\/v2\/posts\/46965","targetHints":{"allow":["GET"]}}],"collection":[{"href":"https:\/\/www.munimacul.cl\/portalnv\/index.php\/wp-json\/wp\/v2\/posts"}],"about":[{"href":"https:\/\/www.munimacul.cl\/portalnv\/index.php\/wp-json\/wp\/v2\/types\/post"}],"author":[{"embeddable":true,"href":"https:\/\/www.munimacul.cl\/portalnv\/index.php\/wp-json\/wp\/v2\/users\/1"}],"replies":[{"embeddable":true,"href":"https:\/\/www.munimacul.cl\/portalnv\/index.php\/wp-json\/wp\/v2\/comments?post=46965"}],"version-history":[{"count":5,"href":"https:\/\/www.munimacul.cl\/portalnv\/index.php\/wp-json\/wp\/v2\/posts\/46965\/revisions"}],"predecessor-version":[{"id":46972,"href":"https:\/\/www.munimacul.cl\/portalnv\/index.php\/wp-json\/wp\/v2\/posts\/46965\/revisions\/46972"}],"wp:featuredmedia":[{"embeddable":true,"href":"https:\/\/www.munimacul.cl\/portalnv\/index.php\/wp-json\/wp\/v2\/media\/46966"}],"wp:attachment":[{"href":"https:\/\/www.munimacul.cl\/portalnv\/index.php\/wp-json\/wp\/v2\/media?parent=46965"}],"wp:term":[{"taxonomy":"category","embeddable":true,"href":"https:\/\/www.munimacul.cl\/portalnv\/index.php\/wp-json\/wp\/v2\/categories?post=46965"},{"taxonomy":"post_tag","embeddable":true,"href":"https:\/\/www.munimacul.cl\/portalnv\/index.php\/wp-json\/wp\/v2\/tags?post=46965"}],"curies":[{"name":"wp","href":"https:\/\/api.w.org\/{rel}","templated":true}]}}