{"id":48736,"date":"2026-09-01T12:03:31","date_gmt":"2026-09-01T16:03:31","guid":{"rendered":"https:\/\/www.munimacul.cl\/portalnv\/?p=48736"},"modified":"2026-09-01T12:05:45","modified_gmt":"2026-09-01T16:05:45","slug":"macul-fortalece-la-integracion-con-seminario-sobre-migracion-y-proteccion-de-derechos","status":"publish","type":"post","link":"https:\/\/www.munimacul.cl\/portalnv\/index.php\/2026\/09\/01\/macul-fortalece-la-integracion-con-seminario-sobre-migracion-y-proteccion-de-derechos\/","title":{"rendered":"Macul fortalece la integraci\u00f3n con seminario sobre migraci\u00f3n y protecci\u00f3n de derechos"},"content":{"rendered":"\t\t<div data-elementor-type=\"wp-post\" data-elementor-id=\"48736\" class=\"elementor elementor-48736\" data-elementor-post-type=\"post\">\n\t\t\t\t\t\t<section class=\"has_eae_slider elementor-section elementor-top-section elementor-element elementor-element-231c81b elementor-section-boxed elementor-section-height-default elementor-section-height-default\" data-eae-slider=\"1236\" data-id=\"231c81b\" data-element_type=\"section\" data-e-type=\"section\" data-settings=\"{&quot;background_background&quot;:&quot;classic&quot;}\">\n\t\t\t\t\t\t<div class=\"elementor-container elementor-column-gap-default\">\n\t\t\t\t\t<div class=\"has_eae_slider elementor-column elementor-col-100 elementor-top-column elementor-element elementor-element-abbeb3f\" data-eae-slider=\"19026\" data-id=\"abbeb3f\" data-element_type=\"column\" data-e-type=\"column\">\n\t\t\t<div class=\"elementor-widget-wrap elementor-element-populated\">\n\t\t\t\t\t\t<div class=\"elementor-element elementor-element-cb70f0d elementor-widget elementor-widget-heading\" data-id=\"cb70f0d\" data-element_type=\"widget\" data-e-type=\"widget\" data-widget_type=\"heading.default\">\n\t\t\t\t<div class=\"elementor-widget-container\">\n\t\t\t\t\t<h2 class=\"elementor-heading-title elementor-size-default\">Macul fortalece la integraci\u00f3n con seminario sobre migraci\u00f3n y protecci\u00f3n de derechos<\/h2>\t\t\t\t<\/div>\n\t\t\t\t<\/div>\n\t\t\t\t\t<\/div>\n\t\t<\/div>\n\t\t\t\t\t<\/div>\n\t\t<\/section>\n\t\t\t\t<section class=\"has_eae_slider elementor-section elementor-top-section elementor-element elementor-element-f11d826 elementor-section-boxed elementor-section-height-default elementor-section-height-default\" data-eae-slider=\"84592\" data-id=\"f11d826\" data-element_type=\"section\" data-e-type=\"section\">\n\t\t\t\t\t\t<div class=\"elementor-container elementor-column-gap-default\">\n\t\t\t\t\t<div class=\"has_eae_slider elementor-column elementor-col-50 elementor-top-column elementor-element elementor-element-491eed6\" data-eae-slider=\"64507\" data-id=\"491eed6\" data-element_type=\"column\" data-e-type=\"column\">\n\t\t\t<div class=\"elementor-widget-wrap elementor-element-populated\">\n\t\t\t\t\t\t<div class=\"elementor-element elementor-element-97e6873 elementor-widget elementor-widget-text-editor\" data-id=\"97e6873\" data-element_type=\"widget\" data-e-type=\"widget\" data-widget_type=\"text-editor.default\">\n\t\t\t\t<div class=\"elementor-widget-container\">\n\t\t\t\t\t\t\t\t\t<p><em><strong>La Municipalidad de Macul, en conjunto con la Corporaci\u00f3n El Arca, desarroll\u00f3 el seminario \u201cMigraci\u00f3n en Chile \u2013 Normativa, Instituciones y Protecci\u00f3n de Derechos\u201d, instancia orientada a fortalecer los conocimientos y herramientas de funcionarios, organizaciones sociales y la comunidad para abordar la realidad migratoria desde una perspectiva de inclusi\u00f3n, respeto y garant\u00eda de derechos.<\/strong><\/em><\/p>\n<p>Con la participaci\u00f3n de autoridades comunales, funcionarios p\u00fablicos, representantes de los sectores de salud y educaci\u00f3n, dirigentes y dirigentas de juntas de vecinos y vecinos y vecinas de la comuna; se llev\u00f3 a cabo esta jornada de capacitaci\u00f3n y di\u00e1logo sobre los principales desaf\u00edos asociados a la migraci\u00f3n.<\/p>\n<p>La actividad fue organizada por la\u00a0Oficina Municipal de Atenci\u00f3n a Personas Migrantes de Macul y la Corporaci\u00f3n El Arca, reafirmando el compromiso de ambas instituciones con el fortalecimiento de la gesti\u00f3n local y la promoci\u00f3n de una convivencia comunitaria arm\u00f3nica, inclusiva y respetuosa.<\/p>\n<p>Durante la jornada, se abordaron contenidos como el\u00a0marco normativo vigente en materia migratoria, las instituciones vinculadas a la gesti\u00f3n de la migraci\u00f3n. Adem\u00e1s de los mecanismos disponibles para la protecci\u00f3n de los derechos de todas las personas.<\/p>\n<p>La bienvenida estuvo a cargo de representantes de la organizaci\u00f3n, entre ellas\u00a0Perla Scapini Russo, directora de la Corporaci\u00f3n El Arca en Chile, y\u00a0Eugenia Y\u00e1\u00f1ez, coordinadora de la Oficina de Migrantes.<\/p>\n<p>Por su parte, el Alcalde Eduardo Espinoza valor\u00f3 la iniciativa y el contenido del seminario, calific\u00e1ndolo como \u201cun espacio para fortalecer la promoci\u00f3n de valores y el respeto en nuestra comunidad\u201d.\u00a0 Y agreg\u00f3: \u201ceste tipo de encuentros son fundamentales para\u00a0fortalecer el trabajo colaborativo entre el municipio, los servicios p\u00fablicos, las organizaciones sociales y la comunidad\u201d, precis\u00f3.<\/p>\n<p>La jornada tambi\u00e9n permiti\u00f3 relevar la importancia de continuar generando instancias de capacitaci\u00f3n y encuentro que contribuyan a construir una comuna m\u00e1s cohesionada, promoviendo el respeto, la solidaridad y la dignidad de todas las personas que forman parte de Macul.<\/p>\t\t\t\t\t\t\t\t<\/div>\n\t\t\t\t<\/div>\n\t\t\t\t\t<\/div>\n\t\t<\/div>\n\t\t\t\t<div class=\"has_eae_slider elementor-column elementor-col-50 elementor-top-column elementor-element elementor-element-a006e11\" data-eae-slider=\"22747\" data-id=\"a006e11\" data-element_type=\"column\" data-e-type=\"column\">\n\t\t\t<div class=\"elementor-widget-wrap elementor-element-populated\">\n\t\t\t\t\t\t<div class=\"elementor-element elementor-element-a770d4c elementor-widget elementor-widget-gallery\" data-id=\"a770d4c\" data-element_type=\"widget\" data-e-type=\"widget\" data-settings=\"{&quot;gap&quot;:{&quot;unit&quot;:&quot;px&quot;,&quot;size&quot;:4,&quot;sizes&quot;:[]},&quot;gallery_layout&quot;:&quot;justified&quot;,&quot;lazyload&quot;:&quot;yes&quot;,&quot;ideal_row_height&quot;:{&quot;unit&quot;:&quot;px&quot;,&quot;size&quot;:200,&quot;sizes&quot;:[]},&quot;ideal_row_height_tablet&quot;:{&quot;unit&quot;:&quot;px&quot;,&quot;size&quot;:150,&quot;sizes&quot;:[]},&quot;ideal_row_height_mobile&quot;:{&quot;unit&quot;:&quot;px&quot;,&quot;size&quot;:150,&quot;sizes&quot;:[]},&quot;gap_tablet&quot;:{&quot;unit&quot;:&quot;px&quot;,&quot;size&quot;:10,&quot;sizes&quot;:[]},&quot;gap_mobile&quot;:{&quot;unit&quot;:&quot;px&quot;,&quot;size&quot;:10,&quot;sizes&quot;:[]},&quot;link_to&quot;:&quot;file&quot;,&quot;overlay_background&quot;:&quot;yes&quot;,&quot;content_hover_animation&quot;:&quot;fade-in&quot;}\" data-widget_type=\"gallery.default\">\n\t\t\t\t<div class=\"elementor-widget-container\">\n\t\t\t\t\t\t\t<div class=\"elementor-gallery__container\">\n\t\t\t\t\t\t\t<a class=\"e-gallery-item elementor-gallery-item elementor-animated-content\" href=\"https:\/\/www.munimacul.cl\/portalnv\/wp-content\/uploads\/2026\/09\/6ac49ca5-d312-4657-8915-d96a69a95521.jpg\" data-elementor-open-lightbox=\"yes\" data-elementor-lightbox-slideshow=\"a770d4c\" data-e-action-hash=\"#elementor-action%3Aaction%3Dlightbox%26settings%3DeyJpZCI6NDg3MzksInVybCI6Imh0dHBzOlwvXC93d3cubXVuaW1hY3VsLmNsXC9wb3J0YWxudlwvd3AtY29udGVudFwvdXBsb2Fkc1wvMjAyNlwvMDlcLzZhYzQ5Y2E1LWQzMTItNDY1Ny04OTE1LWQ5NmE2OWE5NTUyMS5qcGciLCJzbGlkZXNob3ciOiJhNzcwZDRjIn0%3D\">\n\t\t\t\t\t<div class=\"e-gallery-image elementor-gallery-item__image\" data-thumbnail=\"https:\/\/www.munimacul.cl\/portalnv\/wp-content\/uploads\/2026\/09\/6ac49ca5-d312-4657-8915-d96a69a95521.jpg\" data-width=\"720\" data-height=\"1280\" aria-label=\"\" role=\"img\" ><\/div>\n\t\t\t\t\t\t\t\t\t\t\t<div class=\"elementor-gallery-item__overlay\"><\/div>\n\t\t\t\t\t\t\t\t\t\t\t\t\t\t<\/a>\n\t\t\t\t\t\t\t<a class=\"e-gallery-item elementor-gallery-item elementor-animated-content\" href=\"https:\/\/www.munimacul.cl\/portalnv\/wp-content\/uploads\/2026\/09\/85d4cd83-3af6-435e-907f-ea44037484d3.jpg\" data-elementor-open-lightbox=\"yes\" data-elementor-lightbox-slideshow=\"a770d4c\" data-e-action-hash=\"#elementor-action%3Aaction%3Dlightbox%26settings%3DeyJpZCI6NDg3NDAsInVybCI6Imh0dHBzOlwvXC93d3cubXVuaW1hY3VsLmNsXC9wb3J0YWxudlwvd3AtY29udGVudFwvdXBsb2Fkc1wvMjAyNlwvMDlcLzg1ZDRjZDgzLTNhZjYtNDM1ZS05MDdmLWVhNDQwMzc0ODRkMy5qcGciLCJzbGlkZXNob3ciOiJhNzcwZDRjIn0%3D\">\n\t\t\t\t\t<div class=\"e-gallery-image elementor-gallery-item__image\" data-thumbnail=\"https:\/\/www.munimacul.cl\/portalnv\/wp-content\/uploads\/2026\/09\/85d4cd83-3af6-435e-907f-ea44037484d3.jpg\" data-width=\"1280\" data-height=\"720\" aria-label=\"\" role=\"img\" ><\/div>\n\t\t\t\t\t\t\t\t\t\t\t<div class=\"elementor-gallery-item__overlay\"><\/div>\n\t\t\t\t\t\t\t\t\t\t\t\t\t\t<\/a>\n\t\t\t\t\t\t\t<a class=\"e-gallery-item elementor-gallery-item elementor-animated-content\" href=\"https:\/\/www.munimacul.cl\/portalnv\/wp-content\/uploads\/2026\/09\/b9208225-577d-46dc-b84b-d0e082ee480a.jpg\" data-elementor-open-lightbox=\"yes\" data-elementor-lightbox-slideshow=\"a770d4c\" data-e-action-hash=\"#elementor-action%3Aaction%3Dlightbox%26settings%3DeyJpZCI6NDg3NDEsInVybCI6Imh0dHBzOlwvXC93d3cubXVuaW1hY3VsLmNsXC9wb3J0YWxudlwvd3AtY29udGVudFwvdXBsb2Fkc1wvMjAyNlwvMDlcL2I5MjA4MjI1LTU3N2QtNDZkYy1iODRiLWQwZTA4MmVlNDgwYS5qcGciLCJzbGlkZXNob3ciOiJhNzcwZDRjIn0%3D\">\n\t\t\t\t\t<div class=\"e-gallery-image elementor-gallery-item__image\" data-thumbnail=\"https:\/\/www.munimacul.cl\/portalnv\/wp-content\/uploads\/2026\/09\/b9208225-577d-46dc-b84b-d0e082ee480a.jpg\" data-width=\"1600\" data-height=\"900\" aria-label=\"\" role=\"img\" ><\/div>\n\t\t\t\t\t\t\t\t\t\t\t<div class=\"elementor-gallery-item__overlay\"><\/div>\n\t\t\t\t\t\t\t\t\t\t\t\t\t\t<\/a>\n\t\t\t\t\t\t\t<a class=\"e-gallery-item elementor-gallery-item elementor-animated-content\" href=\"https:\/\/www.munimacul.cl\/portalnv\/wp-content\/uploads\/2026\/09\/eaf86b0c-004e-4c27-8d1c-21e92ba51fa6.jpg\" data-elementor-open-lightbox=\"yes\" data-elementor-lightbox-slideshow=\"a770d4c\" data-e-action-hash=\"#elementor-action%3Aaction%3Dlightbox%26settings%3DeyJpZCI6NDg3NDIsInVybCI6Imh0dHBzOlwvXC93d3cubXVuaW1hY3VsLmNsXC9wb3J0YWxudlwvd3AtY29udGVudFwvdXBsb2Fkc1wvMjAyNlwvMDlcL2VhZjg2YjBjLTAwNGUtNGMyNy04ZDFjLTIxZTkyYmE1MWZhNi5qcGciLCJzbGlkZXNob3ciOiJhNzcwZDRjIn0%3D\">\n\t\t\t\t\t<div class=\"e-gallery-image elementor-gallery-item__image\" data-thumbnail=\"https:\/\/www.munimacul.cl\/portalnv\/wp-content\/uploads\/2026\/09\/eaf86b0c-004e-4c27-8d1c-21e92ba51fa6.jpg\" data-width=\"1600\" data-height=\"900\" aria-label=\"\" role=\"img\" ><\/div>\n\t\t\t\t\t\t\t\t\t\t\t<div class=\"elementor-gallery-item__overlay\"><\/div>\n\t\t\t\t\t\t\t\t\t\t\t\t\t\t<\/a>\n\t\t\t\t\t\t\t<a class=\"e-gallery-item elementor-gallery-item elementor-animated-content\" href=\"https:\/\/www.munimacul.cl\/portalnv\/wp-content\/uploads\/2026\/09\/ebaa336d-5d6b-4776-9158-c6b926e7319b-1.jpg\" data-elementor-open-lightbox=\"yes\" data-elementor-lightbox-slideshow=\"a770d4c\" data-e-action-hash=\"#elementor-action%3Aaction%3Dlightbox%26settings%3DeyJpZCI6NDg3NDMsInVybCI6Imh0dHBzOlwvXC93d3cubXVuaW1hY3VsLmNsXC9wb3J0YWxudlwvd3AtY29udGVudFwvdXBsb2Fkc1wvMjAyNlwvMDlcL2ViYWEzMzZkLTVkNmItNDc3Ni05MTU4LWM2YjkyNmU3MzE5Yi0xLmpwZyIsInNsaWRlc2hvdyI6ImE3NzBkNGMifQ%3D%3D\">\n\t\t\t\t\t<div class=\"e-gallery-image elementor-gallery-item__image\" data-thumbnail=\"https:\/\/www.munimacul.cl\/portalnv\/wp-content\/uploads\/2026\/09\/ebaa336d-5d6b-4776-9158-c6b926e7319b-1.jpg\" data-width=\"1600\" data-height=\"900\" aria-label=\"\" role=\"img\" ><\/div>\n\t\t\t\t\t\t\t\t\t\t\t<div class=\"elementor-gallery-item__overlay\"><\/div>\n\t\t\t\t\t\t\t\t\t\t\t\t\t\t<\/a>\n\t\t\t\t\t\t\t<a class=\"e-gallery-item elementor-gallery-item elementor-animated-content\" href=\"https:\/\/www.munimacul.cl\/portalnv\/wp-content\/uploads\/2026\/09\/f4d61f64-f030-41f7-bfbd-0d552c8bed59.jpg\" data-elementor-open-lightbox=\"yes\" data-elementor-lightbox-slideshow=\"a770d4c\" data-e-action-hash=\"#elementor-action%3Aaction%3Dlightbox%26settings%3DeyJpZCI6NDg3NDQsInVybCI6Imh0dHBzOlwvXC93d3cubXVuaW1hY3VsLmNsXC9wb3J0YWxudlwvd3AtY29udGVudFwvdXBsb2Fkc1wvMjAyNlwvMDlcL2Y0ZDYxZjY0LWYwMzAtNDFmNy1iZmJkLTBkNTUyYzhiZWQ1OS5qcGciLCJzbGlkZXNob3ciOiJhNzcwZDRjIn0%3D\">\n\t\t\t\t\t<div class=\"e-gallery-image elementor-gallery-item__image\" data-thumbnail=\"https:\/\/www.munimacul.cl\/portalnv\/wp-content\/uploads\/2026\/09\/f4d61f64-f030-41f7-bfbd-0d552c8bed59.jpg\" data-width=\"1600\" data-height=\"900\" aria-label=\"\" role=\"img\" ><\/div>\n\t\t\t\t\t\t\t\t\t\t\t<div class=\"elementor-gallery-item__overlay\"><\/div>\n\t\t\t\t\t\t\t\t\t\t\t\t\t\t<\/a>\n\t\t\t\t\t<\/div>\n\t\t\t\t\t<\/div>\n\t\t\t\t<\/div>\n\t\t\t\t\t<\/div>\n\t\t<\/div>\n\t\t\t\t\t<\/div>\n\t\t<\/section>\n\t\t\t\t<\/div>\n\t\t","protected":false},"excerpt":{"rendered":"<p>Macul fortalece la integraci\u00f3n con seminario sobre migraci\u00f3n y protecci\u00f3n de derechos La Municipalidad de Macul, en conjunto con la Corporaci\u00f3n El Arca, desarroll\u00f3 el seminario \u201cMigraci\u00f3n en Chile \u2013 Normativa, Instituciones y Protecci\u00f3n de Derechos\u201d, instancia orientada a fortalecer los conocimientos y herramientas de funcionarios, organizaciones sociales y la &#8230; <a title=\"Macul fortalece la integraci\u00f3n con seminario sobre migraci\u00f3n y protecci\u00f3n de derechos\" class=\"read-more\" href=\"https:\/\/www.munimacul.cl\/portalnv\/index.php\/2026\/09\/01\/macul-fortalece-la-integracion-con-seminario-sobre-migracion-y-proteccion-de-derechos\/\" aria-label=\"Leer m\u00e1s sobre Macul fortalece la integraci\u00f3n con seminario sobre migraci\u00f3n y protecci\u00f3n de derechos\">Leer m\u00e1s<\/a><\/p>\n","protected":false},"author":11,"featured_media":48738,"comment_status":"closed","ping_status":"closed","sticky":false,"template":"","format":"standard","meta":{"footnotes":""},"categories":[7],"tags":[],"class_list":["post-48736","post","type-post","status-publish","format-standard","has-post-thumbnail","hentry","category-noticias","no-featured-image-padding"],"_links":{"self":[{"href":"https:\/\/www.munimacul.cl\/portalnv\/index.php\/wp-json\/wp\/v2\/posts\/48736","targetHints":{"allow":["GET"]}}],"collection":[{"href":"https:\/\/www.munimacul.cl\/portalnv\/index.php\/wp-json\/wp\/v2\/posts"}],"about":[{"href":"https:\/\/www.munimacul.cl\/portalnv\/index.php\/wp-json\/wp\/v2\/types\/post"}],"author":[{"embeddable":true,"href":"https:\/\/www.munimacul.cl\/portalnv\/index.php\/wp-json\/wp\/v2\/users\/11"}],"replies":[{"embeddable":true,"href":"https:\/\/www.munimacul.cl\/portalnv\/index.php\/wp-json\/wp\/v2\/comments?post=48736"}],"version-history":[{"count":7,"href":"https:\/\/www.munimacul.cl\/portalnv\/index.php\/wp-json\/wp\/v2\/posts\/48736\/revisions"}],"predecessor-version":[{"id":48750,"href":"https:\/\/www.munimacul.cl\/portalnv\/index.php\/wp-json\/wp\/v2\/posts\/48736\/revisions\/48750"}],"wp:featuredmedia":[{"embeddable":true,"href":"https:\/\/www.munimacul.cl\/portalnv\/index.php\/wp-json\/wp\/v2\/media\/48738"}],"wp:attachment":[{"href":"https:\/\/www.munimacul.cl\/portalnv\/index.php\/wp-json\/wp\/v2\/media?parent=48736"}],"wp:term":[{"taxonomy":"category","embeddable":true,"href":"https:\/\/www.munimacul.cl\/portalnv\/index.php\/wp-json\/wp\/v2\/categories?post=48736"},{"taxonomy":"post_tag","embeddable":true,"href":"https:\/\/www.munimacul.cl\/portalnv\/index.php\/wp-json\/wp\/v2\/tags?post=48736"}],"curies":[{"name":"wp","href":"https:\/\/api.w.org\/{rel}","templated":true}]}}