{"id":48817,"date":"2026-09-03T12:31:05","date_gmt":"2026-09-03T16:31:05","guid":{"rendered":"https:\/\/www.munimacul.cl\/portalnv\/?p=48817"},"modified":"2026-09-03T12:34:48","modified_gmt":"2026-09-03T16:34:48","slug":"566-estudiantes-de-macul-recibieron-la-beca-de-educacion-superior-profesor-carlos-herrera-ferrada","status":"publish","type":"post","link":"https:\/\/www.munimacul.cl\/portalnv\/index.php\/2026\/09\/03\/566-estudiantes-de-macul-recibieron-la-beca-de-educacion-superior-profesor-carlos-herrera-ferrada\/","title":{"rendered":"566 estudiantes de Macul recibieron la Beca de Educaci\u00f3n Superior \u201cProfesor Carlos Herrera Ferrada\u201d"},"content":{"rendered":"\t\t<div data-elementor-type=\"wp-post\" data-elementor-id=\"48817\" class=\"elementor elementor-48817\" data-elementor-post-type=\"post\">\n\t\t\t\t\t\t<section class=\"has_eae_slider elementor-section elementor-top-section elementor-element elementor-element-231c81b elementor-section-boxed elementor-section-height-default elementor-section-height-default\" data-eae-slider=\"68916\" data-id=\"231c81b\" data-element_type=\"section\" data-e-type=\"section\" data-settings=\"{&quot;background_background&quot;:&quot;classic&quot;}\">\n\t\t\t\t\t\t<div class=\"elementor-container elementor-column-gap-default\">\n\t\t\t\t\t<div class=\"has_eae_slider elementor-column elementor-col-100 elementor-top-column elementor-element elementor-element-abbeb3f\" data-eae-slider=\"92652\" data-id=\"abbeb3f\" data-element_type=\"column\" data-e-type=\"column\">\n\t\t\t<div class=\"elementor-widget-wrap elementor-element-populated\">\n\t\t\t\t\t\t<div class=\"elementor-element elementor-element-cb70f0d elementor-widget elementor-widget-heading\" data-id=\"cb70f0d\" data-element_type=\"widget\" data-e-type=\"widget\" data-widget_type=\"heading.default\">\n\t\t\t\t<div class=\"elementor-widget-container\">\n\t\t\t\t\t<h2 class=\"elementor-heading-title elementor-size-default\">566 estudiantes de Macul recibieron la Beca de Educaci\u00f3n Superior \u201cProfesor Carlos Herrera Ferrada\u201d<\/h2>\t\t\t\t<\/div>\n\t\t\t\t<\/div>\n\t\t\t\t\t<\/div>\n\t\t<\/div>\n\t\t\t\t\t<\/div>\n\t\t<\/section>\n\t\t\t\t<section class=\"has_eae_slider elementor-section elementor-top-section elementor-element elementor-element-f11d826 elementor-section-boxed elementor-section-height-default elementor-section-height-default\" data-eae-slider=\"641\" data-id=\"f11d826\" data-element_type=\"section\" data-e-type=\"section\">\n\t\t\t\t\t\t<div class=\"elementor-container elementor-column-gap-default\">\n\t\t\t\t\t<div class=\"has_eae_slider elementor-column elementor-col-50 elementor-top-column elementor-element elementor-element-491eed6\" data-eae-slider=\"63965\" data-id=\"491eed6\" data-element_type=\"column\" data-e-type=\"column\">\n\t\t\t<div class=\"elementor-widget-wrap elementor-element-populated\">\n\t\t\t\t\t\t<div class=\"elementor-element elementor-element-97e6873 elementor-widget elementor-widget-text-editor\" data-id=\"97e6873\" data-element_type=\"widget\" data-e-type=\"widget\" data-widget_type=\"text-editor.default\">\n\t\t\t\t<div class=\"elementor-widget-container\">\n\t\t\t\t\t\t\t\t\t<p><em><strong>La ceremonia se realiz\u00f3 el 28 de agosto y contempl\u00f3 un aporte \u00fanico de $150 mil para cada estudiante, como parte del programa municipal \u201cMacul te apoya\u201d.<\/strong><\/em><\/p>\n<p>El pasado\u00a028 de agosto\u00a0se realiz\u00f3 la ceremonia de entrega de la\u00a0Beca de Educaci\u00f3n Superior \u201cProfesor Carlos Herrera Ferrada\u201d, beneficio que durante este a\u00f1o favoreci\u00f3 a\u00a0566 estudiantes de educaci\u00f3n superior de la comuna de Macul.<\/p>\n<p>La iniciativa contempl\u00f3 un aporte \u00fanico de\u00a0$150 mil por estudiante, destinado a apoyar los distintos gastos asociados a la educaci\u00f3n superior y contribuir a la permanencia de los j\u00f3venes en sus carreras. El beneficio se enmarc\u00f3 en el programa municipal\u00a0\u201cMacul te apoya\u201d\u00a0y fue impulsado por la gesti\u00f3n del alcalde\u00a0Eduardo Espinoza Gaete, junto al Honorable Concejo Municipal.<\/p>\n<p>Durante la ceremonia, el alcalde de Macul destac\u00f3 el esfuerzo de los estudiantes y los incentiv\u00f3 a continuar trabajando por sus metas y proyectos de vida.<\/p>\n<p>\u201cCada uno de ustedes tiene un sue\u00f1o por cumplir y este apoyo busc\u00f3 acompa\u00f1arlos en ese camino. Los invitamos a seguir esforz\u00e1ndose, a no bajar los brazos y a confiar en sus capacidades, porque con perseverancia y dedicaci\u00f3n podr\u00e1n alcanzar sus sue\u00f1os y convertirse en los profesionales que quieren ser\u201d, se\u00f1al\u00f3.<\/p>\n<p>La jornada tambi\u00e9n permiti\u00f3 mantener viva la memoria de\u00a0Carlos Herrera Ferrada, destacado educador y exconcejal de Macul, cuyo legado qued\u00f3 reflejado en este apoyo dirigido a las nuevas generaciones.<\/p>\n<p>Uno de los momentos destacados fue el testimonio de\u00a0Renatta Van Den Bosch, egresada del Liceo N.\u00ba 1 Javiera Carrera y estudiante de Medicina de la Universidad Finis Terrae, quien comparti\u00f3 su experiencia como beneficiaria en representaci\u00f3n de los estudiantes favorecidos.<\/p>\n<p>De esta manera, los\u00a0566 estudiantes beneficiarios\u00a0recibieron un respaldo econ\u00f3mico que busca acompa\u00f1arlos durante la segunda mitad del a\u00f1o y ayudarlos a continuar avanzando hacia sus metas profesionales, con la mirada puesta en un objetivo com\u00fan:\u00a0alcanzar sus sue\u00f1os y construir un mejor futuro.<\/p>\t\t\t\t\t\t\t\t<\/div>\n\t\t\t\t<\/div>\n\t\t\t\t\t<\/div>\n\t\t<\/div>\n\t\t\t\t<div class=\"has_eae_slider elementor-column elementor-col-50 elementor-top-column elementor-element elementor-element-a006e11\" data-eae-slider=\"29169\" data-id=\"a006e11\" data-element_type=\"column\" data-e-type=\"column\">\n\t\t\t<div class=\"elementor-widget-wrap elementor-element-populated\">\n\t\t\t\t\t\t<div class=\"elementor-element elementor-element-a770d4c elementor-widget elementor-widget-gallery\" data-id=\"a770d4c\" data-element_type=\"widget\" data-e-type=\"widget\" data-settings=\"{&quot;columns&quot;:1,&quot;gap&quot;:{&quot;unit&quot;:&quot;px&quot;,&quot;size&quot;:4,&quot;sizes&quot;:[]},&quot;gallery_layout&quot;:&quot;masonry&quot;,&quot;lazyload&quot;:&quot;yes&quot;,&quot;columns_tablet&quot;:2,&quot;columns_mobile&quot;:1,&quot;gap_tablet&quot;:{&quot;unit&quot;:&quot;px&quot;,&quot;size&quot;:10,&quot;sizes&quot;:[]},&quot;gap_mobile&quot;:{&quot;unit&quot;:&quot;px&quot;,&quot;size&quot;:10,&quot;sizes&quot;:[]},&quot;link_to&quot;:&quot;file&quot;,&quot;overlay_background&quot;:&quot;yes&quot;,&quot;content_hover_animation&quot;:&quot;fade-in&quot;}\" data-widget_type=\"gallery.default\">\n\t\t\t\t<div class=\"elementor-widget-container\">\n\t\t\t\t\t\t\t<div class=\"elementor-gallery__container\">\n\t\t\t\t\t\t\t<a class=\"e-gallery-item elementor-gallery-item elementor-animated-content\" href=\"https:\/\/www.munimacul.cl\/portalnv\/wp-content\/uploads\/2026\/09\/57b29328-42cf-4303-bd05-e1a6f4f9b840.jpg\" data-elementor-open-lightbox=\"yes\" data-elementor-lightbox-slideshow=\"a770d4c\" data-e-action-hash=\"#elementor-action%3Aaction%3Dlightbox%26settings%3DeyJpZCI6NDg4MjAsInVybCI6Imh0dHBzOlwvXC93d3cubXVuaW1hY3VsLmNsXC9wb3J0YWxudlwvd3AtY29udGVudFwvdXBsb2Fkc1wvMjAyNlwvMDlcLzU3YjI5MzI4LTQyY2YtNDMwMy1iZDA1LWUxYTZmNGY5Yjg0MC5qcGciLCJzbGlkZXNob3ciOiJhNzcwZDRjIn0%3D\">\n\t\t\t\t\t<div class=\"e-gallery-image elementor-gallery-item__image\" data-thumbnail=\"https:\/\/www.munimacul.cl\/portalnv\/wp-content\/uploads\/2026\/09\/57b29328-42cf-4303-bd05-e1a6f4f9b840.jpg\" data-width=\"1600\" data-height=\"900\" aria-label=\"\" role=\"img\" ><\/div>\n\t\t\t\t\t\t\t\t\t\t\t<div class=\"elementor-gallery-item__overlay\"><\/div>\n\t\t\t\t\t\t\t\t\t\t\t\t\t\t<\/a>\n\t\t\t\t\t\t\t<a class=\"e-gallery-item elementor-gallery-item elementor-animated-content\" href=\"https:\/\/www.munimacul.cl\/portalnv\/wp-content\/uploads\/2026\/09\/80afd303-c755-4d30-8550-2f9c392fe2bb.jpg\" data-elementor-open-lightbox=\"yes\" data-elementor-lightbox-slideshow=\"a770d4c\" data-e-action-hash=\"#elementor-action%3Aaction%3Dlightbox%26settings%3DeyJpZCI6NDg4MjEsInVybCI6Imh0dHBzOlwvXC93d3cubXVuaW1hY3VsLmNsXC9wb3J0YWxudlwvd3AtY29udGVudFwvdXBsb2Fkc1wvMjAyNlwvMDlcLzgwYWZkMzAzLWM3NTUtNGQzMC04NTUwLTJmOWMzOTJmZTJiYi5qcGciLCJzbGlkZXNob3ciOiJhNzcwZDRjIn0%3D\">\n\t\t\t\t\t<div class=\"e-gallery-image elementor-gallery-item__image\" data-thumbnail=\"https:\/\/www.munimacul.cl\/portalnv\/wp-content\/uploads\/2026\/09\/80afd303-c755-4d30-8550-2f9c392fe2bb.jpg\" data-width=\"1600\" data-height=\"900\" aria-label=\"\" role=\"img\" ><\/div>\n\t\t\t\t\t\t\t\t\t\t\t<div class=\"elementor-gallery-item__overlay\"><\/div>\n\t\t\t\t\t\t\t\t\t\t\t\t\t\t<\/a>\n\t\t\t\t\t\t\t<a class=\"e-gallery-item elementor-gallery-item elementor-animated-content\" href=\"https:\/\/www.munimacul.cl\/portalnv\/wp-content\/uploads\/2026\/09\/387f3ff5-f012-4b88-b3e3-a10e71a8b17a.jpg\" data-elementor-open-lightbox=\"yes\" data-elementor-lightbox-slideshow=\"a770d4c\" data-e-action-hash=\"#elementor-action%3Aaction%3Dlightbox%26settings%3DeyJpZCI6NDg4MjIsInVybCI6Imh0dHBzOlwvXC93d3cubXVuaW1hY3VsLmNsXC9wb3J0YWxudlwvd3AtY29udGVudFwvdXBsb2Fkc1wvMjAyNlwvMDlcLzM4N2YzZmY1LWYwMTItNGI4OC1iM2UzLWExMGU3MWE4YjE3YS5qcGciLCJzbGlkZXNob3ciOiJhNzcwZDRjIn0%3D\">\n\t\t\t\t\t<div class=\"e-gallery-image elementor-gallery-item__image\" data-thumbnail=\"https:\/\/www.munimacul.cl\/portalnv\/wp-content\/uploads\/2026\/09\/387f3ff5-f012-4b88-b3e3-a10e71a8b17a.jpg\" data-width=\"1600\" data-height=\"900\" aria-label=\"\" role=\"img\" ><\/div>\n\t\t\t\t\t\t\t\t\t\t\t<div class=\"elementor-gallery-item__overlay\"><\/div>\n\t\t\t\t\t\t\t\t\t\t\t\t\t\t<\/a>\n\t\t\t\t\t\t\t<a class=\"e-gallery-item elementor-gallery-item elementor-animated-content\" href=\"https:\/\/www.munimacul.cl\/portalnv\/wp-content\/uploads\/2026\/09\/acd21501-2ed8-4920-a539-cccc96c0e6bc.jpg\" data-elementor-open-lightbox=\"yes\" data-elementor-lightbox-slideshow=\"a770d4c\" data-e-action-hash=\"#elementor-action%3Aaction%3Dlightbox%26settings%3DeyJpZCI6NDg4MjMsInVybCI6Imh0dHBzOlwvXC93d3cubXVuaW1hY3VsLmNsXC9wb3J0YWxudlwvd3AtY29udGVudFwvdXBsb2Fkc1wvMjAyNlwvMDlcL2FjZDIxNTAxLTJlZDgtNDkyMC1hNTM5LWNjY2M5NmMwZTZiYy5qcGciLCJzbGlkZXNob3ciOiJhNzcwZDRjIn0%3D\">\n\t\t\t\t\t<div class=\"e-gallery-image elementor-gallery-item__image\" data-thumbnail=\"https:\/\/www.munimacul.cl\/portalnv\/wp-content\/uploads\/2026\/09\/acd21501-2ed8-4920-a539-cccc96c0e6bc.jpg\" data-width=\"1600\" data-height=\"900\" aria-label=\"\" role=\"img\" ><\/div>\n\t\t\t\t\t\t\t\t\t\t\t<div class=\"elementor-gallery-item__overlay\"><\/div>\n\t\t\t\t\t\t\t\t\t\t\t\t\t\t<\/a>\n\t\t\t\t\t\t\t<a class=\"e-gallery-item elementor-gallery-item elementor-animated-content\" href=\"https:\/\/www.munimacul.cl\/portalnv\/wp-content\/uploads\/2026\/09\/c47d0b09-1505-4c7f-a99e-70bd000eccfe-1.jpg\" data-elementor-open-lightbox=\"yes\" data-elementor-lightbox-slideshow=\"a770d4c\" data-e-action-hash=\"#elementor-action%3Aaction%3Dlightbox%26settings%3DeyJpZCI6NDg4MjQsInVybCI6Imh0dHBzOlwvXC93d3cubXVuaW1hY3VsLmNsXC9wb3J0YWxudlwvd3AtY29udGVudFwvdXBsb2Fkc1wvMjAyNlwvMDlcL2M0N2QwYjA5LTE1MDUtNGM3Zi1hOTllLTcwYmQwMDBlY2NmZS0xLmpwZyIsInNsaWRlc2hvdyI6ImE3NzBkNGMifQ%3D%3D\">\n\t\t\t\t\t<div class=\"e-gallery-image elementor-gallery-item__image\" data-thumbnail=\"https:\/\/www.munimacul.cl\/portalnv\/wp-content\/uploads\/2026\/09\/c47d0b09-1505-4c7f-a99e-70bd000eccfe-1.jpg\" data-width=\"1600\" data-height=\"900\" aria-label=\"\" role=\"img\" ><\/div>\n\t\t\t\t\t\t\t\t\t\t\t<div class=\"elementor-gallery-item__overlay\"><\/div>\n\t\t\t\t\t\t\t\t\t\t\t\t\t\t<\/a>\n\t\t\t\t\t<\/div>\n\t\t\t\t\t<\/div>\n\t\t\t\t<\/div>\n\t\t\t\t\t<\/div>\n\t\t<\/div>\n\t\t\t\t\t<\/div>\n\t\t<\/section>\n\t\t\t\t<\/div>\n\t\t","protected":false},"excerpt":{"rendered":"<p>566 estudiantes de Macul recibieron la Beca de Educaci\u00f3n Superior \u201cProfesor Carlos Herrera Ferrada\u201d La ceremonia se realiz\u00f3 el 28 de agosto y contempl\u00f3 un aporte \u00fanico de $150 mil para cada estudiante, como parte del programa municipal \u201cMacul te apoya\u201d. El pasado\u00a028 de agosto\u00a0se realiz\u00f3 la ceremonia de entrega &#8230; <a title=\"566 estudiantes de Macul recibieron la Beca de Educaci\u00f3n Superior \u201cProfesor Carlos Herrera Ferrada\u201d\" class=\"read-more\" href=\"https:\/\/www.munimacul.cl\/portalnv\/index.php\/2026\/09\/03\/566-estudiantes-de-macul-recibieron-la-beca-de-educacion-superior-profesor-carlos-herrera-ferrada\/\" aria-label=\"Leer m\u00e1s sobre 566 estudiantes de Macul recibieron la Beca de Educaci\u00f3n Superior \u201cProfesor Carlos Herrera Ferrada\u201d\">Leer m\u00e1s<\/a><\/p>\n","protected":false},"author":11,"featured_media":48818,"comment_status":"closed","ping_status":"closed","sticky":false,"template":"","format":"standard","meta":{"footnotes":""},"categories":[7],"tags":[],"class_list":["post-48817","post","type-post","status-publish","format-standard","has-post-thumbnail","hentry","category-noticias","no-featured-image-padding"],"_links":{"self":[{"href":"https:\/\/www.munimacul.cl\/portalnv\/index.php\/wp-json\/wp\/v2\/posts\/48817","targetHints":{"allow":["GET"]}}],"collection":[{"href":"https:\/\/www.munimacul.cl\/portalnv\/index.php\/wp-json\/wp\/v2\/posts"}],"about":[{"href":"https:\/\/www.munimacul.cl\/portalnv\/index.php\/wp-json\/wp\/v2\/types\/post"}],"author":[{"embeddable":true,"href":"https:\/\/www.munimacul.cl\/portalnv\/index.php\/wp-json\/wp\/v2\/users\/11"}],"replies":[{"embeddable":true,"href":"https:\/\/www.munimacul.cl\/portalnv\/index.php\/wp-json\/wp\/v2\/comments?post=48817"}],"version-history":[{"count":4,"href":"https:\/\/www.munimacul.cl\/portalnv\/index.php\/wp-json\/wp\/v2\/posts\/48817\/revisions"}],"predecessor-version":[{"id":48827,"href":"https:\/\/www.munimacul.cl\/portalnv\/index.php\/wp-json\/wp\/v2\/posts\/48817\/revisions\/48827"}],"wp:featuredmedia":[{"embeddable":true,"href":"https:\/\/www.munimacul.cl\/portalnv\/index.php\/wp-json\/wp\/v2\/media\/48818"}],"wp:attachment":[{"href":"https:\/\/www.munimacul.cl\/portalnv\/index.php\/wp-json\/wp\/v2\/media?parent=48817"}],"wp:term":[{"taxonomy":"category","embeddable":true,"href":"https:\/\/www.munimacul.cl\/portalnv\/index.php\/wp-json\/wp\/v2\/categories?post=48817"},{"taxonomy":"post_tag","embeddable":true,"href":"https:\/\/www.munimacul.cl\/portalnv\/index.php\/wp-json\/wp\/v2\/tags?post=48817"}],"curies":[{"name":"wp","href":"https:\/\/api.w.org\/{rel}","templated":true}]}}